{"id":121114,"date":"2024-03-13T15:00:30","date_gmt":"2024-03-13T18:00:30","guid":{"rendered":"https:\/\/www.24baires.com\/?p=121114"},"modified":"2024-03-13T15:00:30","modified_gmt":"2024-03-13T18:00:30","slug":"universidades-van-al-paro-y-salen-a-la-calle-en-defensa-de-la-educacion-publica","status":"publish","type":"post","link":"https:\/\/www.24baires.com\/?p=121114","title":{"rendered":"Universidades van al paro y salen a la calle en defensa de la educaci\u00f3n p\u00fablica"},"content":{"rendered":"<p><img data-recalc-dims=\"1\" loading=\"lazy\" decoding=\"async\" class=\"aligncenter wp-image-101492\" src=\"https:\/\/i0.wp.com\/www.24baires.com\/wp-content\/uploads\/2018\/04\/docentes-universitarios.jpg?resize=720%2C480\" alt=\"\" width=\"720\" height=\"480\" srcset=\"https:\/\/i0.wp.com\/www.24baires.com\/wp-content\/uploads\/2018\/04\/docentes-universitarios.jpg?w=560&amp;ssl=1 560w, https:\/\/i0.wp.com\/www.24baires.com\/wp-content\/uploads\/2018\/04\/docentes-universitarios.jpg?resize=300%2C200&amp;ssl=1 300w\" sizes=\"auto, (max-width: 720px) 100vw, 720px\" \/>En el marco del paro nacional, habr\u00e1 actividades de visibilizaci\u00f3n en ciudades bonaerenses donde funcionan universidades.<!--more--><\/p>\n<p>El paro nacional en las universidades p\u00fablicas previsto para este jueves se sentir\u00e1 en numerosas ciudades bonaerenses que son sedes de unidades acad\u00e9micas. Las protestas contra el feroz recorte universitario y el descr\u00e9dito a la actividad cient\u00edfica que pregona Javier Milei no se limitar\u00e1n a los campus y se visibilizar\u00e1n de cara a las comunidades.<\/p>\n<p>La actividad central es impulsada por el Frente Sindical de las Universidades Nacionales -integrada por CONADU, CONADU hist\u00f3rica, FEDUN, FADGUT, UDA, CTERA Y FATUN- que re\u00fane a docentes y no docentes y consistir\u00e1 en un paro por 24 horas.<\/p>\n<p>Sin embargo, las acciones en defensa de la educaci\u00f3n p\u00fablica no se limitar\u00e1n a la suspensi\u00f3n de clases e incluir\u00e1n numerosas protestas y acciones de visualizaci\u00f3n de la grave situaci\u00f3n financiera que atraviesa la educaci\u00f3n p\u00fablica y que llev\u00f3 a algunas universidades a declararse en estado de emergencia econ\u00f3mica.<\/p>\n","protected":false},"excerpt":{"rendered":"<p>En el marco del paro nacional, habr\u00e1 actividades de visibilizaci\u00f3n en ciudades bonaerenses donde funcionan universidades.<\/p>\n","protected":false},"author":8,"featured_media":0,"comment_status":"closed","ping_status":"closed","sticky":false,"template":"","format":"standard","meta":{"_jetpack_newsletter_access":"","_jetpack_dont_email_post_to_subs":false,"_jetpack_newsletter_tier_id":0,"_jetpack_memberships_contains_paywalled_content":false,"_jetpack_memberships_contains_paid_content":false,"footnotes":""},"categories":[1],"tags":[],"class_list":["post-121114","post","type-post","status-publish","format-standard","hentry","category-sociedad"],"jetpack_featured_media_url":"","jetpack_shortlink":"https:\/\/wp.me\/p2JWE0-vvs","jetpack-related-posts":[{"id":103776,"url":"https:\/\/www.24baires.com\/?p=103776","url_meta":{"origin":121114,"position":0},"title":"Docentes universitarios: en Mar del Plata proponen seguir el paro","author":"GB","date":"09\/08\/2018","format":false,"excerpt":"La propuesta aprobada contempla mantener la medida de fuerza durante toda la pr\u00f3xima semana. Este viernes se definir\u00e1 en el plenario de secretarios generales de Conadu. El paro que llevan a cabo durante toda esta semana los docentes universitarios ante la falta de acuerdo salarial podr\u00eda extenderse tambi\u00e9n durante toda\u2026","rel":"","context":"En \u00abLocales\u00bb","block_context":{"text":"Locales","link":"https:\/\/www.24baires.com\/?cat=38"},"img":{"alt_text":"","src":"https:\/\/i0.wp.com\/www.24baires.com\/wp-content\/uploads\/2018\/04\/docentes-universitarios-300x200.jpg?resize=350%2C200","width":350,"height":200},"classes":[]},{"id":106913,"url":"https:\/\/www.24baires.com\/?p=106913","url_meta":{"origin":121114,"position":1},"title":"Docentes universitarios realizar\u00e1n un paro de 72 horas en reclamo de recomposici\u00f3n salarial","author":"GB","date":"20\/02\/2019","format":false,"excerpt":"La Federaci\u00f3n Nacional de Docentes Universitarios (CONADU) resolvi\u00f3 realizar la medida de fuerza en todo el pa\u00eds y eval\u00faan realizar una movilizaci\u00f3n. La Federaci\u00f3n Nacional de Docentes Universitarios (CONADU) decidi\u00f3 llevar a cabo un paro en todo el pa\u00eds los d\u00edas 6, 7 y 8 de marzo, entre otras acciones.\u2026","rel":"","context":"En \u00abPol\u00edtica\u00bb","block_context":{"text":"Pol\u00edtica","link":"https:\/\/www.24baires.com\/?cat=51"},"img":{"alt_text":"","src":"https:\/\/i0.wp.com\/www.24baires.com\/wp-content\/uploads\/2018\/06\/docentes-en-lucha.jpg?resize=350%2C200","width":350,"height":200,"srcset":"https:\/\/i0.wp.com\/www.24baires.com\/wp-content\/uploads\/2018\/06\/docentes-en-lucha.jpg?resize=350%2C200 1x, https:\/\/i0.wp.com\/www.24baires.com\/wp-content\/uploads\/2018\/06\/docentes-en-lucha.jpg?resize=525%2C300 1.5x"},"classes":[]},{"id":93064,"url":"https:\/\/www.24baires.com\/?p=93064","url_meta":{"origin":121114,"position":2},"title":"El conflicto docente se extiende a las universidades: parar\u00e1n 48 horas","author":"GB","date":"14\/03\/2017","format":false,"excerpt":"Los gremios reclaman una recomposici\u00f3n salarial del 35% pero Educaci\u00f3n s\u00f3lo ofrece empatar, mes a mes, lo que marque el INDEC. Denuncian adem\u00e1s que hasta el momento el ministro Esteban Bullrich no particip\u00f3 de las reuniones paritarias. En medio del conflicto que abri\u00f3 la negativa del ministro de Educaci\u00f3n de\u2026","rel":"","context":"En \u00abSociedad\u00bb","block_context":{"text":"Sociedad","link":"https:\/\/www.24baires.com\/?cat=1"},"img":{"alt_text":"","src":"https:\/\/i0.wp.com\/www.24baires.com\/wp-content\/uploads\/2016\/05\/universitarios.jpg?resize=350%2C200","width":350,"height":200,"srcset":"https:\/\/i0.wp.com\/www.24baires.com\/wp-content\/uploads\/2016\/05\/universitarios.jpg?resize=350%2C200 1x, https:\/\/i0.wp.com\/www.24baires.com\/wp-content\/uploads\/2016\/05\/universitarios.jpg?resize=525%2C300 1.5x"},"classes":[]},{"id":102896,"url":"https:\/\/www.24baires.com\/?p=102896","url_meta":{"origin":121114,"position":3},"title":"Con un plebiscito los docentes universitarios deciden si inician o no las clases despu\u00e9s de las vacaciones","author":"GB","date":"21\/06\/2018","format":false,"excerpt":"Los profesores adheridos a Conadu y Conadu Hist\u00f3rica votar\u00e1n de qu\u00e9 manera contin\u00faan con el reclamo de aumento. Adem\u00e1s adhieren al paro general del pr\u00f3ximo lunes 25 de junio. Piden un incremento salarial del 25 por ciento con cl\u00e1usula gatillo. Podr\u00edan no iniciar las clases despu\u00e9s del receso de invierno.\u2026","rel":"","context":"En \u00abSociedad\u00bb","block_context":{"text":"Sociedad","link":"https:\/\/www.24baires.com\/?cat=1"},"img":{"alt_text":"","src":"https:\/\/i0.wp.com\/www.24baires.com\/wp-content\/uploads\/2018\/06\/docentes-en-lucha.jpg?resize=350%2C200","width":350,"height":200,"srcset":"https:\/\/i0.wp.com\/www.24baires.com\/wp-content\/uploads\/2018\/06\/docentes-en-lucha.jpg?resize=350%2C200 1x, https:\/\/i0.wp.com\/www.24baires.com\/wp-content\/uploads\/2018\/06\/docentes-en-lucha.jpg?resize=525%2C300 1.5x"},"classes":[]},{"id":102678,"url":"https:\/\/www.24baires.com\/?p=102678","url_meta":{"origin":121114,"position":4},"title":"Docentes universitarios llevan adelante la Semana Nacional de Lucha","author":"GB","date":"12\/06\/2018","format":false,"excerpt":"El reclamo incluye un 25 por ciento de aumento salarial con cl\u00e1usula gatillo, jerarquizaci\u00f3n y mayor presupuesto para la educaci\u00f3n, la ciencia y la tecnolog\u00eda. Habr\u00e1 paros durante la jornada de hoy, el jueves y el viernes. A d\u00edas de cumplirse cien a\u00f1os de la Reforma Universitaria, los docentes llevan\u2026","rel":"","context":"En \u00abPol\u00edtica\u00bb","block_context":{"text":"Pol\u00edtica","link":"https:\/\/www.24baires.com\/?cat=51"},"img":{"alt_text":"","src":"https:\/\/i0.wp.com\/www.24baires.com\/wp-content\/uploads\/2018\/04\/docentes-universitarios.jpg?resize=350%2C200","width":350,"height":200,"srcset":"https:\/\/i0.wp.com\/www.24baires.com\/wp-content\/uploads\/2018\/04\/docentes-universitarios.jpg?resize=350%2C200 1x, https:\/\/i0.wp.com\/www.24baires.com\/wp-content\/uploads\/2018\/04\/docentes-universitarios.jpg?resize=525%2C300 1.5x"},"classes":[]},{"id":81961,"url":"https:\/\/www.24baires.com\/?p=81961","url_meta":{"origin":121114,"position":5},"title":"Docentes universitarios paran luego de rechazar la oferta salarial del Gobierno","author":"AF","date":"27\/04\/2016","format":false,"excerpt":"Los profesores de la universidad p\u00fablica consideran inaceptable la propuesta de la Naci\u00f3n en la paritaria. Sigue el paro hasta el viernes. Cr\u00edticas a Esteban Bullrich. En el marco del paro nacional de una semana que lleva adelante con alta adhesi\u00f3n la CONADU Hist\u00f3rica, se realiz\u00f3 una nueva reuni\u00f3n para\u2026","rel":"","context":"En \u00abSociedad\u00bb","block_context":{"text":"Sociedad","link":"https:\/\/www.24baires.com\/?cat=1"},"img":{"alt_text":"","src":"","width":0,"height":0},"classes":[]}],"jetpack_sharing_enabled":true,"jetpack_likes_enabled":true,"_links":{"self":[{"href":"https:\/\/www.24baires.com\/index.php?rest_route=\/wp\/v2\/posts\/121114","targetHints":{"allow":["GET"]}}],"collection":[{"href":"https:\/\/www.24baires.com\/index.php?rest_route=\/wp\/v2\/posts"}],"about":[{"href":"https:\/\/www.24baires.com\/index.php?rest_route=\/wp\/v2\/types\/post"}],"author":[{"embeddable":true,"href":"https:\/\/www.24baires.com\/index.php?rest_route=\/wp\/v2\/users\/8"}],"replies":[{"embeddable":true,"href":"https:\/\/www.24baires.com\/index.php?rest_route=%2Fwp%2Fv2%2Fcomments&post=121114"}],"version-history":[{"count":1,"href":"https:\/\/www.24baires.com\/index.php?rest_route=\/wp\/v2\/posts\/121114\/revisions"}],"predecessor-version":[{"id":121115,"href":"https:\/\/www.24baires.com\/index.php?rest_route=\/wp\/v2\/posts\/121114\/revisions\/121115"}],"wp:attachment":[{"href":"https:\/\/www.24baires.com\/index.php?rest_route=%2Fwp%2Fv2%2Fmedia&parent=121114"}],"wp:term":[{"taxonomy":"category","embeddable":true,"href":"https:\/\/www.24baires.com\/index.php?rest_route=%2Fwp%2Fv2%2Fcategories&post=121114"},{"taxonomy":"post_tag","embeddable":true,"href":"https:\/\/www.24baires.com\/index.php?rest_route=%2Fwp%2Fv2%2Ftags&post=121114"}],"curies":[{"name":"wp","href":"https:\/\/api.w.org\/{rel}","templated":true}]}}