{"id":121110,"date":"2024-03-13T06:44:54","date_gmt":"2024-03-13T09:44:54","guid":{"rendered":"https:\/\/www.24baires.com\/?p=121110"},"modified":"2024-03-13T06:44:54","modified_gmt":"2024-03-13T09:44:54","slug":"tras-fracasar-la-paritaria-salarial-la-uta-comienza-un-paro-de-48-horas-en-el-interior-del-pais","status":"publish","type":"post","link":"https:\/\/www.24baires.com\/?p=121110","title":{"rendered":"Tras fracasar la paritaria salarial, la UTA comienza un paro de 48 horas en el interior del pa\u00eds"},"content":{"rendered":"<p><img data-recalc-dims=\"1\" loading=\"lazy\" decoding=\"async\" class=\"aligncenter wp-image-121111\" src=\"https:\/\/i0.wp.com\/www.24baires.com\/wp-content\/uploads\/2024\/03\/colectivos.webp?resize=720%2C408\" alt=\"\" width=\"720\" height=\"408\" srcset=\"https:\/\/i0.wp.com\/www.24baires.com\/wp-content\/uploads\/2024\/03\/colectivos.webp?w=800&amp;ssl=1 800w, https:\/\/i0.wp.com\/www.24baires.com\/wp-content\/uploads\/2024\/03\/colectivos.webp?resize=300%2C170&amp;ssl=1 300w, https:\/\/i0.wp.com\/www.24baires.com\/wp-content\/uploads\/2024\/03\/colectivos.webp?resize=768%2C435&amp;ssl=1 768w\" sizes=\"auto, (max-width: 720px) 100vw, 720px\" \/>La Uni\u00f3n Tranviarios Automotor (UTA) anunci\u00f3 un paro de colectivos en el interior del pa\u00eds ante la falta de acuerdo paritario con los empresarios del sector.<!--more--><\/p>\n<p>La Uni\u00f3n Tranviarios Automotor (UTA) anunci\u00f3 un paro de colectivos en el interior del pa\u00eds, tras fracasar en la audiencia con la Federaci\u00f3n Argentina de Transportadores de Automotor de Pasajeros (FATAP).<\/p>\n<p>Mediante un comunicado, desde la UTA se\u00f1alaron: \u201cEl salario no es un costo, por lo tanto, no corresponde intentar una baja como ahora pareciera insinuar la patronal empresaria\u201d, y exigieron \u201calcanzar un acuerdo sectorial acorde a la pretensi\u00f3n expresada\u201d.<\/p>\n<p>En efecto, el gremio que conduce Roberto Fern\u00e1ndez va al paro por 48 horas los d\u00edas 13 y 14 de marzo, y aclararon que \u201cse ha arribado a acuerdos locales en distintas jurisdicciones del interior, con el mismo incremento salarial que el alcanzado para el AMBA, garantizando as\u00ed el salario digno y asegurando la paz social\u201d.<\/p>\n<p>Es decir, un salario inicial conformado de $597.000 como m\u00ednimo para enero y de $737.000 como m\u00ednimo para febrero, con un aumento proporcional en vi\u00e1ticos y reintegro de gastos.<\/p>\n","protected":false},"excerpt":{"rendered":"<p>La Uni\u00f3n Tranviarios Automotor (UTA) anunci\u00f3 un paro de colectivos en el interior del pa\u00eds ante la falta de acuerdo paritario con los empresarios del sector.<\/p>\n","protected":false},"author":8,"featured_media":0,"comment_status":"closed","ping_status":"closed","sticky":false,"template":"","format":"standard","meta":{"_jetpack_newsletter_access":"","_jetpack_dont_email_post_to_subs":false,"_jetpack_newsletter_tier_id":0,"_jetpack_memberships_contains_paywalled_content":false,"_jetpack_memberships_contains_paid_content":false,"footnotes":""},"categories":[1],"tags":[],"class_list":["post-121110","post","type-post","status-publish","format-standard","hentry","category-sociedad"],"jetpack_featured_media_url":"","jetpack_shortlink":"https:\/\/wp.me\/p2JWE0-vvo","jetpack-related-posts":[{"id":121074,"url":"https:\/\/www.24baires.com\/?p=121074","url_meta":{"origin":121110,"position":0},"title":"Rige el paro de colectivos en el interior del pa\u00eds","author":"GB","date":"05\/03\/2024","format":false,"excerpt":"Tras una semana donde las medidas de fuerza alcanzaron a los ferroviarios y a los aeron\u00e1uticos, ahora la UTA anunci\u00f3 un paro de colectivos Termina una semana ca\u00f3tica para el transporte p\u00fablico, donde se vieron afectados los servicios ferroviarios y aeron\u00e1uticos, ahora, la Uni\u00f3n Tranviarios Automotor (UTA) tambi\u00e9n anunci\u00f3 un\u2026","rel":"","context":"En \u00abPol\u00edtica\u00bb","block_context":{"text":"Pol\u00edtica","link":"https:\/\/www.24baires.com\/?cat=51"},"img":{"alt_text":"","src":"https:\/\/i0.wp.com\/www.24baires.com\/wp-content\/uploads\/2013\/10\/colectivos-mdp.jpg?resize=350%2C200","width":350,"height":200,"srcset":"https:\/\/i0.wp.com\/www.24baires.com\/wp-content\/uploads\/2013\/10\/colectivos-mdp.jpg?resize=350%2C200 1x, https:\/\/i0.wp.com\/www.24baires.com\/wp-content\/uploads\/2013\/10\/colectivos-mdp.jpg?resize=525%2C300 1.5x, https:\/\/i0.wp.com\/www.24baires.com\/wp-content\/uploads\/2013\/10\/colectivos-mdp.jpg?resize=700%2C400 2x"},"classes":[]},{"id":121050,"url":"https:\/\/www.24baires.com\/?p=121050","url_meta":{"origin":121110,"position":1},"title":"La UTA anunci\u00f3 un paro de colectivos para el pr\u00f3ximo martes","author":"GB","date":"29\/02\/2024","format":false,"excerpt":"Tras una semana donde las medidas de fuerza alcanzaron a los ferroviarios y a los aeron\u00e1uticos, ahora la UTA anunci\u00f3 un paro de colectivos Termina una semana ca\u00f3tica para el transporte p\u00fablico, donde se vieron afectados los servicios ferroviarios y aeron\u00e1uticos. Ahora, la Uni\u00f3n Tranviarios Automotor (UTA) tambi\u00e9n anunci\u00f3 un\u2026","rel":"","context":"En \u00abPol\u00edtica\u00bb","block_context":{"text":"Pol\u00edtica","link":"https:\/\/www.24baires.com\/?cat=51"},"img":{"alt_text":"","src":"https:\/\/i0.wp.com\/www.24baires.com\/wp-content\/uploads\/2023\/04\/colectivo.jpg?resize=350%2C200","width":350,"height":200,"srcset":"https:\/\/i0.wp.com\/www.24baires.com\/wp-content\/uploads\/2023\/04\/colectivo.jpg?resize=350%2C200 1x, https:\/\/i0.wp.com\/www.24baires.com\/wp-content\/uploads\/2023\/04\/colectivo.jpg?resize=525%2C300 1.5x, https:\/\/i0.wp.com\/www.24baires.com\/wp-content\/uploads\/2023\/04\/colectivo.jpg?resize=700%2C400 2x"},"classes":[]},{"id":121265,"url":"https:\/\/www.24baires.com\/?p=121265","url_meta":{"origin":121110,"position":2},"title":"Acuerdo parcial de la UTA: no habr\u00e1 paro de colectivos","author":"GB","date":"25\/04\/2024","format":false,"excerpt":"La Uni\u00f3n de Tranviarios Automotor (UTA) acord\u00f3 con los empresarios del sector el pago de dos bonos y la continuidad de las reuniones para discutir salarios; por lo que se suspendi\u00f3 el paro de colectivos en el AMBA. Luego de 5 horas de reuni\u00f3n, la Uni\u00f3n de Tranviarios Automotor (UTA)\u2026","rel":"","context":"En \u00abPol\u00edtica\u00bb","block_context":{"text":"Pol\u00edtica","link":"https:\/\/www.24baires.com\/?cat=51"},"img":{"alt_text":"","src":"https:\/\/i0.wp.com\/www.24baires.com\/wp-content\/uploads\/2024\/03\/colectivos.webp?resize=350%2C200","width":350,"height":200,"srcset":"https:\/\/i0.wp.com\/www.24baires.com\/wp-content\/uploads\/2024\/03\/colectivos.webp?resize=350%2C200 1x, https:\/\/i0.wp.com\/www.24baires.com\/wp-content\/uploads\/2024\/03\/colectivos.webp?resize=525%2C300 1.5x, https:\/\/i0.wp.com\/www.24baires.com\/wp-content\/uploads\/2024\/03\/colectivos.webp?resize=700%2C400 2x"},"classes":[]},{"id":108509,"url":"https:\/\/www.24baires.com\/?p=108509","url_meta":{"origin":121110,"position":3},"title":"La UTA decret\u00f3 un paro general de colectivos para el martes 4 de junio","author":"GB","date":"31\/05\/2019","format":false,"excerpt":"Lo anunci\u00f3 el gremio y afectar\u00eda el servicio de \u00f3mnibus de las grandes ciudades del pa\u00eds y de la provincia. Es en protesta por no darse avances en la paritaria del sector. El gremio ya hab\u00eda levantado un paro hace dos semanas atr\u00e1s. La UTA volvi\u00f3 a amenazar con un\u2026","rel":"","context":"En \u00abSociedad\u00bb","block_context":{"text":"Sociedad","link":"https:\/\/www.24baires.com\/?cat=1"},"img":{"alt_text":"","src":"https:\/\/i0.wp.com\/www.24baires.com\/wp-content\/uploads\/2017\/06\/colectivos.jpg?resize=350%2C200","width":350,"height":200,"srcset":"https:\/\/i0.wp.com\/www.24baires.com\/wp-content\/uploads\/2017\/06\/colectivos.jpg?resize=350%2C200 1x, https:\/\/i0.wp.com\/www.24baires.com\/wp-content\/uploads\/2017\/06\/colectivos.jpg?resize=525%2C300 1.5x"},"classes":[]},{"id":95721,"url":"https:\/\/www.24baires.com\/?p=95721","url_meta":{"origin":121110,"position":4},"title":"Habr\u00e1 un paro de transporte de larga distancia el fin de semana","author":"GB","date":"06\/07\/2017","format":false,"excerpt":"La Uni\u00f3n Tranviarios Automotor pide disculpas a los usuarios por la medida de fuerza debido a \"falta de acuerdo\" en la negociaci\u00f3n salarial. La Uni\u00f3n Tranviarios Automotor (UTA) anunci\u00f3 un paro de micros de larga distancia durante 48 horas para el pr\u00f3ximo fin de semana. La raz\u00f3n de la medida\u2026","rel":"","context":"En \u00abSociedad\u00bb","block_context":{"text":"Sociedad","link":"https:\/\/www.24baires.com\/?cat=1"},"img":{"alt_text":"","src":"https:\/\/i0.wp.com\/www.24baires.com\/wp-content\/uploads\/2013\/05\/paro-micros-300x199.jpg?resize=350%2C200","width":350,"height":200},"classes":[]},{"id":67949,"url":"https:\/\/www.24baires.com\/?p=67949","url_meta":{"origin":121110,"position":5},"title":"Desde la UTA afirman que \u00abpor ahora, no habr\u00e1 paro de transporte el jueves\u00bb","author":"AF","date":"22\/06\/2015","format":false,"excerpt":"El secretario de Asuntos Gremiales de la Uni\u00f3n Tranviarios Automotor (UTA), Oscar Mata, asegur\u00f3 hoy que las negociaciones por las paritarias del sector \"se encuentran muy avanzadas\", por lo que desestim\u00f3 la posibilidad de que se concrete el paro de 24 horas anunciado para este jueves. \"Las negociaciones han avanzado\u2026","rel":"","context":"En \u00abSociedad\u00bb","block_context":{"text":"Sociedad","link":"https:\/\/www.24baires.com\/?cat=1"},"img":{"alt_text":"colectivos mdp","src":"https:\/\/i0.wp.com\/www.24baires.com\/wp-content\/uploads\/2013\/10\/colectivos-mdp.jpg?resize=350%2C200","width":350,"height":200,"srcset":"https:\/\/i0.wp.com\/www.24baires.com\/wp-content\/uploads\/2013\/10\/colectivos-mdp.jpg?resize=350%2C200 1x, https:\/\/i0.wp.com\/www.24baires.com\/wp-content\/uploads\/2013\/10\/colectivos-mdp.jpg?resize=525%2C300 1.5x"},"classes":[]}],"jetpack_sharing_enabled":true,"jetpack_likes_enabled":true,"_links":{"self":[{"href":"https:\/\/www.24baires.com\/index.php?rest_route=\/wp\/v2\/posts\/121110","targetHints":{"allow":["GET"]}}],"collection":[{"href":"https:\/\/www.24baires.com\/index.php?rest_route=\/wp\/v2\/posts"}],"about":[{"href":"https:\/\/www.24baires.com\/index.php?rest_route=\/wp\/v2\/types\/post"}],"author":[{"embeddable":true,"href":"https:\/\/www.24baires.com\/index.php?rest_route=\/wp\/v2\/users\/8"}],"replies":[{"embeddable":true,"href":"https:\/\/www.24baires.com\/index.php?rest_route=%2Fwp%2Fv2%2Fcomments&post=121110"}],"version-history":[{"count":1,"href":"https:\/\/www.24baires.com\/index.php?rest_route=\/wp\/v2\/posts\/121110\/revisions"}],"predecessor-version":[{"id":121112,"href":"https:\/\/www.24baires.com\/index.php?rest_route=\/wp\/v2\/posts\/121110\/revisions\/121112"}],"wp:attachment":[{"href":"https:\/\/www.24baires.com\/index.php?rest_route=%2Fwp%2Fv2%2Fmedia&parent=121110"}],"wp:term":[{"taxonomy":"category","embeddable":true,"href":"https:\/\/www.24baires.com\/index.php?rest_route=%2Fwp%2Fv2%2Fcategories&post=121110"},{"taxonomy":"post_tag","embeddable":true,"href":"https:\/\/www.24baires.com\/index.php?rest_route=%2Fwp%2Fv2%2Ftags&post=121110"}],"curies":[{"name":"wp","href":"https:\/\/api.w.org\/{rel}","templated":true}]}}