{"id":121057,"date":"2024-03-01T07:49:06","date_gmt":"2024-03-01T10:49:06","guid":{"rendered":"https:\/\/www.24baires.com\/?p=121057"},"modified":"2024-03-01T07:49:06","modified_gmt":"2024-03-01T10:49:06","slug":"mar-del-plata-buscan-suspender-el-cobro-de-la-tasa-vial-con-la-nafta-impulsada-por-montenegro","status":"publish","type":"post","link":"https:\/\/www.24baires.com\/?p=121057","title":{"rendered":"Mar del Plata: buscan suspender el cobro de la tasa vial con la nafta impulsada por Montenegro"},"content":{"rendered":"<p><img data-recalc-dims=\"1\" loading=\"lazy\" decoding=\"async\" class=\"aligncenter wp-image-120808\" src=\"https:\/\/i0.wp.com\/www.24baires.com\/wp-content\/uploads\/2023\/12\/WhatsApp-Image-2023-12-28-at-21.08.54.jpeg?resize=720%2C480\" alt=\"\" width=\"720\" height=\"480\" srcset=\"https:\/\/i0.wp.com\/www.24baires.com\/wp-content\/uploads\/2023\/12\/WhatsApp-Image-2023-12-28-at-21.08.54.jpeg?w=960&amp;ssl=1 960w, https:\/\/i0.wp.com\/www.24baires.com\/wp-content\/uploads\/2023\/12\/WhatsApp-Image-2023-12-28-at-21.08.54.jpeg?resize=300%2C200&amp;ssl=1 300w, https:\/\/i0.wp.com\/www.24baires.com\/wp-content\/uploads\/2023\/12\/WhatsApp-Image-2023-12-28-at-21.08.54.jpeg?resize=768%2C512&amp;ssl=1 768w\" sizes=\"auto, (max-width: 720px) 100vw, 720px\" \/>La C\u00e1mara Empresaria del Transporte Automotor de Cargas de Mar del Plata (C.E.T.A.C.) impuls\u00f3 una acci\u00f3n judicial para que se declare la inconstitucionalidad de la ordenanza municipal que crea la tasa de mantenimiento de red vial, por la que se increment\u00f3 el valor neto de impuestos del combustible l\u00edquido en la ciudad balnearia.<!--more--><\/p>\n<p>La ordenanza, ya en plena ejecuci\u00f3n, est\u00e1 causando \u201cun grave perjuicio al sector del transporte Automotor de Cargas y a la ciudadan\u00eda en general toda vez que este nuevo \u2018impuesto\u2019 que ha creado el municipio impacta fuertemente en los costos del combustible -principal insumo de nuestra actividad-, de aquellas empresas que recargan en las estaciones de servicio de nuestra ciudad\u201d, indicaron desde la c\u00e1mara.<\/p>\n<p>Entre los efectos negativos, la entidad resalt\u00f3 la imposibilidad de trasladar este gravamen a precios de fletes interjurisdiccionales, la desventaja competitiva respecto de empresas que viajan a Mar del Plata de localidades vecinas y la imposici\u00f3n de la obligaci\u00f3n de pago a aquellas empresas de transporte que prestan servicios de fletes interjurisdiccionales en ruta, y que cargan en la ciudad solo para salir a ruta con destino a otras localidades, sin pisar el asfalto marplatense, entre otros puntos.<\/p>\n<p>\u201cEntendemos que nuestra ciudad necesita recursos, pero sostenemos que deben obtenerse de forma razonable, legal y consensuada, y apoyaremos las iniciativas que se formulen en ese sentido, como siempre lo hemos hecho\u201d, sostuvieron desde la C\u00e1mara del Transporte.<\/p>\n<p>El reclamo se da a horas de que se aplique, en todo el pa\u00eds, un nuevo aumento a los combustibles, agravando la situaci\u00f3n.<\/p>\n","protected":false},"excerpt":{"rendered":"<p>La C\u00e1mara Empresaria del Transporte Automotor de Cargas de Mar del Plata (C.E.T.A.C.) impuls\u00f3 una acci\u00f3n judicial para que se declare la inconstitucionalidad de la ordenanza municipal que crea la tasa de mantenimiento de red vial, por la que se increment\u00f3 el valor neto de impuestos del combustible l\u00edquido en la ciudad balnearia.<\/p>\n","protected":false},"author":8,"featured_media":0,"comment_status":"closed","ping_status":"closed","sticky":false,"template":"","format":"standard","meta":{"_jetpack_newsletter_access":"","_jetpack_dont_email_post_to_subs":false,"_jetpack_newsletter_tier_id":0,"_jetpack_memberships_contains_paywalled_content":false,"_jetpack_memberships_contains_paid_content":false,"footnotes":""},"categories":[78],"tags":[],"class_list":["post-121057","post","type-post","status-publish","format-standard","hentry","category-consumidores"],"jetpack_featured_media_url":"","jetpack_shortlink":"https:\/\/wp.me\/p2JWE0-vux","jetpack-related-posts":[{"id":121957,"url":"https:\/\/www.24baires.com\/?p=121957","url_meta":{"origin":121057,"position":0},"title":"La Justicia fren\u00f3 la embestida libertaria contra la Tasa Vial en los municipios","author":"GB","date":"09\/01\/2025","format":false,"excerpt":"En Mar del Plata, el intendente Guillermo Montenegro (PRO) revirti\u00f3 la inconstitucionalidad de la Tasa Vial lograda por el diputado Guillermo Castello (LLA). La Tasa Vial a los combustibles que se cobra en varios municipios de la provincia de Buenos Aires ha sido uno de los blancos predilectos de La\u2026","rel":"","context":"En \u00abMunicipios\u00bb","block_context":{"text":"Municipios","link":"https:\/\/www.24baires.com\/?cat=44"},"img":{"alt_text":"","src":"https:\/\/i0.wp.com\/www.24baires.com\/wp-content\/uploads\/2025\/01\/ypf.webp?resize=350%2C200","width":350,"height":200,"srcset":"https:\/\/i0.wp.com\/www.24baires.com\/wp-content\/uploads\/2025\/01\/ypf.webp?resize=350%2C200 1x, https:\/\/i0.wp.com\/www.24baires.com\/wp-content\/uploads\/2025\/01\/ypf.webp?resize=525%2C300 1.5x, https:\/\/i0.wp.com\/www.24baires.com\/wp-content\/uploads\/2025\/01\/ypf.webp?resize=700%2C400 2x"},"classes":[]},{"id":121505,"url":"https:\/\/www.24baires.com\/?p=121505","url_meta":{"origin":121057,"position":1},"title":"Mar del Plata: La Justicia declar\u00f3 inconstitucional la \u00abtasa vial\u00bb a los combustibles","author":"GB","date":"05\/08\/2024","format":false,"excerpt":"La Justicia aval\u00f3 el planteo del diputado libertario Guillermo Castello contra la tasa vial en Mar del Plata. Considera que es impuesto y \u201cdoble imposici\u00f3n\u201d. La Justicia en lo Contencioso Administrativo declar\u00f3 inconstitucional el cobro de la Tasa Vial a los combustibles que desde febrero de 2024 se cobra en\u2026","rel":"","context":"En \u00abMunicipios\u00bb","block_context":{"text":"Municipios","link":"https:\/\/www.24baires.com\/?cat=44"},"img":{"alt_text":"","src":"https:\/\/i0.wp.com\/www.24baires.com\/wp-content\/uploads\/2022\/06\/ypf.jpg?resize=350%2C200","width":350,"height":200,"srcset":"https:\/\/i0.wp.com\/www.24baires.com\/wp-content\/uploads\/2022\/06\/ypf.jpg?resize=350%2C200 1x, https:\/\/i0.wp.com\/www.24baires.com\/wp-content\/uploads\/2022\/06\/ypf.jpg?resize=525%2C300 1.5x, https:\/\/i0.wp.com\/www.24baires.com\/wp-content\/uploads\/2022\/06\/ypf.jpg?resize=700%2C400 2x"},"classes":[]},{"id":122819,"url":"https:\/\/www.24baires.com\/?p=122819","url_meta":{"origin":121057,"position":2},"title":"Buscan derogar la \u201cTasa a los combustibles\u201d en Mar del Plata y deja expuesto a Montenegro","author":"GB","date":"16\/01\/2026","format":false,"excerpt":"El bloque de Fuerza Patria present\u00f3 un proyecto para quitar la tasa vial de un 3% extra en concepto de tasa vial. Afirman que el tributo \u201cfracas\u00f3\u201d y que parte de los fondos los usa el municipio para pagar sueldos. El kirchnerismo de Mar del Plata present\u00f3 un proyecto de\u2026","rel":"","context":"En \u00abMunicipios\u00bb","block_context":{"text":"Municipios","link":"https:\/\/www.24baires.com\/?cat=44"},"img":{"alt_text":"","src":"https:\/\/i0.wp.com\/www.24baires.com\/wp-content\/uploads\/2026\/01\/pozos-mdp.jpg?resize=350%2C200","width":350,"height":200,"srcset":"https:\/\/i0.wp.com\/www.24baires.com\/wp-content\/uploads\/2026\/01\/pozos-mdp.jpg?resize=350%2C200 1x, https:\/\/i0.wp.com\/www.24baires.com\/wp-content\/uploads\/2026\/01\/pozos-mdp.jpg?resize=525%2C300 1.5x, https:\/\/i0.wp.com\/www.24baires.com\/wp-content\/uploads\/2026\/01\/pozos-mdp.jpg?resize=700%2C400 2x"},"classes":[]},{"id":121562,"url":"https:\/\/www.24baires.com\/?p=121562","url_meta":{"origin":121057,"position":3},"title":"Naci\u00f3n contra municipios bonaerenses por el cobro de impuestos: \u201cTampoco parecen entender el cambio de \u00e9poca\u201d","author":"GB","date":"21\/08\/2024","format":false,"excerpt":"A trav\u00e9s del vocero Manuel Adorni, el gobierno nacional apunt\u00f3 a intendentes bonaerenses por el cobro de tasas y dio ejemplos de \"voracidad fiscal\u201d. En su habitual rueda de prensa, el vocero presidencial Manuel Adorni apunt\u00f3 especialmente contra varios municipios bonaerenses por el cobro de tasas locales y conden\u00f3 la\u2026","rel":"","context":"En \u00abMunicipios\u00bb","block_context":{"text":"Municipios","link":"https:\/\/www.24baires.com\/?cat=44"},"img":{"alt_text":"","src":"https:\/\/i0.wp.com\/www.24baires.com\/wp-content\/uploads\/2023\/12\/WhatsApp-Image-2023-12-28-at-21.08.54.jpeg?resize=350%2C200","width":350,"height":200,"srcset":"https:\/\/i0.wp.com\/www.24baires.com\/wp-content\/uploads\/2023\/12\/WhatsApp-Image-2023-12-28-at-21.08.54.jpeg?resize=350%2C200 1x, https:\/\/i0.wp.com\/www.24baires.com\/wp-content\/uploads\/2023\/12\/WhatsApp-Image-2023-12-28-at-21.08.54.jpeg?resize=525%2C300 1.5x, https:\/\/i0.wp.com\/www.24baires.com\/wp-content\/uploads\/2023\/12\/WhatsApp-Image-2023-12-28-at-21.08.54.jpeg?resize=700%2C400 2x"},"classes":[]},{"id":48490,"url":"https:\/\/www.24baires.com\/?p=48490","url_meta":{"origin":121057,"position":4},"title":"Se restringe la circulaci\u00f3n de camiones en las rutas desde las 18","author":"Grupo Sierra","date":"22\/06\/2014","format":false,"excerpt":"La Agencia Nacional de Seguridad Vial inform\u00f3 que la circulaci\u00f3n veh\u00edculos de carga de m\u00e1s de 3.500 kg en rutas nacionales y en los accesos a la ciudad de Buenos Aires se ver\u00e1 interrumpido desde la tarde de hoy. Es por el regreso del fin de semana largo. Con el\u2026","rel":"","context":"En \u00abTurismo\u00bb","block_context":{"text":"Turismo","link":"https:\/\/www.24baires.com\/?cat=69"},"img":{"alt_text":"autopista_bs_as_la_plata","src":"https:\/\/i0.wp.com\/www.24baires.com\/wp-content\/uploads\/2012\/12\/autopista_bs_as_la_plata.jpg?resize=350%2C200","width":350,"height":200,"srcset":"https:\/\/i0.wp.com\/www.24baires.com\/wp-content\/uploads\/2012\/12\/autopista_bs_as_la_plata.jpg?resize=350%2C200 1x, https:\/\/i0.wp.com\/www.24baires.com\/wp-content\/uploads\/2012\/12\/autopista_bs_as_la_plata.jpg?resize=525%2C300 1.5x"},"classes":[]},{"id":107286,"url":"https:\/\/www.24baires.com\/?p=107286","url_meta":{"origin":121057,"position":5},"title":"No hay colectivos de media ni larga distancia en todo el pa\u00eds","author":"AF","date":"19\/03\/2019","format":false,"excerpt":"El combo de quita de subsidios al transporte, la liberaci\u00f3n del precio del combustible y los tarifazos dispar\u00f3 una medida de fuerza de la UTA en los colectivos de media y larga distancia de todo el pa\u00eds desde ayer a la noche, que se prolongar\u00e1 hasta la medianoche de ma\u00f1ana.\u2026","rel":"","context":"En \u00abSociedad\u00bb","block_context":{"text":"Sociedad","link":"https:\/\/www.24baires.com\/?cat=1"},"img":{"alt_text":"","src":"https:\/\/i0.wp.com\/www.24baires.com\/wp-content\/uploads\/2013\/05\/retiro-vac%C3%ADo.jpg?resize=350%2C200","width":350,"height":200,"srcset":"https:\/\/i0.wp.com\/www.24baires.com\/wp-content\/uploads\/2013\/05\/retiro-vac%C3%ADo.jpg?resize=350%2C200 1x, https:\/\/i0.wp.com\/www.24baires.com\/wp-content\/uploads\/2013\/05\/retiro-vac%C3%ADo.jpg?resize=525%2C300 1.5x"},"classes":[]}],"jetpack_sharing_enabled":true,"jetpack_likes_enabled":true,"_links":{"self":[{"href":"https:\/\/www.24baires.com\/index.php?rest_route=\/wp\/v2\/posts\/121057","targetHints":{"allow":["GET"]}}],"collection":[{"href":"https:\/\/www.24baires.com\/index.php?rest_route=\/wp\/v2\/posts"}],"about":[{"href":"https:\/\/www.24baires.com\/index.php?rest_route=\/wp\/v2\/types\/post"}],"author":[{"embeddable":true,"href":"https:\/\/www.24baires.com\/index.php?rest_route=\/wp\/v2\/users\/8"}],"replies":[{"embeddable":true,"href":"https:\/\/www.24baires.com\/index.php?rest_route=%2Fwp%2Fv2%2Fcomments&post=121057"}],"version-history":[{"count":1,"href":"https:\/\/www.24baires.com\/index.php?rest_route=\/wp\/v2\/posts\/121057\/revisions"}],"predecessor-version":[{"id":121058,"href":"https:\/\/www.24baires.com\/index.php?rest_route=\/wp\/v2\/posts\/121057\/revisions\/121058"}],"wp:attachment":[{"href":"https:\/\/www.24baires.com\/index.php?rest_route=%2Fwp%2Fv2%2Fmedia&parent=121057"}],"wp:term":[{"taxonomy":"category","embeddable":true,"href":"https:\/\/www.24baires.com\/index.php?rest_route=%2Fwp%2Fv2%2Fcategories&post=121057"},{"taxonomy":"post_tag","embeddable":true,"href":"https:\/\/www.24baires.com\/index.php?rest_route=%2Fwp%2Fv2%2Ftags&post=121057"}],"curies":[{"name":"wp","href":"https:\/\/api.w.org\/{rel}","templated":true}]}}