{"id":121052,"date":"2024-02-29T20:38:03","date_gmt":"2024-02-29T23:38:03","guid":{"rendered":"https:\/\/www.24baires.com\/?p=121052"},"modified":"2024-02-29T20:38:03","modified_gmt":"2024-02-29T23:38:03","slug":"no-creemos-que-podamos-pasar-mitad-de-ano-aseguran-desde-la-universidad-de-quilmes","status":"publish","type":"post","link":"https:\/\/www.24baires.com\/?p=121052","title":{"rendered":"\u00abNo creemos que podamos pasar mitad de a\u00f1o\u00bb, aseguran desde la Universidad de Quilmes"},"content":{"rendered":"<p><img data-recalc-dims=\"1\" loading=\"lazy\" decoding=\"async\" class=\"aligncenter wp-image-121053\" src=\"https:\/\/i0.wp.com\/www.24baires.com\/wp-content\/uploads\/2024\/02\/uni-quilmes.webp?resize=720%2C405\" alt=\"\" width=\"720\" height=\"405\" srcset=\"https:\/\/i0.wp.com\/www.24baires.com\/wp-content\/uploads\/2024\/02\/uni-quilmes.webp?w=800&amp;ssl=1 800w, https:\/\/i0.wp.com\/www.24baires.com\/wp-content\/uploads\/2024\/02\/uni-quilmes.webp?resize=300%2C169&amp;ssl=1 300w, https:\/\/i0.wp.com\/www.24baires.com\/wp-content\/uploads\/2024\/02\/uni-quilmes.webp?resize=768%2C432&amp;ssl=1 768w\" sizes=\"auto, (max-width: 720px) 100vw, 720px\" \/>Luego de una sesi\u00f3n ordinaria del Consejo Deliberante, las autoridades de la universidad declararon la emergencia econ\u00f3mica y presupuestaria hasta diciembre de este a\u00f1o.<!--more--><\/p>\n<p>El 28 de febrero pasado, mi\u00e9rcoles, testigos presenciaron una movilizaci\u00f3n de organizaciones y estudiantes de la Universidad Nacional de Quilmes (UNQUI), quienes llevaron a cabo acciones de protesta en desacuerdo con las pol\u00edticas educativas del gobierno encabezado por Javier Milei.<\/p>\n<p>Esta manifestaci\u00f3n se desarroll\u00f3 coincidiendo con una sesi\u00f3n ordinaria del Consejo Superior de la universidad, en el contexto de un nuevo encuentro de los claustros, la cual concluir\u00eda con una resoluci\u00f3n dif\u00edcil de tomar, que ser\u00eda comunicada horas m\u00e1s tardes a trav\u00e9s de un contundente comunicado.<\/p>\n<p>Durante la sesi\u00f3n, los miembros del consejo y representantes de los claustros votaron mayoritariamente a favor de la declaraci\u00f3n de emergencia econ\u00f3mica y presupuestaria de la UNQUI hasta el 31 de diciembre de 2024, en respuesta a las medidas de ajuste econ\u00f3mico implementadas por el gobierno de Javier Milei.<\/p>\n<p>En este contexto, el art\u00edculo 2 del proyecto de la universidad deja claro su reclamo al gobierno nacional: \u00abse exige el cumplimiento de la responsabilidad indelegable de garantizar las condiciones presupuestarias m\u00ednimas de financiamiento que permitan el funcionamiento de las Universidades p\u00fablicas, establecida por la Ley 24.251\u00bb.<\/p>\n","protected":false},"excerpt":{"rendered":"<p>Luego de una sesi\u00f3n ordinaria del Consejo Deliberante, las autoridades de la universidad declararon la emergencia econ\u00f3mica y presupuestaria hasta diciembre de este a\u00f1o.<\/p>\n","protected":false},"author":8,"featured_media":0,"comment_status":"closed","ping_status":"closed","sticky":false,"template":"","format":"standard","meta":{"_jetpack_newsletter_access":"","_jetpack_dont_email_post_to_subs":false,"_jetpack_newsletter_tier_id":0,"_jetpack_memberships_contains_paywalled_content":false,"_jetpack_memberships_contains_paid_content":false,"footnotes":""},"categories":[1],"tags":[],"class_list":["post-121052","post","type-post","status-publish","format-standard","hentry","category-sociedad"],"jetpack_featured_media_url":"","jetpack_shortlink":"https:\/\/wp.me\/p2JWE0-vus","jetpack-related-posts":[{"id":29509,"url":"https:\/\/www.24baires.com\/?p=29509","url_meta":{"origin":121052,"position":0},"title":"En la primera mitad del a\u00f1o, el Senado Nacional sesion\u00f3 m\u00e1s que en 2012","author":"Grupo Sierra","date":"04\/08\/2013","format":false,"excerpt":"A pesar de ser \u00e9ste un a\u00f1o electoral, la C\u00e1mara alta tuvo en lo que va del a\u00f1o m\u00e1s reuniones que el anterior, un a\u00f1o de mucha productividad en materia de sesiones. Contrariamente a la C\u00e1mara baja, donde es notoria la falta de sesiones a diferencia de lo ocurrido el\u2026","rel":"","context":"En \u00abPol\u00edtica\u00bb","block_context":{"text":"Pol\u00edtica","link":"https:\/\/www.24baires.com\/?cat=51"},"img":{"alt_text":"","src":"","width":0,"height":0},"classes":[]},{"id":48412,"url":"https:\/\/www.24baires.com\/?p=48412","url_meta":{"origin":121052,"position":1},"title":"Desde el PJ bonaerense implementan el Consejo Consultivo de universidades","author":"Grupo Sierra","date":"20\/06\/2014","format":false,"excerpt":"Se trata de un \u00f3rgano que tiene el objetivo de \u201cser un \u00e1mbito abierto, participativo y plural, desde el cual se generen diversas pol\u00edticas p\u00fablicas\u201d, seg\u00fan explicaron fuentes partidarias. En el marco de un encuentro en la sede porte\u00f1a del PJ presidido por el intendente de La Matanza, Fernando Espinoza,\u2026","rel":"","context":"En \u00abProvincia\u00bb","block_context":{"text":"Provincia","link":"https:\/\/www.24baires.com\/?cat=40"},"img":{"alt_text":"espinoza","src":"https:\/\/i0.wp.com\/www.24baires.com\/wp-content\/uploads\/2013\/10\/espinoza.jpg?resize=350%2C200","width":350,"height":200,"srcset":"https:\/\/i0.wp.com\/www.24baires.com\/wp-content\/uploads\/2013\/10\/espinoza.jpg?resize=350%2C200 1x, https:\/\/i0.wp.com\/www.24baires.com\/wp-content\/uploads\/2013\/10\/espinoza.jpg?resize=525%2C300 1.5x"},"classes":[]},{"id":891,"url":"https:\/\/www.24baires.com\/?p=891","url_meta":{"origin":121052,"position":2},"title":"El rector de la UNS fue reelegido como Presidente del Consejo Interuniversitario Nacional","author":"Grupo Sierra","date":"03\/10\/2012","format":false,"excerpt":"El pasado viernes concluy\u00f3 en Mendoza el 68\u00ba Plenario de Rectores del Consejo Interuniversitario Nacional (CIN), donde se reeligi\u00f3 al doctor Guillermo Crapiste como presidente. El rector de la Universidad Nacional del Sur continuar\u00e1 as\u00ed en el cargo hasta marzo de 2013, cuando se realice en Bah\u00eda Blanca la nueva\u2026","rel":"","context":"En \u00abPol\u00edtica\u00bb","block_context":{"text":"Pol\u00edtica","link":"https:\/\/www.24baires.com\/?cat=51"},"img":{"alt_text":"","src":"","width":0,"height":0},"classes":[]},{"id":62841,"url":"https:\/\/www.24baires.com\/?p=62841","url_meta":{"origin":121052,"position":3},"title":"El Senado se apresta a debatir el pliego de Carl\u00e9s para la Corte Suprema","author":"AF","date":"08\/03\/2015","format":false,"excerpt":"El pliego que properne al jurista en reemplazo de Eugenio Zaffaroni ingres\u00f3 este viernes a la C\u00e1mara alta, que lo debatir\u00e1 una vez que adquiera estado parlamentario durante la pr\u00f3xima sesi\u00f3n ordinaria que podr\u00eda llevarse a cabo esta semana. Una vez que el pliego sea ingresado formalmente, debe ser debatido\u2026","rel":"","context":"En \u00abLocales\u00bb","block_context":{"text":"Locales","link":"https:\/\/www.24baires.com\/?cat=38"},"img":{"alt_text":"","src":"","width":0,"height":0},"classes":[]},{"id":6377,"url":"https:\/\/www.24baires.com\/?p=6377","url_meta":{"origin":121052,"position":4},"title":"\u00daltima sesi\u00f3n ordinaria de Diputados bonaerenses","author":"AF","date":"22\/11\/2012","format":false,"excerpt":"LA PLATA - La C\u00e1mara de Diputados va a desarrollar este jueves la \u00faltima sesi\u00f3n ordinaria del a\u00f1o con varios temas importantes que el oficialismo procurar\u00e1 aprobar: voto joven, los cambios en Procuraci\u00f3n, Consejo de la Magistratura y enjuiciamiento a magistrados, excarcelaciones a tenedores de armas y juicio por jurados.\u2026","rel":"","context":"En \u00abPol\u00edtica\u00bb","block_context":{"text":"Pol\u00edtica","link":"https:\/\/www.24baires.com\/?cat=51"},"img":{"alt_text":"","src":"https:\/\/i0.wp.com\/www.24baires.com\/wp-content\/uploads\/2012\/11\/legislatura.png?resize=350%2C200","width":350,"height":200},"classes":[]},{"id":55484,"url":"https:\/\/www.24baires.com\/?p=55484","url_meta":{"origin":121052,"position":5},"title":"El Senado bonaerense homenajear\u00e1 a Antonio Cafiero","author":"AF","date":"16\/10\/2014","format":false,"excerpt":"El senado bonaerense homenajear\u00e1 este jueves al exgobernador bonaerense Antonio Cafiero, en una sesi\u00f3n de la que participar\u00e1n familiares y allegados del pol\u00edtico fallecido. El vicegobernador Gabriel Mariotto resolvi\u00f3 levantar la sesi\u00f3n ordinaria prevista para ma\u00f1ana, y en cambio realizar\u00e1 una sesi\u00f3n ordinaria para homenajear a Cafiero. Al homenaje est\u00e1n\u2026","rel":"","context":"En \u00abSociedad\u00bb","block_context":{"text":"Sociedad","link":"https:\/\/www.24baires.com\/?cat=1"},"img":{"alt_text":"cafiero","src":"https:\/\/i0.wp.com\/www.24baires.com\/wp-content\/uploads\/2014\/10\/cafiero.jpg?resize=350%2C200","width":350,"height":200,"srcset":"https:\/\/i0.wp.com\/www.24baires.com\/wp-content\/uploads\/2014\/10\/cafiero.jpg?resize=350%2C200 1x, https:\/\/i0.wp.com\/www.24baires.com\/wp-content\/uploads\/2014\/10\/cafiero.jpg?resize=525%2C300 1.5x"},"classes":[]}],"jetpack_sharing_enabled":true,"jetpack_likes_enabled":true,"_links":{"self":[{"href":"https:\/\/www.24baires.com\/index.php?rest_route=\/wp\/v2\/posts\/121052","targetHints":{"allow":["GET"]}}],"collection":[{"href":"https:\/\/www.24baires.com\/index.php?rest_route=\/wp\/v2\/posts"}],"about":[{"href":"https:\/\/www.24baires.com\/index.php?rest_route=\/wp\/v2\/types\/post"}],"author":[{"embeddable":true,"href":"https:\/\/www.24baires.com\/index.php?rest_route=\/wp\/v2\/users\/8"}],"replies":[{"embeddable":true,"href":"https:\/\/www.24baires.com\/index.php?rest_route=%2Fwp%2Fv2%2Fcomments&post=121052"}],"version-history":[{"count":1,"href":"https:\/\/www.24baires.com\/index.php?rest_route=\/wp\/v2\/posts\/121052\/revisions"}],"predecessor-version":[{"id":121054,"href":"https:\/\/www.24baires.com\/index.php?rest_route=\/wp\/v2\/posts\/121052\/revisions\/121054"}],"wp:attachment":[{"href":"https:\/\/www.24baires.com\/index.php?rest_route=%2Fwp%2Fv2%2Fmedia&parent=121052"}],"wp:term":[{"taxonomy":"category","embeddable":true,"href":"https:\/\/www.24baires.com\/index.php?rest_route=%2Fwp%2Fv2%2Fcategories&post=121052"},{"taxonomy":"post_tag","embeddable":true,"href":"https:\/\/www.24baires.com\/index.php?rest_route=%2Fwp%2Fv2%2Ftags&post=121052"}],"curies":[{"name":"wp","href":"https:\/\/api.w.org\/{rel}","templated":true}]}}