{"id":121022,"date":"2024-02-26T10:00:51","date_gmt":"2024-02-26T13:00:51","guid":{"rendered":"http:\/\/www.24baires.com\/?p=121022"},"modified":"2024-02-26T09:16:06","modified_gmt":"2024-02-26T12:16:06","slug":"se-confirmo-el-aumento-de-la-luz-en-la-provincia","status":"publish","type":"post","link":"https:\/\/www.24baires.com\/?p=121022","title":{"rendered":"Se confirm\u00f3 el aumento de la luz en la Provincia"},"content":{"rendered":"<p><img data-recalc-dims=\"1\" loading=\"lazy\" decoding=\"async\" class=\"aligncenter wp-image-83339\" src=\"https:\/\/i0.wp.com\/www.24baires.com\/wp-content\/uploads\/2016\/05\/electricidad.jpg?resize=720%2C395\" alt=\"\" width=\"720\" height=\"395\" srcset=\"https:\/\/i0.wp.com\/www.24baires.com\/wp-content\/uploads\/2016\/05\/electricidad.jpg?w=560&amp;ssl=1 560w, https:\/\/i0.wp.com\/www.24baires.com\/wp-content\/uploads\/2016\/05\/electricidad.jpg?resize=300%2C164&amp;ssl=1 300w\" sizes=\"auto, (max-width: 720px) 100vw, 720px\" \/>Finalmente se conocieron las cifras siderales por las cuales aumentar\u00e1 el servicio el\u00e9ctrico en la Provincia a partir de marzo.<!--more--><\/p>\n<p>Luego de las audiencias p\u00fablicas realizadas durante el mes de enero, en el d\u00eda de hoy se conoci\u00f3 que las tarifas de electricidad subir\u00e1n 118% promedio, en todo el territorio excluyendo el \u00c1rea Metropolitana.<\/p>\n<p>El tarifazo en el caso de los usuarios residenciales de grandes ingresos, y los de ingresos medios que consuman m\u00e1s de 400 kwh mes, implicar\u00e1 un incremento de 118%; para los peque\u00f1os comercios, de 413%, y para los organismos p\u00fablicos, de 186%.<\/p>\n<p>Adem\u00e1s el mismo se dar\u00e1 por el traslado a cuadros tarifarios provinciales del aumento en el precio mayorista de la energ\u00eda y la quita de subsidios definidos por la Secretar\u00eda de Energ\u00eda de la Naci\u00f3n.<\/p>\n<p>\u00abEl aumento de la energ\u00eda afecta a los usuarios residenciales de grandes ingresos y a los de ingresos medios que consuman m\u00e1s de 400 kwh mes, en un 118%. En el caso extremo de los peque\u00f1os comercios \u2013que son aquellos que consuman menos de 800 kwh mes\u2013, la suba alcanza un 413%. Tambi\u00e9n hay un aumento para los organismos p\u00fablicos de las carteras de Educaci\u00f3n y Salud, que sufrir\u00e1n una suba del 186%\u00bb indicaron desde el Ministerio de Infraestructura y Servicios P\u00fablicos de la provincia.<\/p>\n<p>Y agregaron: \u00abEn el caso del sector cooperativo, se evidencia un mayor nivel de gravedad. Si bien es un sector altamente heterog\u00e9neo, se observa que en muchos casos no alcanzar\u00edan a pagar los sueldos si abonaran el 100% de la energ\u00eda que compran\u00bb.<\/p>\n<p>En este contexto, adem\u00e1s del incremento del costo de la energ\u00eda, pr\u00f3ximamente se sumar\u00e1 un aumento de uno de los componentes de la tarifa: el Valor Agregado de Distribuci\u00f3n (VAD) que se utilizar\u00e1 para sanear la deuda con Cammesa y lograr garantizar la operaci\u00f3n del servicio. \u00abSumados ambos, la tarifa sufrir\u00e1 un incremento promedio del 180%\u00bb, se estim\u00f3.<\/p>\n<p>De esta manera, un usuario residencial de altos ingresos (N1) que consume 150 kwh mes pasar\u00e1 de pagar en promedio $8600 por mes a pagar $24.000.<\/p>\n","protected":false},"excerpt":{"rendered":"<p>Finalmente se conocieron las cifras siderales por las cuales aumentar\u00e1 el servicio el\u00e9ctrico en la Provincia a partir de marzo.<\/p>\n","protected":false},"author":8,"featured_media":0,"comment_status":"closed","ping_status":"closed","sticky":false,"template":"","format":"standard","meta":{"_jetpack_newsletter_access":"","_jetpack_dont_email_post_to_subs":false,"_jetpack_newsletter_tier_id":0,"_jetpack_memberships_contains_paywalled_content":false,"_jetpack_memberships_contains_paid_content":false,"footnotes":""},"categories":[78],"tags":[],"class_list":["post-121022","post","type-post","status-publish","format-standard","hentry","category-consumidores"],"jetpack_featured_media_url":"","jetpack_shortlink":"https:\/\/wp.me\/p2JWE0-vtY","jetpack-related-posts":[{"id":99146,"url":"https:\/\/www.24baires.com\/?p=99146","url_meta":{"origin":121022,"position":0},"title":"Aranguren defendi\u00f3 los tarifazos y dijo que \u00abson necesarios para entrar en un sistema sustentable\u00bb","author":"GB","date":"02\/12\/2017","format":false,"excerpt":"Juan Jos\u00e9 Aranguren, ministro de Energ\u00eda, justific\u00f3 este viernes los nuevos aumentos en las tarifas de la electricidad y el gas al considerar que \"son necesarios para entrar en un sistema de generaci\u00f3n el\u00e9ctrica y de gas sustentables en el tiempo\". Juan Jos\u00e9 Aranguren, ministro de Energ\u00eda, justific\u00f3 este viernes\u2026","rel":"","context":"En \u00abPol\u00edtica\u00bb","block_context":{"text":"Pol\u00edtica","link":"https:\/\/www.24baires.com\/?cat=51"},"img":{"alt_text":"","src":"https:\/\/i0.wp.com\/www.24baires.com\/wp-content\/uploads\/2016\/09\/aranguren.jpg?resize=350%2C200","width":350,"height":200,"srcset":"https:\/\/i0.wp.com\/www.24baires.com\/wp-content\/uploads\/2016\/09\/aranguren.jpg?resize=350%2C200 1x, https:\/\/i0.wp.com\/www.24baires.com\/wp-content\/uploads\/2016\/09\/aranguren.jpg?resize=525%2C300 1.5x"},"classes":[]},{"id":83337,"url":"https:\/\/www.24baires.com\/?p=83337","url_meta":{"origin":121022,"position":1},"title":"Juez dict\u00f3 medida cautelar que suspende los tarifazos de luz en la Provincia","author":"GB","date":"31\/05\/2016","format":false,"excerpt":"Desde el Juzgado en lo Contencioso Administrativo N\u00b0 1 de La Plata comunicaron el dictado de una medida cautelar, mediante la cual se suspende el aumento de tarifas de energ\u00eda el\u00e9ctrica en la Provincia de Buenos Aires (EDELAP, EDES SA, EDEA SA y EDEN SA), en \u201cvirtud de no haberse\u2026","rel":"","context":"En \u00abProvincia\u00bb","block_context":{"text":"Provincia","link":"https:\/\/www.24baires.com\/?cat=40"},"img":{"alt_text":"electricidad","src":"https:\/\/i0.wp.com\/www.24baires.com\/wp-content\/uploads\/2016\/05\/electricidad.jpg?resize=350%2C200","width":350,"height":200,"srcset":"https:\/\/i0.wp.com\/www.24baires.com\/wp-content\/uploads\/2016\/05\/electricidad.jpg?resize=350%2C200 1x, https:\/\/i0.wp.com\/www.24baires.com\/wp-content\/uploads\/2016\/05\/electricidad.jpg?resize=525%2C300 1.5x"},"classes":[]},{"id":94395,"url":"https:\/\/www.24baires.com\/?p=94395","url_meta":{"origin":121022,"position":2},"title":"La luz ser\u00e1 un 18,9% m\u00e1s cara en Mar del Plata que en el resto del pa\u00eds","author":"GB","date":"09\/05\/2017","format":false,"excerpt":"El aumento de la tarifa el\u00e9ctrica que pagan los usuarios bonaerenses tendr\u00e1 un incremento este a\u00f1o del orden del 58%, ya que a la suba del 39,2% que autoriz\u00f3 el gobierno nacional, se agrega un aumento del 18,9% que la administraci\u00f3n de Mar\u00eda Eugenia Vidal autorizar\u00e1 a las el\u00e9ctricas, precisaron\u2026","rel":"","context":"En \u00abLocales\u00bb","block_context":{"text":"Locales","link":"https:\/\/www.24baires.com\/?cat=38"},"img":{"alt_text":"","src":"","width":0,"height":0},"classes":[]},{"id":98615,"url":"https:\/\/www.24baires.com\/?p=98615","url_meta":{"origin":121022,"position":3},"title":"Mar del Plata ser\u00e1 una de las sedes para realizar las audiencias p\u00fablicas por aumento de luz","author":"GB","date":"08\/11\/2017","format":false,"excerpt":"Las audiencias p\u00fablicas se desarrollar\u00e1n el viernes 17 de noviembre en simult\u00e1neo en la Ciudad Aut\u00f3noma de Buenos Aires, Mar del Plata, Mendoza, Neuqu\u00e9n, Salta, Formosa y Trelew. El Gobierno que dirige Mauricio Macri fij\u00f3 hoy seis lugares en provincias para la realizaci\u00f3n de las audiencias p\u00fablicas en las que\u2026","rel":"","context":"En \u00abProvincia\u00bb","block_context":{"text":"Provincia","link":"https:\/\/www.24baires.com\/?cat=40"},"img":{"alt_text":"","src":"https:\/\/i0.wp.com\/www.24baires.com\/wp-content\/uploads\/2014\/12\/robo-transformador-energ%C3%ADa-luz.jpg?resize=350%2C200","width":350,"height":200,"srcset":"https:\/\/i0.wp.com\/www.24baires.com\/wp-content\/uploads\/2014\/12\/robo-transformador-energ%C3%ADa-luz.jpg?resize=350%2C200 1x, https:\/\/i0.wp.com\/www.24baires.com\/wp-content\/uploads\/2014\/12\/robo-transformador-energ%C3%ADa-luz.jpg?resize=525%2C300 1.5x"},"classes":[]},{"id":103621,"url":"https:\/\/www.24baires.com\/?p=103621","url_meta":{"origin":121022,"position":4},"title":"Desde hoy, la luz se paga casi un 25% m\u00e1s","author":"AF","date":"01\/08\/2018","format":false,"excerpt":"Los que menos pagan sufrir\u00e1n el mayor incremento. El promedio de suba es de un 24,4%. El Gobierno oficializ\u00f3 los nuevos aumentos de tarifas de luz que comenzar\u00e1n a recibirse en septiembre y de manera plena en octubre. Oscilan entre un 20% a 28% como m\u00e1ximo, es decir un 24,4%\u2026","rel":"","context":"En \u00abSociedad\u00bb","block_context":{"text":"Sociedad","link":"https:\/\/www.24baires.com\/?cat=1"},"img":{"alt_text":"","src":"https:\/\/i0.wp.com\/www.24baires.com\/wp-content\/uploads\/2016\/03\/electricidad.jpg?resize=350%2C200","width":350,"height":200,"srcset":"https:\/\/i0.wp.com\/www.24baires.com\/wp-content\/uploads\/2016\/03\/electricidad.jpg?resize=350%2C200 1x, https:\/\/i0.wp.com\/www.24baires.com\/wp-content\/uploads\/2016\/03\/electricidad.jpg?resize=525%2C300 1.5x"},"classes":[]},{"id":106400,"url":"https:\/\/www.24baires.com\/?p=106400","url_meta":{"origin":121022,"position":5},"title":"Defensor\u00eda del Pueblo rechaza suba de hasta el 55% de luz en la provincia","author":"GB","date":"17\/01\/2019","format":false,"excerpt":"El defensor del Pueblo bonaerense, Guido Lorenzino, rechaz\u00f3 que las empresas de energ\u00eda el\u00e9ctrica que operan en la provincia de Buenos Aires busquen aumentar nuevamente las tarifas para que los usuarios sean los que terminen cubriendo las deudas que las distribuidoras mantienen con la mayorista Cammesa. A trav\u00e9s de un\u2026","rel":"","context":"En \u00abConsumidores\u00bb","block_context":{"text":"Consumidores","link":"https:\/\/www.24baires.com\/?cat=78"},"img":{"alt_text":"","src":"https:\/\/i0.wp.com\/www.24baires.com\/wp-content\/uploads\/2016\/09\/boletas-de-luz.jpg?resize=350%2C200","width":350,"height":200,"srcset":"https:\/\/i0.wp.com\/www.24baires.com\/wp-content\/uploads\/2016\/09\/boletas-de-luz.jpg?resize=350%2C200 1x, https:\/\/i0.wp.com\/www.24baires.com\/wp-content\/uploads\/2016\/09\/boletas-de-luz.jpg?resize=525%2C300 1.5x"},"classes":[]}],"jetpack_sharing_enabled":true,"jetpack_likes_enabled":true,"_links":{"self":[{"href":"https:\/\/www.24baires.com\/index.php?rest_route=\/wp\/v2\/posts\/121022","targetHints":{"allow":["GET"]}}],"collection":[{"href":"https:\/\/www.24baires.com\/index.php?rest_route=\/wp\/v2\/posts"}],"about":[{"href":"https:\/\/www.24baires.com\/index.php?rest_route=\/wp\/v2\/types\/post"}],"author":[{"embeddable":true,"href":"https:\/\/www.24baires.com\/index.php?rest_route=\/wp\/v2\/users\/8"}],"replies":[{"embeddable":true,"href":"https:\/\/www.24baires.com\/index.php?rest_route=%2Fwp%2Fv2%2Fcomments&post=121022"}],"version-history":[{"count":1,"href":"https:\/\/www.24baires.com\/index.php?rest_route=\/wp\/v2\/posts\/121022\/revisions"}],"predecessor-version":[{"id":121023,"href":"https:\/\/www.24baires.com\/index.php?rest_route=\/wp\/v2\/posts\/121022\/revisions\/121023"}],"wp:attachment":[{"href":"https:\/\/www.24baires.com\/index.php?rest_route=%2Fwp%2Fv2%2Fmedia&parent=121022"}],"wp:term":[{"taxonomy":"category","embeddable":true,"href":"https:\/\/www.24baires.com\/index.php?rest_route=%2Fwp%2Fv2%2Fcategories&post=121022"},{"taxonomy":"post_tag","embeddable":true,"href":"https:\/\/www.24baires.com\/index.php?rest_route=%2Fwp%2Fv2%2Ftags&post=121022"}],"curies":[{"name":"wp","href":"https:\/\/api.w.org\/{rel}","templated":true}]}}