{"id":120962,"date":"2024-02-14T07:46:07","date_gmt":"2024-02-14T10:46:07","guid":{"rendered":"http:\/\/www.24baires.com\/?p=120962"},"modified":"2024-02-14T07:46:07","modified_gmt":"2024-02-14T10:46:07","slug":"docentes-exigen-los-montos-adeudados-por-nacion-y-la-urgente-convicatoria-a-paritaria","status":"publish","type":"post","link":"https:\/\/www.24baires.com\/?p=120962","title":{"rendered":"Docentes exigen los montos adeudados por naci\u00f3n y la urgente convicatoria a paritaria"},"content":{"rendered":"<p><img data-recalc-dims=\"1\" loading=\"lazy\" decoding=\"async\" class=\"aligncenter wp-image-120963\" src=\"https:\/\/i0.wp.com\/www.24baires.com\/wp-content\/uploads\/2024\/02\/ctera.webp?resize=720%2C404\" alt=\"\" width=\"720\" height=\"404\" srcset=\"https:\/\/i0.wp.com\/www.24baires.com\/wp-content\/uploads\/2024\/02\/ctera.webp?w=887&amp;ssl=1 887w, https:\/\/i0.wp.com\/www.24baires.com\/wp-content\/uploads\/2024\/02\/ctera.webp?resize=300%2C168&amp;ssl=1 300w, https:\/\/i0.wp.com\/www.24baires.com\/wp-content\/uploads\/2024\/02\/ctera.webp?resize=768%2C431&amp;ssl=1 768w\" sizes=\"auto, (max-width: 720px) 100vw, 720px\" \/>Los trabajadores, principales afectados por el recorte del FONID, se suman a los reclamos que ya realizaron los gobernadores y partidos de la oposici\u00f3n<!--more--><\/p>\n<p>En medio de una creciente preocupaci\u00f3n por el recorte anunciado por el presidente Javier Milei en el Fondo de Incentivo Docente (FONID), los trabajadores de la educaci\u00f3n de todo el pa\u00eds se encuentran evaluando posibles acciones para hacer frente a esta medida que impacta directamente en el sistema educativo.<\/p>\n<p>La titular de la Confederaci\u00f3n de Trabajadores de la Educaci\u00f3n (Ctera), Sonia Alesso, expres\u00f3 su preocupaci\u00f3n en declaraciones radiales, calificando el panorama sobre el comienzo de clases como \u00abgrave y complicado\u00bb debido al ajuste del gobierno. Alesso critic\u00f3 la falta de asignaci\u00f3n de recursos para el FONID y otros rubros esenciales como comedores escolares.<\/p>\n<p>En respuesta a esta situaci\u00f3n, anunci\u00f3 que el mi\u00e9rcoles se llevar\u00e1 a cabo una \u00abreuni\u00f3n nacional\u00bb del gremio para deliberar sobre los pr\u00f3ximos pasos sindicales. Alesso subray\u00f3 la gravedad de la situaci\u00f3n, se\u00f1alando que \u00abtodas las provincias est\u00e1n en dificultades\u00bb y que la falta de fondos por parte del gobierno nacional agrava a\u00fan m\u00e1s la situaci\u00f3n, especialmente en un contexto de inflaci\u00f3n.<\/p>\n<p>Seg\u00fan la dirigente, el gobierno hab\u00eda prometido fondos para el \u00e1rea de Capital Humano, liderada por Sandra Pettovello, pero hasta el momento no se han materializado. Esta falta de recursos impacta directamente en programas educativos vitales como el FONID, el Fondo Compensador, comedores escolares y otros.<\/p>\n<p>La dirigente sindical enfatiz\u00f3 que lo que puede parecer una cantidad insignificante para el gobierno central representa una carga significativa para las provincias, lo que las coloca en una situaci\u00f3n extremadamente compleja.<\/p>\n<p>En cuanto a las acciones a seguir, Alesso anunci\u00f3 que durante la reuni\u00f3n del mi\u00e9rcoles se decidir\u00e1n medidas concretas y se establecer\u00e1 la fecha del Congreso Nacional, que preceder\u00e1 al inicio del ciclo lectivo. Adem\u00e1s, se comprometi\u00f3 a presentar ante la prensa y los presentes datos concretos sobre la situaci\u00f3n financiera que est\u00e1n enfrentando.<\/p>\n<p>Por \u00faltimo, lanz\u00f3 una advertencia contundente, recordando que la problem\u00e1tica de la educaci\u00f3n no puede ser ignorada por los gobiernos una vez que asumen el poder. Hizo hincapi\u00e9 en la importancia de los comedores escolares para los ni\u00f1os m\u00e1s vulnerables y critic\u00f3 la falta de transferencias de fondos desde el gobierno nacional en este aspecto crucial.<\/p>\n","protected":false},"excerpt":{"rendered":"<p>Los trabajadores, principales afectados por el recorte del FONID, se suman a los reclamos que ya realizaron los gobernadores y partidos de la oposici\u00f3n<\/p>\n","protected":false},"author":8,"featured_media":0,"comment_status":"closed","ping_status":"closed","sticky":false,"template":"","format":"standard","meta":{"_jetpack_newsletter_access":"","_jetpack_dont_email_post_to_subs":false,"_jetpack_newsletter_tier_id":0,"_jetpack_memberships_contains_paywalled_content":false,"_jetpack_memberships_contains_paid_content":false,"footnotes":""},"categories":[51,1],"tags":[],"class_list":["post-120962","post","type-post","status-publish","format-standard","hentry","category-politica","category-sociedad"],"jetpack_featured_media_url":"","jetpack_shortlink":"https:\/\/wp.me\/p2JWE0-vt0","jetpack-related-posts":[{"id":121082,"url":"https:\/\/www.24baires.com\/?p=121082","url_meta":{"origin":120962,"position":0},"title":"Sin acuerdo con los docentes tras la Paritaria Nacional: anunciaron jornada de protesta","author":"GB","date":"06\/03\/2024","format":false,"excerpt":"Los gremios docentes consideraron la propuesta salarial del gobierno como insuficiente y se mantienen en \u201cestado de alerta y movilizaci\u00f3n, a la espera de una oferta razonable\u201d La Confederaci\u00f3n de Trabajadores de la Educaci\u00f3n (CTERA), luego de la reuni\u00f3n con representantes del gobierno de Javier Milei en el marco de\u2026","rel":"","context":"En \u00abPol\u00edtica\u00bb","block_context":{"text":"Pol\u00edtica","link":"https:\/\/www.24baires.com\/?cat=51"},"img":{"alt_text":"","src":"https:\/\/i0.wp.com\/www.24baires.com\/wp-content\/uploads\/2024\/03\/cyera.webp?resize=350%2C200","width":350,"height":200,"srcset":"https:\/\/i0.wp.com\/www.24baires.com\/wp-content\/uploads\/2024\/03\/cyera.webp?resize=350%2C200 1x, https:\/\/i0.wp.com\/www.24baires.com\/wp-content\/uploads\/2024\/03\/cyera.webp?resize=525%2C300 1.5x, https:\/\/i0.wp.com\/www.24baires.com\/wp-content\/uploads\/2024\/03\/cyera.webp?resize=700%2C400 2x"},"classes":[]},{"id":104289,"url":"https:\/\/www.24baires.com\/?p=104289","url_meta":{"origin":120962,"position":1},"title":"Docentes realizar\u00e1n un paro nacional con movilizaci\u00f3n en \u201cdefensa del presupuesto educativo\u201d","author":"GB","date":"05\/09\/2018","format":false,"excerpt":"Desde la Ctera dieron a conocer que la medida de llevar\u00e1 a cabo el jueves 13 y contar\u00e1 con una Marcha Nacional al Congreso de la Naci\u00f3n. La secretaria general de Ctera, Sonia Alesso, confirm\u00f3 la convocatoria a un paro en todo el pa\u00eds para el jueves 13 de este\u2026","rel":"","context":"En \u00abSociedad\u00bb","block_context":{"text":"Sociedad","link":"https:\/\/www.24baires.com\/?cat=1"},"img":{"alt_text":"","src":"https:\/\/i0.wp.com\/www.24baires.com\/wp-content\/uploads\/2018\/08\/marcha-federal.jpg?resize=350%2C200","width":350,"height":200,"srcset":"https:\/\/i0.wp.com\/www.24baires.com\/wp-content\/uploads\/2018\/08\/marcha-federal.jpg?resize=350%2C200 1x, https:\/\/i0.wp.com\/www.24baires.com\/wp-content\/uploads\/2018\/08\/marcha-federal.jpg?resize=525%2C300 1.5x"},"classes":[]},{"id":115736,"url":"https:\/\/www.24baires.com\/?p=115736","url_meta":{"origin":120962,"position":2},"title":"Se acord\u00f3 un pago extraordinario a docentes por la pandemia","author":"AF","date":"24\/07\/2020","format":false,"excerpt":"El Gobierno nacional acord\u00f3 hoy con los cinco gremios docentes la paritaria nacional del sector. La novedad es que se estableci\u00f3 la continuidad del pago de una suma extraordinaria a cuenta del Fondo Nacional de Incentivo Docente (FONID), de 4840 pesos por cargo. Se trata de una suma que se\u2026","rel":"","context":"En \u00abSociedad\u00bb","block_context":{"text":"Sociedad","link":"https:\/\/www.24baires.com\/?cat=1"},"img":{"alt_text":"","src":"https:\/\/i0.wp.com\/www.24baires.com\/wp-content\/uploads\/2020\/07\/TROTTA.jpg?resize=350%2C200","width":350,"height":200,"srcset":"https:\/\/i0.wp.com\/www.24baires.com\/wp-content\/uploads\/2020\/07\/TROTTA.jpg?resize=350%2C200 1x, https:\/\/i0.wp.com\/www.24baires.com\/wp-content\/uploads\/2020\/07\/TROTTA.jpg?resize=525%2C300 1.5x"},"classes":[]},{"id":121175,"url":"https:\/\/www.24baires.com\/?p=121175","url_meta":{"origin":120962,"position":3},"title":"CTERA anunci\u00f3 un paro nacional docente para el jueves 4 de abril","author":"GB","date":"03\/04\/2024","format":false,"excerpt":"Se trata de una protesta por la eliminaci\u00f3n del FONID y la no convocatoria de la Paritaria Nacional Docente. En protesta por la eliminaci\u00f3n del FONID y la no convocatoria de la Paritaria Nacional Docente, los trabajadores docentes nucleados en CTERA anunciaron un paro nacional para el pr\u00f3ximo jueves 4\u2026","rel":"","context":"En \u00abPol\u00edtica\u00bb","block_context":{"text":"Pol\u00edtica","link":"https:\/\/www.24baires.com\/?cat=51"},"img":{"alt_text":"","src":"https:\/\/i0.wp.com\/www.24baires.com\/wp-content\/uploads\/2024\/02\/ctera.webp?resize=350%2C200","width":350,"height":200,"srcset":"https:\/\/i0.wp.com\/www.24baires.com\/wp-content\/uploads\/2024\/02\/ctera.webp?resize=350%2C200 1x, https:\/\/i0.wp.com\/www.24baires.com\/wp-content\/uploads\/2024\/02\/ctera.webp?resize=525%2C300 1.5x, https:\/\/i0.wp.com\/www.24baires.com\/wp-content\/uploads\/2024\/02\/ctera.webp?resize=700%2C400 2x"},"classes":[]},{"id":91502,"url":"https:\/\/www.24baires.com\/?p=91502","url_meta":{"origin":120962,"position":4},"title":"El Gobierno pag\u00f3 el incentivo docente luego de reconocer un \u00aberror\u00bb administrativo","author":"GB","date":"10\/01\/2017","format":false,"excerpt":"El Ministerio de Educaci\u00f3n bonaerense inform\u00f3 hoy que devolvieron el 10% del salario correspondiente al Fondo Nacional de Incentivo Docente luego de que reconocieran un \"inconveniente\" administrativo. Los gremios se hab\u00edan mostrado molestos por la falta de acreditaci\u00f3n. La Direcci\u00f3n General de Cultura y Educaci\u00f3n de la provincia de Buenos\u2026","rel":"","context":"En \u00abPol\u00edtica\u00bb","block_context":{"text":"Pol\u00edtica","link":"https:\/\/www.24baires.com\/?cat=51"},"img":{"alt_text":"","src":"https:\/\/i0.wp.com\/www.24baires.com\/wp-content\/uploads\/2016\/02\/docentes-vidal.jpg?resize=350%2C200","width":350,"height":200,"srcset":"https:\/\/i0.wp.com\/www.24baires.com\/wp-content\/uploads\/2016\/02\/docentes-vidal.jpg?resize=350%2C200 1x, https:\/\/i0.wp.com\/www.24baires.com\/wp-content\/uploads\/2016\/02\/docentes-vidal.jpg?resize=525%2C300 1.5x"},"classes":[]},{"id":122630,"url":"https:\/\/www.24baires.com\/?p=122630","url_meta":{"origin":120962,"position":5},"title":"Ya comenz\u00f3 el paro docente nacional contra el ajuste educativo de Milei","author":"GB","date":"14\/10\/2025","format":false,"excerpt":"La CTERA y gremios universitarios encabezan una Marcha Federal para exigir paritarias, restituci\u00f3n del FONID y mayor presupuesto educativo. Docentes de todos los niveles educativos, desde inicial hasta el universitario, realizan este martes 14 de octubre un paro nacional con movilizaci\u00f3n al Congreso de la Naci\u00f3n, en rechazo al ajuste\u2026","rel":"","context":"En \u00abSociedad\u00bb","block_context":{"text":"Sociedad","link":"https:\/\/www.24baires.com\/?cat=1"},"img":{"alt_text":"","src":"https:\/\/i0.wp.com\/www.24baires.com\/wp-content\/uploads\/2025\/10\/paro-docente.webp?resize=350%2C200","width":350,"height":200,"srcset":"https:\/\/i0.wp.com\/www.24baires.com\/wp-content\/uploads\/2025\/10\/paro-docente.webp?resize=350%2C200 1x, https:\/\/i0.wp.com\/www.24baires.com\/wp-content\/uploads\/2025\/10\/paro-docente.webp?resize=525%2C300 1.5x, https:\/\/i0.wp.com\/www.24baires.com\/wp-content\/uploads\/2025\/10\/paro-docente.webp?resize=700%2C400 2x"},"classes":[]}],"jetpack_sharing_enabled":true,"jetpack_likes_enabled":true,"_links":{"self":[{"href":"https:\/\/www.24baires.com\/index.php?rest_route=\/wp\/v2\/posts\/120962","targetHints":{"allow":["GET"]}}],"collection":[{"href":"https:\/\/www.24baires.com\/index.php?rest_route=\/wp\/v2\/posts"}],"about":[{"href":"https:\/\/www.24baires.com\/index.php?rest_route=\/wp\/v2\/types\/post"}],"author":[{"embeddable":true,"href":"https:\/\/www.24baires.com\/index.php?rest_route=\/wp\/v2\/users\/8"}],"replies":[{"embeddable":true,"href":"https:\/\/www.24baires.com\/index.php?rest_route=%2Fwp%2Fv2%2Fcomments&post=120962"}],"version-history":[{"count":1,"href":"https:\/\/www.24baires.com\/index.php?rest_route=\/wp\/v2\/posts\/120962\/revisions"}],"predecessor-version":[{"id":120964,"href":"https:\/\/www.24baires.com\/index.php?rest_route=\/wp\/v2\/posts\/120962\/revisions\/120964"}],"wp:attachment":[{"href":"https:\/\/www.24baires.com\/index.php?rest_route=%2Fwp%2Fv2%2Fmedia&parent=120962"}],"wp:term":[{"taxonomy":"category","embeddable":true,"href":"https:\/\/www.24baires.com\/index.php?rest_route=%2Fwp%2Fv2%2Fcategories&post=120962"},{"taxonomy":"post_tag","embeddable":true,"href":"https:\/\/www.24baires.com\/index.php?rest_route=%2Fwp%2Fv2%2Ftags&post=120962"}],"curies":[{"name":"wp","href":"https:\/\/api.w.org\/{rel}","templated":true}]}}