{"id":120956,"date":"2024-02-10T08:46:35","date_gmt":"2024-02-10T11:46:35","guid":{"rendered":"http:\/\/www.24baires.com\/?p=120956"},"modified":"2024-02-10T08:46:35","modified_gmt":"2024-02-10T11:46:35","slug":"advierten-que-el-caputazo-dejo-al-pais-con-los-salarios-mas-bajos-de-los-ultimos-20-anos","status":"publish","type":"post","link":"https:\/\/www.24baires.com\/?p=120956","title":{"rendered":"Advierten que el Caputazo dej\u00f3 al pa\u00eds con los salarios m\u00e1s bajos de los \u00faltimos 20 a\u00f1os"},"content":{"rendered":"<p><img data-recalc-dims=\"1\" loading=\"lazy\" decoding=\"async\" class=\"aligncenter wp-image-120957\" src=\"https:\/\/i0.wp.com\/www.24baires.com\/wp-content\/uploads\/2024\/02\/salarios.jpeg?resize=720%2C378\" alt=\"\" width=\"720\" height=\"378\" srcset=\"https:\/\/i0.wp.com\/www.24baires.com\/wp-content\/uploads\/2024\/02\/salarios.jpeg?w=800&amp;ssl=1 800w, https:\/\/i0.wp.com\/www.24baires.com\/wp-content\/uploads\/2024\/02\/salarios.jpeg?resize=300%2C158&amp;ssl=1 300w, https:\/\/i0.wp.com\/www.24baires.com\/wp-content\/uploads\/2024\/02\/salarios.jpeg?resize=768%2C403&amp;ssl=1 768w\" sizes=\"auto, (max-width: 720px) 100vw, 720px\" \/>Un informe de la Universidad Metropolitana para la Educaci\u00f3n y el Trabajo revel\u00f3 que los ingresos formales cayeron un 20% desde la asunci\u00f3n de Javier Milei, producto de la devaluaci\u00f3n. Para el Indec es la peor ca\u00edda desde la hiperinflaci\u00f3n de los 80&#8242;.<!--more--><\/p>\n<p>El salario real de los trabajadores formales se redujo, entre noviembre y enero, un 20%, y lleg\u00f3 a \u00abuno de los niveles m\u00e1s bajos de los \u00faltimos 20 a\u00f1os\u00bb; al tiempo que la inflaci\u00f3n alcanz\u00f3 un 52,4% en el \u00faltimo bimestre (un 22,6% en el primer mes del a\u00f1o), producto del arrastre estad\u00edstico de diciembre cuando el gobierno de Javier Milei implement\u00f3 la devaluaci\u00f3n del 120% del peso.<\/p>\n<p>Los datos publicados en el \u00faltimo informe del Instituto de Estad\u00edstica de los Trabajadores (IET) de la Universidad Metropolitana para la Educaci\u00f3n y el Trabajo (UMET) y el Centro para la Concertaci\u00f3n y el Desarrollo (CCD) dan cuenta, adem\u00e1s, que la inflaci\u00f3n interanual alcanz\u00f3 el 260,4% en doce meses.<\/p>\n<p>Al respecto, el director ejecutivo del CCD, Nicol\u00e1s Trotta, denunci\u00f3 que \u00abdos meses le han bastado a este nuevo gobierno para sumir a la Argentina en un cuadro de fragilidad social sin precedentes desde la crisis de 2001. Este gobierno pretendidamente liberal tiene en verdad el objetivo profundamente conservador de borrar la contribuci\u00f3n peronista a la integraci\u00f3n y la justicia social\u00bb.<\/p>\n<p>Asimismo, el estudio agrega que el notable aumento en los precios en diciembre fue \u00abconsecuencia directa de la devaluaci\u00f3n ocurrida el 12 de diciembre, con impactos parciales extendidos hasta enero\u00bb. Y suma: \u00abEn enero, el rubro de Transporte fue el m\u00e1s afectado, con un incremento del 27,1%, seguido por Alimentos y Bebidas con un 26,1%\u00bb.<\/p>\n<p>Por otra parte, \u00abOtros bienes y servicios\u00bb subi\u00f3 25,7%, con fuertes incrementos en productos de higiene personal, mientras que Educaci\u00f3n (25%) y Comunicaciones (23,7%) tambi\u00e9n aumentaron por encima de la media.<\/p>\n<p>\u00abEn un n\u00famero similar al promedio encontramos a Salud (22,6%, en un mes con fuertes ajustes en prepagas y medicamentos), seguido luego por Recreaci\u00f3n y cultura (20%), Equipamiento del hogar (18,4%), Indumentaria y calzado (16%) y Vivienda (13,6%). Este \u00faltimo rubro present\u00f3 subas m\u00e1s moderadas debido a que todav\u00eda no se produjeron los ajustes en las tarifas de servicios p\u00fablicos y, tambi\u00e9n, porque los alquileres tienen un mayor componente inercial que otros rubros\u201d, subraya el trabajo.<\/p>\n<p>En cuanto a los ingresos, el IET inform\u00f3 que el salario real sufri\u00f3 una contracci\u00f3n del 20% entre noviembre y enero, \u00absitu\u00e1ndose en los niveles m\u00e1s bajos de los \u00faltimos 20 a\u00f1os\u00bb. Y explic\u00f3: \u00abEsta reducci\u00f3n representa una de las m\u00e1s dr\u00e1sticas en un lapso tan breve, dejando los salarios en niveles comparables a los de fines de los a\u00f1os 40&#8242; y un 28% menores a los de 1970\u00bb.<\/p>\n","protected":false},"excerpt":{"rendered":"<p>Un informe de la Universidad Metropolitana para la Educaci\u00f3n y el Trabajo revel\u00f3 que los ingresos formales cayeron un 20% desde la asunci\u00f3n de Javier Milei, producto de la devaluaci\u00f3n. Para el Indec es la peor ca\u00edda desde la hiperinflaci\u00f3n de los 80&#8242;.<\/p>\n","protected":false},"author":8,"featured_media":0,"comment_status":"closed","ping_status":"closed","sticky":false,"template":"","format":"standard","meta":{"_jetpack_newsletter_access":"","_jetpack_dont_email_post_to_subs":false,"_jetpack_newsletter_tier_id":0,"_jetpack_memberships_contains_paywalled_content":false,"_jetpack_memberships_contains_paid_content":false,"footnotes":""},"categories":[45,1],"tags":[],"class_list":["post-120956","post","type-post","status-publish","format-standard","hentry","category-economia","category-sociedad"],"jetpack_featured_media_url":"","jetpack_shortlink":"https:\/\/wp.me\/p2JWE0-vsU","jetpack-related-posts":[{"id":102602,"url":"https:\/\/www.24baires.com\/?p=102602","url_meta":{"origin":120956,"position":0},"title":"La inflaci\u00f3n ya alcanz\u00f3 el 27 por ciento","author":"GB","date":"08\/06\/2018","format":false,"excerpt":"El Instituto Estad\u00edstico de la Universidad Metropolitana para la Educaci\u00f3n y el Trabajo (UMET) adelant\u00f3 que la devaluaci\u00f3n, que seguir\u00e1 presionando sobre los precios en junio y julio y sentenci\u00f3: \u201cNuestra previsi\u00f3n `intermedia\u00b4 arroja una inflaci\u00f3n del 30 por ciento para 2018\u201d. El Instituto Estad\u00edstico de la Universidad Metropolitana para\u2026","rel":"","context":"En \u00abEconom\u00eda\u00bb","block_context":{"text":"Econom\u00eda","link":"https:\/\/www.24baires.com\/?cat=45"},"img":{"alt_text":"","src":"https:\/\/i0.wp.com\/www.24baires.com\/wp-content\/uploads\/2017\/07\/fila-supermercado.jpg?resize=350%2C200","width":350,"height":200,"srcset":"https:\/\/i0.wp.com\/www.24baires.com\/wp-content\/uploads\/2017\/07\/fila-supermercado.jpg?resize=350%2C200 1x, https:\/\/i0.wp.com\/www.24baires.com\/wp-content\/uploads\/2017\/07\/fila-supermercado.jpg?resize=525%2C300 1.5x"},"classes":[]},{"id":121349,"url":"https:\/\/www.24baires.com\/?p=121349","url_meta":{"origin":120956,"position":1},"title":"En medio de la ca\u00edda del salario y el consumo, la inflaci\u00f3n de abril fue del 8,8%","author":"GB","date":"15\/05\/2024","format":false,"excerpt":"El INDEC inform\u00f3 que los precios aumentaron un 8,8% en abril, un 289,4% interanual y un 65% en el primer cuatrimestre. El Instituto Nacional de Estad\u00edsticas y Censos (INDEC) dio a conocer este martes el \u00cdndice de Precios al Consumidor (IPC) e inform\u00f3 que la inflaci\u00f3n del mes de abril\u2026","rel":"","context":"En \u00abConsumidores\u00bb","block_context":{"text":"Consumidores","link":"https:\/\/www.24baires.com\/?cat=78"},"img":{"alt_text":"","src":"https:\/\/i0.wp.com\/www.24baires.com\/wp-content\/uploads\/2024\/02\/super.jpeg?resize=350%2C200","width":350,"height":200,"srcset":"https:\/\/i0.wp.com\/www.24baires.com\/wp-content\/uploads\/2024\/02\/super.jpeg?resize=350%2C200 1x, https:\/\/i0.wp.com\/www.24baires.com\/wp-content\/uploads\/2024\/02\/super.jpeg?resize=525%2C300 1.5x, https:\/\/i0.wp.com\/www.24baires.com\/wp-content\/uploads\/2024\/02\/super.jpeg?resize=700%2C400 2x"},"classes":[]},{"id":108011,"url":"https:\/\/www.24baires.com\/?p=108011","url_meta":{"origin":120956,"position":2},"title":"Consultoras privadas proyectan una inflaci\u00f3n en abril que va del 3,5% al 4,6%","author":"GB","date":"07\/05\/2019","format":false,"excerpt":"De este modo, la inflaci\u00f3n calculada entre abril de 2018 e igual mes de este a\u00f1o trep\u00f3 al 56,6% Las consultoras privadas proyectan una inflaci\u00f3n en abril que va del 3,5% al 4,6% Los precios subieron 4,6% en abril, impulsados por los rubros indumentaria y calzado, bienes y servicios y\u2026","rel":"","context":"En \u00abLocales\u00bb","block_context":{"text":"Locales","link":"https:\/\/www.24baires.com\/?cat=38"},"img":{"alt_text":"","src":"https:\/\/i0.wp.com\/www.24baires.com\/wp-content\/uploads\/2016\/12\/supermercado.jpg?resize=350%2C200","width":350,"height":200,"srcset":"https:\/\/i0.wp.com\/www.24baires.com\/wp-content\/uploads\/2016\/12\/supermercado.jpg?resize=350%2C200 1x, https:\/\/i0.wp.com\/www.24baires.com\/wp-content\/uploads\/2016\/12\/supermercado.jpg?resize=525%2C300 1.5x"},"classes":[]},{"id":120556,"url":"https:\/\/www.24baires.com\/?p=120556","url_meta":{"origin":120956,"position":3},"title":"Kicillof defini\u00f3 a Milei como \u00abun curandero que ofrece soluciones m\u00e1gicas\u00bb","author":"AF","date":"13\/10\/2023","format":false,"excerpt":"El gobernador bonaerense equipar\u00f3 los planes del candidato libertario con la convertibilidad de Menem-Cavallo, que provoc\u00f3 \"el fallecimiento de la producci\u00f3n nacional, la p\u00e9rdida del valor del salario, un 18 por ciento de desempleo y un endeudamiento enorme\".\"Es lo m\u00e1s viejo que te pueden ofrecer y viene acompa\u00f1ado de toda\u2026","rel":"","context":"En \u00abPol\u00edtica\u00bb","block_context":{"text":"Pol\u00edtica","link":"https:\/\/www.24baires.com\/?cat=51"},"img":{"alt_text":"","src":"https:\/\/i0.wp.com\/www.24baires.com\/wp-content\/uploads\/2023\/09\/kicillof.webp?resize=350%2C200","width":350,"height":200,"srcset":"https:\/\/i0.wp.com\/www.24baires.com\/wp-content\/uploads\/2023\/09\/kicillof.webp?resize=350%2C200 1x, https:\/\/i0.wp.com\/www.24baires.com\/wp-content\/uploads\/2023\/09\/kicillof.webp?resize=525%2C300 1.5x, https:\/\/i0.wp.com\/www.24baires.com\/wp-content\/uploads\/2023\/09\/kicillof.webp?resize=700%2C400 2x"},"classes":[]},{"id":120895,"url":"https:\/\/www.24baires.com\/?p=120895","url_meta":{"origin":120956,"position":4},"title":"Massa critic\u00f3 la vuelta del Impuesto a las Ganancias: \u00abRarezas de la libertad\u00bb","author":"AF","date":"23\/01\/2024","format":false,"excerpt":"Sergio Massa, exministro de Econom\u00eda y excandidato presidencial de Uni\u00f3n por la Patria, critic\u00f3 este martes la pol\u00edtica impositiva del Gobierno de Javier Milei, que beneficia a los evasores y perjudica a los trabajadores, luego de que se conociera que el Ejecutivo mandar\u00e1 al Congreso un proyecto de ley para\u2026","rel":"","context":"En \u00abPol\u00edtica\u00bb","block_context":{"text":"Pol\u00edtica","link":"https:\/\/www.24baires.com\/?cat=51"},"img":{"alt_text":"","src":"https:\/\/i0.wp.com\/www.24baires.com\/wp-content\/uploads\/2023\/07\/massa.jpg?resize=350%2C200","width":350,"height":200,"srcset":"https:\/\/i0.wp.com\/www.24baires.com\/wp-content\/uploads\/2023\/07\/massa.jpg?resize=350%2C200 1x, https:\/\/i0.wp.com\/www.24baires.com\/wp-content\/uploads\/2023\/07\/massa.jpg?resize=525%2C300 1.5x, https:\/\/i0.wp.com\/www.24baires.com\/wp-content\/uploads\/2023\/07\/massa.jpg?resize=700%2C400 2x"},"classes":[]},{"id":110921,"url":"https:\/\/www.24baires.com\/?p=110921","url_meta":{"origin":120956,"position":5},"title":"Cada dos minutos se pierde un empleo en blanco","author":"AF","date":"24\/06\/2019","format":false,"excerpt":"Tanto la Universidad Cat\u00f3lica Argentina (UCA) como la Universidad Nacional de Avellaneda (UNDAV) advirtieron sobre la cr\u00edtica situaci\u00f3n con informes estad\u00edsticos. Para el Observatorio de Pol\u00edticas P\u00fablicas de la Universidad Nacional de Avellaneda (UndAv) la problem\u00e1tica del empleo se debe al \u201ccambio radical\u201d en la matriz macroecon\u00f3mica desde iniciado a\u2026","rel":"","context":"En \u00abSociedad\u00bb","block_context":{"text":"Sociedad","link":"https:\/\/www.24baires.com\/?cat=1"},"img":{"alt_text":"","src":"https:\/\/i0.wp.com\/www.24baires.com\/wp-content\/uploads\/2016\/08\/desempleo.jpg?resize=350%2C200","width":350,"height":200,"srcset":"https:\/\/i0.wp.com\/www.24baires.com\/wp-content\/uploads\/2016\/08\/desempleo.jpg?resize=350%2C200 1x, https:\/\/i0.wp.com\/www.24baires.com\/wp-content\/uploads\/2016\/08\/desempleo.jpg?resize=525%2C300 1.5x"},"classes":[]}],"jetpack_sharing_enabled":true,"jetpack_likes_enabled":true,"_links":{"self":[{"href":"https:\/\/www.24baires.com\/index.php?rest_route=\/wp\/v2\/posts\/120956","targetHints":{"allow":["GET"]}}],"collection":[{"href":"https:\/\/www.24baires.com\/index.php?rest_route=\/wp\/v2\/posts"}],"about":[{"href":"https:\/\/www.24baires.com\/index.php?rest_route=\/wp\/v2\/types\/post"}],"author":[{"embeddable":true,"href":"https:\/\/www.24baires.com\/index.php?rest_route=\/wp\/v2\/users\/8"}],"replies":[{"embeddable":true,"href":"https:\/\/www.24baires.com\/index.php?rest_route=%2Fwp%2Fv2%2Fcomments&post=120956"}],"version-history":[{"count":1,"href":"https:\/\/www.24baires.com\/index.php?rest_route=\/wp\/v2\/posts\/120956\/revisions"}],"predecessor-version":[{"id":120958,"href":"https:\/\/www.24baires.com\/index.php?rest_route=\/wp\/v2\/posts\/120956\/revisions\/120958"}],"wp:attachment":[{"href":"https:\/\/www.24baires.com\/index.php?rest_route=%2Fwp%2Fv2%2Fmedia&parent=120956"}],"wp:term":[{"taxonomy":"category","embeddable":true,"href":"https:\/\/www.24baires.com\/index.php?rest_route=%2Fwp%2Fv2%2Fcategories&post=120956"},{"taxonomy":"post_tag","embeddable":true,"href":"https:\/\/www.24baires.com\/index.php?rest_route=%2Fwp%2Fv2%2Ftags&post=120956"}],"curies":[{"name":"wp","href":"https:\/\/api.w.org\/{rel}","templated":true}]}}