{"id":120939,"date":"2024-02-06T08:54:29","date_gmt":"2024-02-06T11:54:29","guid":{"rendered":"http:\/\/www.24baires.com\/?p=120939"},"modified":"2024-02-06T08:54:29","modified_gmt":"2024-02-06T11:54:29","slug":"llega-el-tarifazo-de-la-luz-advierten-que-nadie-pagara-menos-de-6-500-pesos","status":"publish","type":"post","link":"https:\/\/www.24baires.com\/?p=120939","title":{"rendered":"Llega el tarifazo de la luz: advierten que nadie pagar\u00e1 menos de 6.500 pesos"},"content":{"rendered":"<p><img data-recalc-dims=\"1\" loading=\"lazy\" decoding=\"async\" class=\"aligncenter wp-image-80621\" src=\"https:\/\/i0.wp.com\/www.24baires.com\/wp-content\/uploads\/2016\/03\/electricidad.jpg?resize=720%2C429\" alt=\"\" width=\"720\" height=\"429\" srcset=\"https:\/\/i0.wp.com\/www.24baires.com\/wp-content\/uploads\/2016\/03\/electricidad.jpg?w=560&amp;ssl=1 560w, https:\/\/i0.wp.com\/www.24baires.com\/wp-content\/uploads\/2016\/03\/electricidad.jpg?resize=300%2C179&amp;ssl=1 300w\" sizes=\"auto, (max-width: 720px) 100vw, 720px\" \/>Usuarios residenciales, comercios e industrias, clientes de EDENOR Y EDESUR, reibir\u00e1n facturas con aumentos de luz de m\u00e1s de 100 por ciento.<!--more--><\/p>\n<p>Las tarifas de luz para los usuarios del AMBA -clientes de EDENOR y EDESUR- llegar\u00e1n este mes con aumentos de m\u00e1s de 100 por ciento, advirti\u00f3 el especialista y ex interventor del ENRE, Walter Martello.<\/p>\n<p>La noticia llega luego de que el Gobierno defina los aumentos tras discutirlos en audiencias p\u00fablicas. Hogares considerados de \u00abaltos ingresos\u00bb, pero tambi\u00e9n comercios e industrias ver\u00e1n multiplicados los valores que ven\u00edan pagando.<\/p>\n<p>La suba afecta a 3 millones de usuarios que pasar\u00e1n de pagar 8 mil pesos a 20 mil. El resto de los clientes notar\u00e1n los aumentos en mayo, cuando se defina la pol\u00edtica de subsidios. La intenci\u00f3n del gobierno es cubrir una \u00abcanasta b\u00e1sica energ\u00e9tica\u00bb cuyos alcances no est\u00e1n claros a\u00fan.<\/p>\n<p>Tras la publicaci\u00f3n del precio estacional y la potencia, Walter Martello anticip\u00f3 que los incrementos \u00abllegar\u00e1n a mas del 350% en las facturas de luz dentro de 60 d\u00edas , cuando se incorpor\u00e9 el VAD, m\u00e1s el impacto de impuestos y cargos que constituyen la factura\u00bb.<\/p>\n","protected":false},"excerpt":{"rendered":"<p>Usuarios residenciales, comercios e industrias, clientes de EDENOR Y EDESUR, reibir\u00e1n facturas con aumentos de luz de m\u00e1s de 100 por ciento.<\/p>\n","protected":false},"author":8,"featured_media":0,"comment_status":"closed","ping_status":"closed","sticky":false,"template":"","format":"standard","meta":{"_jetpack_newsletter_access":"","_jetpack_dont_email_post_to_subs":false,"_jetpack_newsletter_tier_id":0,"_jetpack_memberships_contains_paywalled_content":false,"_jetpack_memberships_contains_paid_content":false,"footnotes":""},"categories":[78],"tags":[],"class_list":["post-120939","post","type-post","status-publish","format-standard","hentry","category-consumidores"],"jetpack_featured_media_url":"","jetpack_shortlink":"https:\/\/wp.me\/p2JWE0-vsD","jetpack-related-posts":[{"id":104562,"url":"https:\/\/www.24baires.com\/?p=104562","url_meta":{"origin":120939,"position":0},"title":"Vidal autoriz\u00f3 un nuevo aumento del 24% para la tarifa de luz","author":"AF","date":"19\/09\/2018","format":false,"excerpt":"\"Hay que pagar con alegr\u00eda m\u00e1s Impuesto a las Ganancias\", hab\u00eda dicho Macri cuando redujo las retenciones al campo. Ahora se viene el tarifazo de la luz en la Provincia de Buenos Aires. El Gobierno bonaerense, que conduce Mar\u00eda Eugenia Vidal, autoriz\u00f3 aumentos promedio del 24% a partir del lunes\u2026","rel":"","context":"En \u00abSociedad\u00bb","block_context":{"text":"Sociedad","link":"https:\/\/www.24baires.com\/?cat=1"},"img":{"alt_text":"","src":"https:\/\/i0.wp.com\/www.24baires.com\/wp-content\/uploads\/2018\/03\/vidal-1.jpg?resize=350%2C200","width":350,"height":200,"srcset":"https:\/\/i0.wp.com\/www.24baires.com\/wp-content\/uploads\/2018\/03\/vidal-1.jpg?resize=350%2C200 1x, https:\/\/i0.wp.com\/www.24baires.com\/wp-content\/uploads\/2018\/03\/vidal-1.jpg?resize=525%2C300 1.5x"},"classes":[]},{"id":38897,"url":"https:\/\/www.24baires.com\/?p=38897","url_meta":{"origin":120939,"position":1},"title":"El Gobierno se\u00f1al\u00f3 que \u00abEdenor y Edesur no reciben ning\u00fan subsidio\u00bb","author":"GB","date":"20\/01\/2014","format":false,"excerpt":"El ministerio de Planificaci\u00f3n Federal se\u00f1al\u00f3 que \"las distribuidoras Edenor y Edesur no reciben ning\u00fan subsidio del Estado Nacional\", en respuesta a una nota publicada en el diario \u00c1mbito Financiero. \"Las distribuidoras Edenor y Edesur, que prestan el servicio de distribuci\u00f3n de electricidad en el \u00e1rea metropolitana de Buenos Aires,\u2026","rel":"","context":"En \u00abEconom\u00eda\u00bb","block_context":{"text":"Econom\u00eda","link":"https:\/\/www.24baires.com\/?cat=45"},"img":{"alt_text":"edesur","src":"https:\/\/i0.wp.com\/www.24baires.com\/wp-content\/uploads\/2014\/01\/edesur.jpg?resize=350%2C200","width":350,"height":200,"srcset":"https:\/\/i0.wp.com\/www.24baires.com\/wp-content\/uploads\/2014\/01\/edesur.jpg?resize=350%2C200 1x, https:\/\/i0.wp.com\/www.24baires.com\/wp-content\/uploads\/2014\/01\/edesur.jpg?resize=525%2C300 1.5x"},"classes":[]},{"id":100994,"url":"https:\/\/www.24baires.com\/?p=100994","url_meta":{"origin":120939,"position":2},"title":"Edenor y Edesur devolver\u00e1n dinero a usuarios que sufrieron cortes de luz","author":"AF","date":"12\/03\/2018","format":false,"excerpt":"El reintegro por calidad del servicio se hace en forma de cr\u00e9dito en las facturas posteriores a los semestres de control del 2017. Se benificiar\u00e1n unos 660.957 clientes. Las empresas Edenor y Edesur devolver\u00e1n a los usuarios casi $200 millones por los cortes de 2017. El reintegro por calidad del\u2026","rel":"","context":"En \u00abSociedad\u00bb","block_context":{"text":"Sociedad","link":"https:\/\/www.24baires.com\/?cat=1"},"img":{"alt_text":"","src":"https:\/\/i0.wp.com\/www.24baires.com\/wp-content\/uploads\/2018\/03\/corte-luz.jpg?resize=350%2C200","width":350,"height":200,"srcset":"https:\/\/i0.wp.com\/www.24baires.com\/wp-content\/uploads\/2018\/03\/corte-luz.jpg?resize=350%2C200 1x, https:\/\/i0.wp.com\/www.24baires.com\/wp-content\/uploads\/2018\/03\/corte-luz.jpg?resize=525%2C300 1.5x"},"classes":[]},{"id":91961,"url":"https:\/\/www.24baires.com\/?p=91961","url_meta":{"origin":120939,"position":3},"title":"A partir de la semana que viene sube la luz","author":"GB","date":"27\/01\/2017","format":false,"excerpt":"Desde el mi\u00e9rcoles pr\u00f3ximo regir\u00e1n nuevos cuadros tarifarios, con un incremento estimado de 40%, aunque a\u00fan no est\u00e1 definido; Edenor y Edesur pidieron subas de hasta 80%. Los economistas prev\u00e9n que la medida del Gobierno impacte directamente en la inflaci\u00f3n del mes que viene. A partir de febrero aumentar\u00e1 el\u2026","rel":"","context":"En \u00abConsumidores\u00bb","block_context":{"text":"Consumidores","link":"https:\/\/www.24baires.com\/?cat=78"},"img":{"alt_text":"","src":"https:\/\/i0.wp.com\/www.24baires.com\/wp-content\/uploads\/2016\/03\/electricidad.jpg?resize=350%2C200","width":350,"height":200,"srcset":"https:\/\/i0.wp.com\/www.24baires.com\/wp-content\/uploads\/2016\/03\/electricidad.jpg?resize=350%2C200 1x, https:\/\/i0.wp.com\/www.24baires.com\/wp-content\/uploads\/2016\/03\/electricidad.jpg?resize=525%2C300 1.5x"},"classes":[]},{"id":115755,"url":"https:\/\/www.24baires.com\/?p=115755","url_meta":{"origin":120939,"position":4},"title":"La Defensor\u00eda de la Provincia pidi\u00f3 la rescisi\u00f3n del contrato de Edesur","author":"AF","date":"27\/07\/2020","format":false,"excerpt":"El Defensor del Pueblo de la Provincia de Buenos Aires, Guido Lorenzino, confirm\u00f3 hoy que reclam\u00f3 de manera formal que se le quite la concesi\u00f3n del servicio de energ\u00eda el\u00e9ctrica a Edesur \"por incumplimiento del contrato\" y aclar\u00f3 que \"no es una expropiaci\u00f3n\". \"Entre las multas y los incumplimientos vamos\u2026","rel":"","context":"En \u00abProvincia\u00bb","block_context":{"text":"Provincia","link":"https:\/\/www.24baires.com\/?cat=40"},"img":{"alt_text":"","src":"https:\/\/i0.wp.com\/www.24baires.com\/wp-content\/uploads\/2020\/07\/queremos-luz.jpg?resize=350%2C200","width":350,"height":200,"srcset":"https:\/\/i0.wp.com\/www.24baires.com\/wp-content\/uploads\/2020\/07\/queremos-luz.jpg?resize=350%2C200 1x, https:\/\/i0.wp.com\/www.24baires.com\/wp-content\/uploads\/2020\/07\/queremos-luz.jpg?resize=525%2C300 1.5x"},"classes":[]},{"id":106674,"url":"https:\/\/www.24baires.com\/?p=106674","url_meta":{"origin":120939,"position":5},"title":"A pesar de los tarifazos, hubo un 59% m\u00e1s de cortes de luz durante la gesti\u00f3n de Macri","author":"AF","date":"04\/02\/2019","format":false,"excerpt":"As\u00ed se desprende de un informe del Centro de Estudios para la Promoci\u00f3n de la Igualdad y la Solidaridad (Cepis) para el \u00e1rea metropolitana de Buenos Aires que forma parte de una demanda para retrotraer el \u00faltimo aumento. El n\u00famero de usuarios que sufrieron cortes de energ\u00eda el\u00e9ctrica creci\u00f3 un\u2026","rel":"","context":"En \u00abSociedad\u00bb","block_context":{"text":"Sociedad","link":"https:\/\/www.24baires.com\/?cat=1"},"img":{"alt_text":"","src":"https:\/\/i0.wp.com\/www.24baires.com\/wp-content\/uploads\/2015\/06\/corte-luz.jpg?resize=350%2C200","width":350,"height":200,"srcset":"https:\/\/i0.wp.com\/www.24baires.com\/wp-content\/uploads\/2015\/06\/corte-luz.jpg?resize=350%2C200 1x, https:\/\/i0.wp.com\/www.24baires.com\/wp-content\/uploads\/2015\/06\/corte-luz.jpg?resize=525%2C300 1.5x"},"classes":[]}],"jetpack_sharing_enabled":true,"jetpack_likes_enabled":true,"_links":{"self":[{"href":"https:\/\/www.24baires.com\/index.php?rest_route=\/wp\/v2\/posts\/120939","targetHints":{"allow":["GET"]}}],"collection":[{"href":"https:\/\/www.24baires.com\/index.php?rest_route=\/wp\/v2\/posts"}],"about":[{"href":"https:\/\/www.24baires.com\/index.php?rest_route=\/wp\/v2\/types\/post"}],"author":[{"embeddable":true,"href":"https:\/\/www.24baires.com\/index.php?rest_route=\/wp\/v2\/users\/8"}],"replies":[{"embeddable":true,"href":"https:\/\/www.24baires.com\/index.php?rest_route=%2Fwp%2Fv2%2Fcomments&post=120939"}],"version-history":[{"count":1,"href":"https:\/\/www.24baires.com\/index.php?rest_route=\/wp\/v2\/posts\/120939\/revisions"}],"predecessor-version":[{"id":120940,"href":"https:\/\/www.24baires.com\/index.php?rest_route=\/wp\/v2\/posts\/120939\/revisions\/120940"}],"wp:attachment":[{"href":"https:\/\/www.24baires.com\/index.php?rest_route=%2Fwp%2Fv2%2Fmedia&parent=120939"}],"wp:term":[{"taxonomy":"category","embeddable":true,"href":"https:\/\/www.24baires.com\/index.php?rest_route=%2Fwp%2Fv2%2Fcategories&post=120939"},{"taxonomy":"post_tag","embeddable":true,"href":"https:\/\/www.24baires.com\/index.php?rest_route=%2Fwp%2Fv2%2Ftags&post=120939"}],"curies":[{"name":"wp","href":"https:\/\/api.w.org\/{rel}","templated":true}]}}