{"id":120921,"date":"2024-01-31T19:43:30","date_gmt":"2024-01-31T22:43:30","guid":{"rendered":"http:\/\/www.24baires.com\/?p=120921"},"modified":"2024-01-31T23:46:29","modified_gmt":"2024-02-01T02:46:29","slug":"congreso-gendarmeria-avanza-contra-los-manifestantes","status":"publish","type":"post","link":"https:\/\/www.24baires.com\/?p=120921","title":{"rendered":"Congreso: Gendarmer\u00eda avanza contra los manifestantes"},"content":{"rendered":"<p><img data-recalc-dims=\"1\" loading=\"lazy\" decoding=\"async\" class=\"aligncenter wp-image-120922\" src=\"https:\/\/i0.wp.com\/www.24baires.com\/wp-content\/uploads\/2024\/01\/WhatsApp-Image-2024-01-31-at-23.44.31.jpeg?resize=720%2C405\" alt=\"\" width=\"720\" height=\"405\" srcset=\"https:\/\/i0.wp.com\/www.24baires.com\/wp-content\/uploads\/2024\/01\/WhatsApp-Image-2024-01-31-at-23.44.31.jpeg?w=1200&amp;ssl=1 1200w, https:\/\/i0.wp.com\/www.24baires.com\/wp-content\/uploads\/2024\/01\/WhatsApp-Image-2024-01-31-at-23.44.31.jpeg?resize=300%2C169&amp;ssl=1 300w, https:\/\/i0.wp.com\/www.24baires.com\/wp-content\/uploads\/2024\/01\/WhatsApp-Image-2024-01-31-at-23.44.31.jpeg?resize=1024%2C576&amp;ssl=1 1024w, https:\/\/i0.wp.com\/www.24baires.com\/wp-content\/uploads\/2024\/01\/WhatsApp-Image-2024-01-31-at-23.44.31.jpeg?resize=768%2C432&amp;ssl=1 768w\" sizes=\"auto, (max-width: 720px) 100vw, 720px\" \/>Las fuerzas de seguridad formaron un cord\u00f3n policial para garantizar la circulaci\u00f3n vehicular luego de que la protesta ocupara carriles de las avenidas Rivadavia y Entre R\u00edos. Organizaciones sociales y de derechos humanos se movilizan contra la ley \u00f3mnibus que debate la C\u00e1mara de Diputados.<!--more--><\/p>\n<p>Mientras la C\u00e1mara de Diputados avanza con el debate de la ley \u00f3mnibus impulsada por Javier Milei, afuera del Congreso, la situaci\u00f3n entre agrupaciones sociales y pol\u00edticas de izquierda y efectivos de Gendarmer\u00eda Nacional se tensiona por un corte en la Avenida Rivadavia.<\/p>\n<p>Organizaciones piqueteras y de derechos humanos se movilizan desde esta ma\u00f1ana en la Plaza de los dos Congresos en reclamo por el megapaquete de reformas. La jornada se desarroll\u00f3 de manera pac\u00edfica durante las primeras siete horas de debate, pero pasadas las 17 horas comenzaron los primeros incidentes con las fuerzas de seguridad.<\/p>\n<p>Un grupo de manifestantes avanz\u00f3 sobre la Avenida Rivadavia y algunos carriles de la Avenida Entre R\u00edos, obstaculizando la circulaci\u00f3n vehicular, y las fuerzas de seguridad aplicaron el protocolo antipiquetes dise\u00f1ado por la ministra Patricia Bullrich. La Polic\u00eda Federal, junto a Gendarmer\u00eda Nacional, conformaron un cord\u00f3n policial para contener el avance de la movilizaci\u00f3n y lograr que la protesta vuelva a desarrollarse exclusivamente sobre la vereda.<\/p>\n<p>Fuente: eldiarioar.com<\/p>\n","protected":false},"excerpt":{"rendered":"<p>Las fuerzas de seguridad formaron un cord\u00f3n policial para garantizar la circulaci\u00f3n vehicular luego de que la protesta ocupara carriles de las avenidas Rivadavia y Entre R\u00edos. Organizaciones sociales y de derechos humanos se movilizan contra la ley \u00f3mnibus que debate la C\u00e1mara de Diputados.<\/p>\n","protected":false},"author":4,"featured_media":0,"comment_status":"closed","ping_status":"closed","sticky":false,"template":"","format":"standard","meta":{"_jetpack_newsletter_access":"","_jetpack_dont_email_post_to_subs":false,"_jetpack_newsletter_tier_id":0,"_jetpack_memberships_contains_paywalled_content":false,"_jetpack_memberships_contains_paid_content":false,"footnotes":""},"categories":[1],"tags":[],"class_list":["post-120921","post","type-post","status-publish","format-standard","hentry","category-sociedad"],"jetpack_featured_media_url":"","jetpack_shortlink":"https:\/\/wp.me\/p2JWE0-vsl","jetpack-related-posts":[{"id":99386,"url":"https:\/\/www.24baires.com\/?p=99386","url_meta":{"origin":120921,"position":0},"title":"Comenzaron las protestas contra la reforma previsional","author":"GB","date":"14\/12\/2017","format":false,"excerpt":"El primero de los cortes comenz\u00f3 en la esquina de Callao y Corriente. Desde la 11, se espera una importante movilizaci\u00f3n hacia el Congreso, en contra de la reforma jubilatoria que impulsa el Gobierno. Un fuerte operativo de seguridad se despleg\u00f3 desde esta madrugada en los alrededores del Congreso de\u2026","rel":"","context":"En \u00abPol\u00edtica\u00bb","block_context":{"text":"Pol\u00edtica","link":"https:\/\/www.24baires.com\/?cat=51"},"img":{"alt_text":"","src":"https:\/\/i0.wp.com\/www.24baires.com\/wp-content\/uploads\/2017\/12\/reforma-provicional.jpg?resize=350%2C200","width":350,"height":200,"srcset":"https:\/\/i0.wp.com\/www.24baires.com\/wp-content\/uploads\/2017\/12\/reforma-provicional.jpg?resize=350%2C200 1x, https:\/\/i0.wp.com\/www.24baires.com\/wp-content\/uploads\/2017\/12\/reforma-provicional.jpg?resize=525%2C300 1.5x"},"classes":[]},{"id":120929,"url":"https:\/\/www.24baires.com\/?p=120929","url_meta":{"origin":120921,"position":1},"title":"Segunda jornada de brutal represi\u00f3n: balas de goma y gases en las puertas del Congreso","author":"GB","date":"02\/02\/2024","format":false,"excerpt":"Las fuerzas federales, comandadas por Patricia Bullrich la emprendieron contra la multitud que se expresaba en contra de la Ley Omnibus. Llamativamente reprimieron aunque no se cortaron las calles. El gobierno de Javier Milei empendi\u00f3 una brutal represi\u00f3n contra manifestantes, jubilados y periodistas que se encontraban en las inmediaciones del\u2026","rel":"","context":"En \u00abPol\u00edtica\u00bb","block_context":{"text":"Pol\u00edtica","link":"https:\/\/www.24baires.com\/?cat=51"},"img":{"alt_text":"","src":"https:\/\/i0.wp.com\/www.24baires.com\/wp-content\/uploads\/2024\/02\/represion.jpeg?resize=350%2C200","width":350,"height":200,"srcset":"https:\/\/i0.wp.com\/www.24baires.com\/wp-content\/uploads\/2024\/02\/represion.jpeg?resize=350%2C200 1x, https:\/\/i0.wp.com\/www.24baires.com\/wp-content\/uploads\/2024\/02\/represion.jpeg?resize=525%2C300 1.5x, https:\/\/i0.wp.com\/www.24baires.com\/wp-content\/uploads\/2024\/02\/represion.jpeg?resize=700%2C400 2x"},"classes":[]},{"id":120949,"url":"https:\/\/www.24baires.com\/?p=120949","url_meta":{"origin":120921,"position":2},"title":"La Ley \u00d3mnibus no volver\u00e1 a tratarse","author":"AF","date":"07\/02\/2024","format":false,"excerpt":"Seg\u00fan el jefe de la bancada oficialista en la c\u00e1mara baja, esa fue la orden de Milei. El proyecto hab\u00eda vuelto a comisi\u00f3n tras interrumpirse la votaci\u00f3n en particular. El oficialismo de la C\u00e1mara de Diputados inform\u00f3 que no volver\u00e1 a tratarse la ley \"Bases\" por indicaci\u00f3n del presidente Javier\u2026","rel":"","context":"En \u00abPol\u00edtica\u00bb","block_context":{"text":"Pol\u00edtica","link":"https:\/\/www.24baires.com\/?cat=51"},"img":{"alt_text":"","src":"https:\/\/i0.wp.com\/www.24baires.com\/wp-content\/uploads\/2024\/02\/zago.jpg?resize=350%2C200","width":350,"height":200,"srcset":"https:\/\/i0.wp.com\/www.24baires.com\/wp-content\/uploads\/2024\/02\/zago.jpg?resize=350%2C200 1x, https:\/\/i0.wp.com\/www.24baires.com\/wp-content\/uploads\/2024\/02\/zago.jpg?resize=525%2C300 1.5x, https:\/\/i0.wp.com\/www.24baires.com\/wp-content\/uploads\/2024\/02\/zago.jpg?resize=700%2C400 2x"},"classes":[]},{"id":103739,"url":"https:\/\/www.24baires.com\/?p=103739","url_meta":{"origin":120921,"position":3},"title":"El Senado define sobre el destino del proyecto de legalizaci\u00f3n del aborto","author":"GB","date":"08\/08\/2018","format":false,"excerpt":"Finalmente adelantaron la sesi\u00f3n para las 9.30 en lo que se prev\u00e9 una marat\u00f3nica jornada en la que tambi\u00e9n habr\u00e1 manifestaciones a favor y en contra en las afueras del Congreso. Se espera un multitudinario apoyo a la iniciativa que prev\u00e9 la ampliaci\u00f3n de derechos. Luego de la media sanci\u00f3n\u2026","rel":"","context":"En \u00abPol\u00edtica\u00bb","block_context":{"text":"Pol\u00edtica","link":"https:\/\/www.24baires.com\/?cat=51"},"img":{"alt_text":"","src":"https:\/\/i0.wp.com\/www.24baires.com\/wp-content\/uploads\/2018\/08\/senado-aborto.jpg?resize=350%2C200","width":350,"height":200,"srcset":"https:\/\/i0.wp.com\/www.24baires.com\/wp-content\/uploads\/2018\/08\/senado-aborto.jpg?resize=350%2C200 1x, https:\/\/i0.wp.com\/www.24baires.com\/wp-content\/uploads\/2018\/08\/senado-aborto.jpg?resize=525%2C300 1.5x"},"classes":[]},{"id":122885,"url":"https:\/\/www.24baires.com\/?p=122885","url_meta":{"origin":120921,"position":4},"title":"Cierre de Fate: trabajadores cortan la Panamericana","author":"GB","date":"19\/02\/2026","format":false,"excerpt":"Operarios de FATE S.A.I.C. protestan en Virreyes contra el cierre de la planta y los m\u00e1s de 900 despidos en el marco del paro general. Trabajadores de FATE S.A.I.C., junto a docentes nucleados en Confederaci\u00f3n de Trabajadores de la Educaci\u00f3n y de la Rep\u00fablica Argentina (CTERA) y organizaciones sociales, realizan\u2026","rel":"","context":"En \u00abPol\u00edtica\u00bb","block_context":{"text":"Pol\u00edtica","link":"https:\/\/www.24baires.com\/?cat=51"},"img":{"alt_text":"","src":"https:\/\/i0.wp.com\/www.24baires.com\/wp-content\/uploads\/2026\/02\/paro-gral.webp?resize=350%2C200","width":350,"height":200,"srcset":"https:\/\/i0.wp.com\/www.24baires.com\/wp-content\/uploads\/2026\/02\/paro-gral.webp?resize=350%2C200 1x, https:\/\/i0.wp.com\/www.24baires.com\/wp-content\/uploads\/2026\/02\/paro-gral.webp?resize=525%2C300 1.5x, https:\/\/i0.wp.com\/www.24baires.com\/wp-content\/uploads\/2026\/02\/paro-gral.webp?resize=700%2C400 2x"},"classes":[]},{"id":121270,"url":"https:\/\/www.24baires.com\/?p=121270","url_meta":{"origin":120921,"position":5},"title":"Milei consigui\u00f3 dictamen para la reforma fiscal","author":"GB","date":"26\/04\/2024","format":false,"excerpt":"Con el respaldo del PRO y otros bloques minoritarios, el oficialismo consigui\u00f3 27 firmas para el proyecto que se tratar\u00e1 desde el lunes pr\u00f3ximo junto a la Ley \u00d3mnibus. Como se inform\u00f3, el oficialismo logr\u00f3 este jueves emitir dictamen de mayor\u00eda para el proyecto de Ley \u00d3mnibus y la iniciativa\u2026","rel":"","context":"En \u00abPol\u00edtica\u00bb","block_context":{"text":"Pol\u00edtica","link":"https:\/\/www.24baires.com\/?cat=51"},"img":{"alt_text":"","src":"https:\/\/i0.wp.com\/www.24baires.com\/wp-content\/uploads\/2024\/04\/dip.webp?resize=350%2C200","width":350,"height":200,"srcset":"https:\/\/i0.wp.com\/www.24baires.com\/wp-content\/uploads\/2024\/04\/dip.webp?resize=350%2C200 1x, https:\/\/i0.wp.com\/www.24baires.com\/wp-content\/uploads\/2024\/04\/dip.webp?resize=525%2C300 1.5x, https:\/\/i0.wp.com\/www.24baires.com\/wp-content\/uploads\/2024\/04\/dip.webp?resize=700%2C400 2x"},"classes":[]}],"jetpack_sharing_enabled":true,"jetpack_likes_enabled":true,"_links":{"self":[{"href":"https:\/\/www.24baires.com\/index.php?rest_route=\/wp\/v2\/posts\/120921","targetHints":{"allow":["GET"]}}],"collection":[{"href":"https:\/\/www.24baires.com\/index.php?rest_route=\/wp\/v2\/posts"}],"about":[{"href":"https:\/\/www.24baires.com\/index.php?rest_route=\/wp\/v2\/types\/post"}],"author":[{"embeddable":true,"href":"https:\/\/www.24baires.com\/index.php?rest_route=\/wp\/v2\/users\/4"}],"replies":[{"embeddable":true,"href":"https:\/\/www.24baires.com\/index.php?rest_route=%2Fwp%2Fv2%2Fcomments&post=120921"}],"version-history":[{"count":1,"href":"https:\/\/www.24baires.com\/index.php?rest_route=\/wp\/v2\/posts\/120921\/revisions"}],"predecessor-version":[{"id":120923,"href":"https:\/\/www.24baires.com\/index.php?rest_route=\/wp\/v2\/posts\/120921\/revisions\/120923"}],"wp:attachment":[{"href":"https:\/\/www.24baires.com\/index.php?rest_route=%2Fwp%2Fv2%2Fmedia&parent=120921"}],"wp:term":[{"taxonomy":"category","embeddable":true,"href":"https:\/\/www.24baires.com\/index.php?rest_route=%2Fwp%2Fv2%2Fcategories&post=120921"},{"taxonomy":"post_tag","embeddable":true,"href":"https:\/\/www.24baires.com\/index.php?rest_route=%2Fwp%2Fv2%2Ftags&post=120921"}],"curies":[{"name":"wp","href":"https:\/\/api.w.org\/{rel}","templated":true}]}}