{"id":120900,"date":"2024-01-24T22:30:54","date_gmt":"2024-01-25T01:30:54","guid":{"rendered":"http:\/\/www.24baires.com\/?p=120900"},"modified":"2024-01-24T22:30:54","modified_gmt":"2024-01-25T01:30:54","slug":"gran-movilizacion-en-todo-el-pais-en-repudio-al-ajustazo-y-la-ley-omnibus","status":"publish","type":"post","link":"https:\/\/www.24baires.com\/?p=120900","title":{"rendered":"Gran movilizaci\u00f3n en todo el pa\u00eds en repudio al ajustazo y la Ley \u00d3mnibus"},"content":{"rendered":"<p><img data-recalc-dims=\"1\" loading=\"lazy\" decoding=\"async\" class=\"aligncenter wp-image-120901\" src=\"https:\/\/i0.wp.com\/www.24baires.com\/wp-content\/uploads\/2024\/01\/WhatsApp-Image-2024-01-24-at-22.28.54.jpeg?resize=720%2C540\" alt=\"\" width=\"720\" height=\"540\" srcset=\"https:\/\/i0.wp.com\/www.24baires.com\/wp-content\/uploads\/2024\/01\/WhatsApp-Image-2024-01-24-at-22.28.54.jpeg?w=1600&amp;ssl=1 1600w, https:\/\/i0.wp.com\/www.24baires.com\/wp-content\/uploads\/2024\/01\/WhatsApp-Image-2024-01-24-at-22.28.54.jpeg?resize=300%2C225&amp;ssl=1 300w, https:\/\/i0.wp.com\/www.24baires.com\/wp-content\/uploads\/2024\/01\/WhatsApp-Image-2024-01-24-at-22.28.54.jpeg?resize=1024%2C768&amp;ssl=1 1024w, https:\/\/i0.wp.com\/www.24baires.com\/wp-content\/uploads\/2024\/01\/WhatsApp-Image-2024-01-24-at-22.28.54.jpeg?resize=768%2C576&amp;ssl=1 768w, https:\/\/i0.wp.com\/www.24baires.com\/wp-content\/uploads\/2024\/01\/WhatsApp-Image-2024-01-24-at-22.28.54.jpeg?resize=1536%2C1152&amp;ssl=1 1536w\" sizes=\"auto, (max-width: 720px) 100vw, 720px\" \/>El pa\u00eds expres\u00f3 hoy su profundo descontento para con la situaci\u00f3n socioecon\u00f3mica que afianza la crisis de las comunidades. Masiva asistencia en respuesta al llamado de la CGT.<!--more--><\/p>\n<p>Centrales obreras y movimientos sociales de distintas partes del pa\u00eds marchan esta tarde en el marco del paro convocado por la Confederaci\u00f3n General del Trabajo (CGT) desde las 12, y en rechazo del DNU 70\/2023 y el proyecto de Ley \u00abBases\u00bb del Gobierno nacional.<\/p>\n<p>En CABA, los dirigentes H\u00e9ctor Daer y Pablo Moyano brindaron un discurso alrededor de las 14.15, en el que remarcaron que \u201cUna cosa es andar con una motosierra y la otra es gobernar\u201d. Tambi\u00e9n advirtieron: \u201cEl jueves deben decir si est\u00e1n con los trabajadores, no los traicionen\u201d, en referencia al debate que tendr\u00e1 lugar en la C\u00e1mara de Diputados por la Ley de Bases.<\/p>\n<p>A la altura de Puente Pueyrred\u00f3n, popular por ser el lugar que piqueteros utilizan como emblema para cortar ante un reclamo desesperado, se dispuso un cord\u00f3n policial en colaboraci\u00f3n con Prefectura.<\/p>\n<p>Fuente: Infonews<\/p>\n","protected":false},"excerpt":{"rendered":"<p>El pa\u00eds expres\u00f3 hoy su profundo descontento para con la situaci\u00f3n socioecon\u00f3mica que afianza la crisis de las comunidades. Masiva asistencia en respuesta al llamado de la CGT.<\/p>\n","protected":false},"author":4,"featured_media":0,"comment_status":"closed","ping_status":"closed","sticky":false,"template":"","format":"standard","meta":{"_jetpack_newsletter_access":"","_jetpack_dont_email_post_to_subs":false,"_jetpack_newsletter_tier_id":0,"_jetpack_memberships_contains_paywalled_content":false,"_jetpack_memberships_contains_paid_content":false,"footnotes":""},"categories":[1],"tags":[],"class_list":["post-120900","post","type-post","status-publish","format-standard","hentry","category-sociedad"],"jetpack_featured_media_url":"","jetpack_shortlink":"https:\/\/wp.me\/p2JWE0-vs0","jetpack-related-posts":[{"id":121281,"url":"https:\/\/www.24baires.com\/?p=121281","url_meta":{"origin":120900,"position":0},"title":"La CGT marcha por el D\u00eda del Trabajador y manda un mensaje al Senado tras la aprobaci\u00f3n de la Ley de Bases","author":"GB","date":"01\/05\/2024","format":false,"excerpt":"La CGT desplegar\u00e1 su poder de movilizaci\u00f3n en las calles porte\u00f1as. D\u00eda del Trabajador y batalla final por la Ley Bases de Javier Milei. En conmemoraci\u00f3n de un nuevo D\u00eda del Trabajador, pero con la esperanza de dar un mensaje al Gobierno de Javier Milei y al Senado de la\u2026","rel":"","context":"En \u00abSociedad\u00bb","block_context":{"text":"Sociedad","link":"https:\/\/www.24baires.com\/?cat=1"},"img":{"alt_text":"","src":"https:\/\/i0.wp.com\/www.24baires.com\/wp-content\/uploads\/2024\/05\/cgt.webp?resize=350%2C200","width":350,"height":200,"srcset":"https:\/\/i0.wp.com\/www.24baires.com\/wp-content\/uploads\/2024\/05\/cgt.webp?resize=350%2C200 1x, https:\/\/i0.wp.com\/www.24baires.com\/wp-content\/uploads\/2024\/05\/cgt.webp?resize=525%2C300 1.5x, https:\/\/i0.wp.com\/www.24baires.com\/wp-content\/uploads\/2024\/05\/cgt.webp?resize=700%2C400 2x"},"classes":[]},{"id":121320,"url":"https:\/\/www.24baires.com\/?p=121320","url_meta":{"origin":120900,"position":1},"title":"Comenz\u00f3 el paro general de la CGT","author":"GB","date":"09\/05\/2024","format":false,"excerpt":"Desde las 00 y hasta la medianoche del jueves inici\u00f3 el paro general convocado por la CGT en contra del gobierno de Javier Milei. Comenz\u00f3 esta madrugada el segundo paro general de la CGT -y las dem\u00e1s centrales obreras- contra el gobierno de Javier Milei y con la Ley Bases\u2026","rel":"","context":"En \u00abPol\u00edtica\u00bb","block_context":{"text":"Pol\u00edtica","link":"https:\/\/www.24baires.com\/?cat=51"},"img":{"alt_text":"","src":"https:\/\/i0.wp.com\/www.24baires.com\/wp-content\/uploads\/2024\/05\/paro-cgt.webp?resize=350%2C200","width":350,"height":200,"srcset":"https:\/\/i0.wp.com\/www.24baires.com\/wp-content\/uploads\/2024\/05\/paro-cgt.webp?resize=350%2C200 1x, https:\/\/i0.wp.com\/www.24baires.com\/wp-content\/uploads\/2024\/05\/paro-cgt.webp?resize=525%2C300 1.5x, https:\/\/i0.wp.com\/www.24baires.com\/wp-content\/uploads\/2024\/05\/paro-cgt.webp?resize=700%2C400 2x"},"classes":[]},{"id":120885,"url":"https:\/\/www.24baires.com\/?p=120885","url_meta":{"origin":120900,"position":2},"title":"Bullrich, pol\u00e9mica, contra la CGT: \u00abHay que dar una pelea de vida o muerte\u00bb","author":"GB","date":"19\/01\/2024","format":false,"excerpt":"De cara al paro general convocado por la CGT, la ministra de Seguridad asegur\u00f3 que el Gobierno volver\u00e1 a implementar el inconstitucional protocolo anti piquetes. La ministra de Seguridad, Patricia Bullrich, comunic\u00f3 este jueves que el Gobierno implementar\u00e1 el protocolo destinado a prevenir cortes de calles y rutas en manifestaciones,\u2026","rel":"","context":"En \u00abPol\u00edtica\u00bb","block_context":{"text":"Pol\u00edtica","link":"https:\/\/www.24baires.com\/?cat=51"},"img":{"alt_text":"","src":"https:\/\/i0.wp.com\/www.24baires.com\/wp-content\/uploads\/2024\/01\/represion.jpg?resize=350%2C200","width":350,"height":200,"srcset":"https:\/\/i0.wp.com\/www.24baires.com\/wp-content\/uploads\/2024\/01\/represion.jpg?resize=350%2C200 1x, https:\/\/i0.wp.com\/www.24baires.com\/wp-content\/uploads\/2024\/01\/represion.jpg?resize=525%2C300 1.5x, https:\/\/i0.wp.com\/www.24baires.com\/wp-content\/uploads\/2024\/01\/represion.jpg?resize=700%2C400 2x"},"classes":[]},{"id":108446,"url":"https:\/\/www.24baires.com\/?p=108446","url_meta":{"origin":120900,"position":3},"title":"Este mi\u00e9rcoles, durante el paro, los movimientos sociales har\u00e1n ollas populares en todo el pa\u00eds","author":"AF","date":"28\/05\/2019","format":false,"excerpt":"CTEP, Barrios de Pie, la Corriente Clasista y Combativa, entre otras agrupaciones se plegar\u00e1n ma\u00f1ana a la huelga general de la CGT. Los movimientos sociales se plegar\u00e1n al paro de la Confederaci\u00f3n General del Trabajo (CGT). \"Vamos a hacer ollas populares en los barrios en cada distrito en todo el\u2026","rel":"","context":"En \u00abSociedad\u00bb","block_context":{"text":"Sociedad","link":"https:\/\/www.24baires.com\/?cat=1"},"img":{"alt_text":"","src":"https:\/\/i0.wp.com\/www.24baires.com\/wp-content\/uploads\/2018\/12\/ctep.jpg?resize=350%2C200","width":350,"height":200,"srcset":"https:\/\/i0.wp.com\/www.24baires.com\/wp-content\/uploads\/2018\/12\/ctep.jpg?resize=350%2C200 1x, https:\/\/i0.wp.com\/www.24baires.com\/wp-content\/uploads\/2018\/12\/ctep.jpg?resize=525%2C300 1.5x"},"classes":[]},{"id":120519,"url":"https:\/\/www.24baires.com\/?p=120519","url_meta":{"origin":120900,"position":4},"title":"Massa celebr\u00f3 ley que modifica ganancias y pidi\u00f3 apoyo para la de devoluci\u00f3n del IVA","author":"AF","date":"29\/09\/2023","format":false,"excerpt":"El ministro de Econom\u00eda y candidato presidencial de Uni\u00f3n por la Patria (UxP), Sergio Massa, consider\u00f3 hoy como \"un paso fundamental\" contra \"la injusticia\" la eliminaci\u00f3n de la cuarta categor\u00eda del impuesto a las Ganancias, al destacar la sanci\u00f3n de la ley que elimin\u00f3 ese gravamen, y pidi\u00f3 \"apoyo\" para\u2026","rel":"","context":"En \u00abPol\u00edtica\u00bb","block_context":{"text":"Pol\u00edtica","link":"https:\/\/www.24baires.com\/?cat=51"},"img":{"alt_text":"","src":"https:\/\/i0.wp.com\/www.24baires.com\/wp-content\/uploads\/2023\/09\/massa.jpg?resize=350%2C200","width":350,"height":200,"srcset":"https:\/\/i0.wp.com\/www.24baires.com\/wp-content\/uploads\/2023\/09\/massa.jpg?resize=350%2C200 1x, https:\/\/i0.wp.com\/www.24baires.com\/wp-content\/uploads\/2023\/09\/massa.jpg?resize=525%2C300 1.5x, https:\/\/i0.wp.com\/www.24baires.com\/wp-content\/uploads\/2023\/09\/massa.jpg?resize=700%2C400 2x"},"classes":[]},{"id":120882,"url":"https:\/\/www.24baires.com\/?p=120882","url_meta":{"origin":120900,"position":5},"title":"Barrionuevo cruz\u00f3 a Milei: \u00abIncorpor\u00f3 a la casta pol\u00edtica a su Gobierno\u00bb","author":"AF","date":"18\/01\/2024","format":false,"excerpt":"\"No le auguro ni en el Congreso ni en la Justicia que vaya a tener \u00e9xito, de la manera que ha venido a querer llevarnos a todos por delante\", analiz\u00f3 el dirigente gastron\u00f3mico sobre la suerte del DNU y la ley \"Bases\". El dirigente gastron\u00f3mico Luis Barrionuevo asegur\u00f3 este jueves\u2026","rel":"","context":"En \u00abPol\u00edtica\u00bb","block_context":{"text":"Pol\u00edtica","link":"https:\/\/www.24baires.com\/?cat=51"},"img":{"alt_text":"","src":"https:\/\/i0.wp.com\/www.24baires.com\/wp-content\/uploads\/2024\/01\/WhatsApp-Image-2024-01-18-at-20.26.13.jpeg?resize=350%2C200","width":350,"height":200,"srcset":"https:\/\/i0.wp.com\/www.24baires.com\/wp-content\/uploads\/2024\/01\/WhatsApp-Image-2024-01-18-at-20.26.13.jpeg?resize=350%2C200 1x, https:\/\/i0.wp.com\/www.24baires.com\/wp-content\/uploads\/2024\/01\/WhatsApp-Image-2024-01-18-at-20.26.13.jpeg?resize=525%2C300 1.5x, https:\/\/i0.wp.com\/www.24baires.com\/wp-content\/uploads\/2024\/01\/WhatsApp-Image-2024-01-18-at-20.26.13.jpeg?resize=700%2C400 2x, https:\/\/i0.wp.com\/www.24baires.com\/wp-content\/uploads\/2024\/01\/WhatsApp-Image-2024-01-18-at-20.26.13.jpeg?resize=1050%2C600 3x"},"classes":[]}],"jetpack_sharing_enabled":true,"jetpack_likes_enabled":true,"_links":{"self":[{"href":"https:\/\/www.24baires.com\/index.php?rest_route=\/wp\/v2\/posts\/120900","targetHints":{"allow":["GET"]}}],"collection":[{"href":"https:\/\/www.24baires.com\/index.php?rest_route=\/wp\/v2\/posts"}],"about":[{"href":"https:\/\/www.24baires.com\/index.php?rest_route=\/wp\/v2\/types\/post"}],"author":[{"embeddable":true,"href":"https:\/\/www.24baires.com\/index.php?rest_route=\/wp\/v2\/users\/4"}],"replies":[{"embeddable":true,"href":"https:\/\/www.24baires.com\/index.php?rest_route=%2Fwp%2Fv2%2Fcomments&post=120900"}],"version-history":[{"count":1,"href":"https:\/\/www.24baires.com\/index.php?rest_route=\/wp\/v2\/posts\/120900\/revisions"}],"predecessor-version":[{"id":120902,"href":"https:\/\/www.24baires.com\/index.php?rest_route=\/wp\/v2\/posts\/120900\/revisions\/120902"}],"wp:attachment":[{"href":"https:\/\/www.24baires.com\/index.php?rest_route=%2Fwp%2Fv2%2Fmedia&parent=120900"}],"wp:term":[{"taxonomy":"category","embeddable":true,"href":"https:\/\/www.24baires.com\/index.php?rest_route=%2Fwp%2Fv2%2Fcategories&post=120900"},{"taxonomy":"post_tag","embeddable":true,"href":"https:\/\/www.24baires.com\/index.php?rest_route=%2Fwp%2Fv2%2Ftags&post=120900"}],"curies":[{"name":"wp","href":"https:\/\/api.w.org\/{rel}","templated":true}]}}