{"id":120893,"date":"2024-01-23T08:11:36","date_gmt":"2024-01-23T11:11:36","guid":{"rendered":"http:\/\/www.24baires.com\/?p=120893"},"modified":"2024-01-23T08:11:36","modified_gmt":"2024-01-23T11:11:36","slug":"milei-propuso-eliminar-la-zona-fria-y-varios-distritos-bonaerenses-sufriran-fuertes-aumentos","status":"publish","type":"post","link":"https:\/\/www.24baires.com\/?p=120893","title":{"rendered":"Milei propuso eliminar la \u00abzona fr\u00eda\u00bb y varios distritos bonaerenses sufrir\u00e1n fuertes aumentos"},"content":{"rendered":"<p><img data-recalc-dims=\"1\" loading=\"lazy\" decoding=\"async\" class=\"aligncenter wp-image-86720\" src=\"https:\/\/i0.wp.com\/www.24baires.com\/wp-content\/uploads\/2016\/08\/gas.jpg?resize=720%2C405\" alt=\"\" width=\"720\" height=\"405\" srcset=\"https:\/\/i0.wp.com\/www.24baires.com\/wp-content\/uploads\/2016\/08\/gas.jpg?w=560&amp;ssl=1 560w, https:\/\/i0.wp.com\/www.24baires.com\/wp-content\/uploads\/2016\/08\/gas.jpg?resize=300%2C169&amp;ssl=1 300w\" sizes=\"auto, (max-width: 720px) 100vw, 720px\" \/>As\u00ed lo estableci\u00f3 el jefe de Estado en el proyecto de Ley \u00f3mnibus, que habilita a eliminar el beneficio que se estableci\u00f3 en 2021.<!--more--><\/p>\n<p>Cerca de un centenar de municipios, que incluyen a General Pueyrredon, podr\u00edan sufrir aumentos exponenciales en las pr\u00f3ximas facturas de gas, ya que Javier Milei estableci\u00f3 en el proyecto de Ley \u00f3mnibus suprimir la denominada \u00abzona fr\u00eda\u00bb, que habilitaba descuentos tarifarios.<\/p>\n<p>El borrador al que tuvieron acceso los legisladores indica que se eliminar\u00e1n todo tipo de bonificaciones, y , en caso de que la ley sea aprobada, se traducir\u00e1 en un encarecimiento de suplementario de entre el 30% y el 50% de las facturas.<\/p>\n<p>Seg\u00fan explic\u00f3 el exdiputado nacional Alejandro \u201cTopo\u201d Rodr\u00edguez, en la nueva versi\u00f3n de la Ley \u00d3mnibus, el Ejecutivo se\u00f1ala expl\u00edcitamente que derogar\u00e1 la Ley 27.637 de ampliaci\u00f3n de la Zona Fr\u00eda que beneficiaba a m\u00e1s de 1.240.000 hogares en el territorio bonaerense y alrededor de 4 millones en todo el pa\u00eds.<\/p>\n<p>\u201cMediante el MegaDNU, en su art\u00edculo 177, se definir\u00e1 una canasta b\u00e1sica energ\u00e9tica y se aplicar\u00e1 un nuevo esquema de subsidios segmentados, tomando en cuenta el nivel de ingresos. As\u00ed, quedar\u00e1n afuera de los actuales descuentos por Zona Fr\u00eda todos los hogares de clase media trabajadora\u201d, indic\u00f3 Rodr\u00edguez.<br \/>\n\u201cY como si todo lo anterior fuera poco, tambi\u00e9n piden aumentar mensualmente la factura de gas. S\u00ed, quieren aumentos todos los meses, aplicando el \u00edndice de precios internos mayoristas (IPIM)\u201d, agreg\u00f3 Rodr\u00edguez en su cuenta de la red social X.<\/p>\n<p>Para el ex legislador, los n\u00fameros de cara al invierno ser\u00e1n mucho m\u00e1s alarmantes. De acuerdo a su an\u00e1lisis, una familia de la zona fr\u00eda de la provincia de Buenos Aires que en enero pague $15.000 de gas, llegar\u00e1 a pagar cerca de un mill\u00f3n por el gas del tercer trimestre este mismo a\u00f1o.<\/p>\n<p>\u201cLa decisi\u00f3n de eliminar los descuentos por #ZonaFr\u00eda la toman por fanatismo ideol\u00f3gico, ya que ese subsidio no se financia con recursos del presupuesto y no genera ni un solo peso de d\u00e9ficit fiscal\u201d, concluy\u00f3.<\/p>\n","protected":false},"excerpt":{"rendered":"<p>As\u00ed lo estableci\u00f3 el jefe de Estado en el proyecto de Ley \u00f3mnibus, que habilita a eliminar el beneficio que se estableci\u00f3 en 2021.<\/p>\n","protected":false},"author":8,"featured_media":0,"comment_status":"closed","ping_status":"closed","sticky":false,"template":"","format":"standard","meta":{"_jetpack_newsletter_access":"","_jetpack_dont_email_post_to_subs":false,"_jetpack_newsletter_tier_id":0,"_jetpack_memberships_contains_paywalled_content":false,"_jetpack_memberships_contains_paid_content":false,"footnotes":""},"categories":[78],"tags":[],"class_list":["post-120893","post","type-post","status-publish","format-standard","hentry","category-consumidores"],"jetpack_featured_media_url":"","jetpack_shortlink":"https:\/\/wp.me\/p2JWE0-vrT","jetpack-related-posts":[{"id":120891,"url":"https:\/\/www.24baires.com\/?p=120891","url_meta":{"origin":120893,"position":0},"title":"El Gobierno prorrog\u00f3 las sesiones extraordinarias hasta febrero","author":"GB","date":"22\/01\/2024","format":false,"excerpt":"El gobierno de Javier Milei prorrog\u00f3 el per\u00edodo de sesiones extraordinarias del Congreso hasta febrero para tener tiempo suficiente para que ambas C\u00e1maras aprueben la Ley \u00d3mnibus. El Gobierno de Javier Milei prorrog\u00f3 las sesiones extraordinarias del Congreso hasta el 15 de febrero, en momentos en que el oficialismo de\u2026","rel":"","context":"En \u00abPol\u00edtica\u00bb","block_context":{"text":"Pol\u00edtica","link":"https:\/\/www.24baires.com\/?cat=51"},"img":{"alt_text":"","src":"https:\/\/i0.wp.com\/www.24baires.com\/wp-content\/uploads\/2023\/11\/milei.webp?resize=350%2C200","width":350,"height":200,"srcset":"https:\/\/i0.wp.com\/www.24baires.com\/wp-content\/uploads\/2023\/11\/milei.webp?resize=350%2C200 1x, https:\/\/i0.wp.com\/www.24baires.com\/wp-content\/uploads\/2023\/11\/milei.webp?resize=525%2C300 1.5x, https:\/\/i0.wp.com\/www.24baires.com\/wp-content\/uploads\/2023\/11\/milei.webp?resize=700%2C400 2x"},"classes":[]},{"id":120954,"url":"https:\/\/www.24baires.com\/?p=120954","url_meta":{"origin":120893,"position":1},"title":"Malestar en intendentes del PRO por la quita de subsidios al transporte en el interior","author":"GB","date":"09\/02\/2024","format":false,"excerpt":"Los intendentes PRO de Mar del Plata, Pergamino y San Nicol\u00e1s expresaron preocupaci\u00f3n por la quita de los subsidios al transporte. Intendentes bonaerenses del PRO pusieron su grito en el cielo al conocer la decisi\u00f3n del gobierno de Javier Milei de eliminar los subsidios al transporte del interior. La quita\u2026","rel":"","context":"En \u00abProvincia\u00bb","block_context":{"text":"Provincia","link":"https:\/\/www.24baires.com\/?cat=40"},"img":{"alt_text":"","src":"https:\/\/i0.wp.com\/www.24baires.com\/wp-content\/uploads\/2013\/10\/colectivos-mdp.jpg?resize=350%2C200","width":350,"height":200,"srcset":"https:\/\/i0.wp.com\/www.24baires.com\/wp-content\/uploads\/2013\/10\/colectivos-mdp.jpg?resize=350%2C200 1x, https:\/\/i0.wp.com\/www.24baires.com\/wp-content\/uploads\/2013\/10\/colectivos-mdp.jpg?resize=525%2C300 1.5x, https:\/\/i0.wp.com\/www.24baires.com\/wp-content\/uploads\/2013\/10\/colectivos-mdp.jpg?resize=700%2C400 2x"},"classes":[]},{"id":121294,"url":"https:\/\/www.24baires.com\/?p=121294","url_meta":{"origin":120893,"position":2},"title":"El Senado empieza a tratar la Ley de Bases","author":"GB","date":"07\/05\/2024","format":false,"excerpt":"Con un plenario de comisiones, el Senado de la Naci\u00f3n comienza a discutir la nueva ley \u00f3mnibus de Milei. La idea del oficialismo es aprobarla la semana pr\u00f3xima. Tras la aprobaci\u00f3n en la C\u00e1mara de Diputados, la nueva ley \u00f3mnibus (ahora llamada Ley Bases) y el paquete fiscal de Javier\u2026","rel":"","context":"En \u00abLocales\u00bb","block_context":{"text":"Locales","link":"https:\/\/www.24baires.com\/?cat=38"},"img":{"alt_text":"","src":"https:\/\/i0.wp.com\/www.24baires.com\/wp-content\/uploads\/2024\/05\/senadores-era-milei.webp?resize=350%2C200","width":350,"height":200,"srcset":"https:\/\/i0.wp.com\/www.24baires.com\/wp-content\/uploads\/2024\/05\/senadores-era-milei.webp?resize=350%2C200 1x, https:\/\/i0.wp.com\/www.24baires.com\/wp-content\/uploads\/2024\/05\/senadores-era-milei.webp?resize=525%2C300 1.5x, https:\/\/i0.wp.com\/www.24baires.com\/wp-content\/uploads\/2024\/05\/senadores-era-milei.webp?resize=700%2C400 2x"},"classes":[]},{"id":120828,"url":"https:\/\/www.24baires.com\/?p=120828","url_meta":{"origin":120893,"position":3},"title":"Gobernadores van contra el Gobierno por la pesca","author":"GB","date":"03\/01\/2024","format":false,"excerpt":"El grupo de gobernadores patag\u00f3nicos se expresaron en contra de la desregulaci\u00f3n total de la actividad pesquera que propone Javier Milei y emitieron un duro comunicado. Luego de las alarmas que se encendieron en el sector de la pesca por la desregulaci\u00f3n total que propone la Ley \u00d3mnibus de Javier\u2026","rel":"","context":"En \u00abEconom\u00eda\u00bb","block_context":{"text":"Econom\u00eda","link":"https:\/\/www.24baires.com\/?cat=45"},"img":{"alt_text":"","src":"https:\/\/i0.wp.com\/www.24baires.com\/wp-content\/uploads\/2024\/01\/pesca.jpg?resize=350%2C200","width":350,"height":200,"srcset":"https:\/\/i0.wp.com\/www.24baires.com\/wp-content\/uploads\/2024\/01\/pesca.jpg?resize=350%2C200 1x, https:\/\/i0.wp.com\/www.24baires.com\/wp-content\/uploads\/2024\/01\/pesca.jpg?resize=525%2C300 1.5x, https:\/\/i0.wp.com\/www.24baires.com\/wp-content\/uploads\/2024\/01\/pesca.jpg?resize=700%2C400 2x"},"classes":[]},{"id":120949,"url":"https:\/\/www.24baires.com\/?p=120949","url_meta":{"origin":120893,"position":4},"title":"La Ley \u00d3mnibus no volver\u00e1 a tratarse","author":"AF","date":"07\/02\/2024","format":false,"excerpt":"Seg\u00fan el jefe de la bancada oficialista en la c\u00e1mara baja, esa fue la orden de Milei. El proyecto hab\u00eda vuelto a comisi\u00f3n tras interrumpirse la votaci\u00f3n en particular. El oficialismo de la C\u00e1mara de Diputados inform\u00f3 que no volver\u00e1 a tratarse la ley \"Bases\" por indicaci\u00f3n del presidente Javier\u2026","rel":"","context":"En \u00abPol\u00edtica\u00bb","block_context":{"text":"Pol\u00edtica","link":"https:\/\/www.24baires.com\/?cat=51"},"img":{"alt_text":"","src":"https:\/\/i0.wp.com\/www.24baires.com\/wp-content\/uploads\/2024\/02\/zago.jpg?resize=350%2C200","width":350,"height":200,"srcset":"https:\/\/i0.wp.com\/www.24baires.com\/wp-content\/uploads\/2024\/02\/zago.jpg?resize=350%2C200 1x, https:\/\/i0.wp.com\/www.24baires.com\/wp-content\/uploads\/2024\/02\/zago.jpg?resize=525%2C300 1.5x, https:\/\/i0.wp.com\/www.24baires.com\/wp-content\/uploads\/2024\/02\/zago.jpg?resize=700%2C400 2x"},"classes":[]},{"id":121270,"url":"https:\/\/www.24baires.com\/?p=121270","url_meta":{"origin":120893,"position":5},"title":"Milei consigui\u00f3 dictamen para la reforma fiscal","author":"GB","date":"26\/04\/2024","format":false,"excerpt":"Con el respaldo del PRO y otros bloques minoritarios, el oficialismo consigui\u00f3 27 firmas para el proyecto que se tratar\u00e1 desde el lunes pr\u00f3ximo junto a la Ley \u00d3mnibus. Como se inform\u00f3, el oficialismo logr\u00f3 este jueves emitir dictamen de mayor\u00eda para el proyecto de Ley \u00d3mnibus y la iniciativa\u2026","rel":"","context":"En \u00abPol\u00edtica\u00bb","block_context":{"text":"Pol\u00edtica","link":"https:\/\/www.24baires.com\/?cat=51"},"img":{"alt_text":"","src":"https:\/\/i0.wp.com\/www.24baires.com\/wp-content\/uploads\/2024\/04\/dip.webp?resize=350%2C200","width":350,"height":200,"srcset":"https:\/\/i0.wp.com\/www.24baires.com\/wp-content\/uploads\/2024\/04\/dip.webp?resize=350%2C200 1x, https:\/\/i0.wp.com\/www.24baires.com\/wp-content\/uploads\/2024\/04\/dip.webp?resize=525%2C300 1.5x, https:\/\/i0.wp.com\/www.24baires.com\/wp-content\/uploads\/2024\/04\/dip.webp?resize=700%2C400 2x"},"classes":[]}],"jetpack_sharing_enabled":true,"jetpack_likes_enabled":true,"_links":{"self":[{"href":"https:\/\/www.24baires.com\/index.php?rest_route=\/wp\/v2\/posts\/120893","targetHints":{"allow":["GET"]}}],"collection":[{"href":"https:\/\/www.24baires.com\/index.php?rest_route=\/wp\/v2\/posts"}],"about":[{"href":"https:\/\/www.24baires.com\/index.php?rest_route=\/wp\/v2\/types\/post"}],"author":[{"embeddable":true,"href":"https:\/\/www.24baires.com\/index.php?rest_route=\/wp\/v2\/users\/8"}],"replies":[{"embeddable":true,"href":"https:\/\/www.24baires.com\/index.php?rest_route=%2Fwp%2Fv2%2Fcomments&post=120893"}],"version-history":[{"count":1,"href":"https:\/\/www.24baires.com\/index.php?rest_route=\/wp\/v2\/posts\/120893\/revisions"}],"predecessor-version":[{"id":120894,"href":"https:\/\/www.24baires.com\/index.php?rest_route=\/wp\/v2\/posts\/120893\/revisions\/120894"}],"wp:attachment":[{"href":"https:\/\/www.24baires.com\/index.php?rest_route=%2Fwp%2Fv2%2Fmedia&parent=120893"}],"wp:term":[{"taxonomy":"category","embeddable":true,"href":"https:\/\/www.24baires.com\/index.php?rest_route=%2Fwp%2Fv2%2Fcategories&post=120893"},{"taxonomy":"post_tag","embeddable":true,"href":"https:\/\/www.24baires.com\/index.php?rest_route=%2Fwp%2Fv2%2Ftags&post=120893"}],"curies":[{"name":"wp","href":"https:\/\/api.w.org\/{rel}","templated":true}]}}