{"id":120888,"date":"2024-01-19T08:29:10","date_gmt":"2024-01-19T11:29:10","guid":{"rendered":"http:\/\/www.24baires.com\/?p=120888"},"modified":"2024-01-19T09:03:30","modified_gmt":"2024-01-19T12:03:30","slug":"se-creo-la-primera-asociacion-de-abogadas-y-abogados-de-derechos-humanos-de-america-latina-y-el-caribe","status":"publish","type":"post","link":"https:\/\/www.24baires.com\/?p=120888","title":{"rendered":"Se cre\u00f3 la primera Asociaci\u00f3n de Abogadas y Abogados de Derechos Humanos de Am\u00e9rica Latina y El Caribe"},"content":{"rendered":"<p><img data-recalc-dims=\"1\" loading=\"lazy\" decoding=\"async\" class=\"aligncenter wp-image-120889\" src=\"https:\/\/i0.wp.com\/www.24baires.com\/wp-content\/uploads\/2024\/01\/as-latamc-abogados.jpg?resize=720%2C540\" alt=\"\" width=\"720\" height=\"540\" srcset=\"https:\/\/i0.wp.com\/www.24baires.com\/wp-content\/uploads\/2024\/01\/as-latamc-abogados.jpg?w=1024&amp;ssl=1 1024w, https:\/\/i0.wp.com\/www.24baires.com\/wp-content\/uploads\/2024\/01\/as-latamc-abogados.jpg?resize=300%2C225&amp;ssl=1 300w, https:\/\/i0.wp.com\/www.24baires.com\/wp-content\/uploads\/2024\/01\/as-latamc-abogados.jpg?resize=768%2C576&amp;ssl=1 768w\" sizes=\"auto, (max-width: 720px) 100vw, 720px\" \/>Se cre\u00f3 en santiago de chile, la Asociacion de Abogadas y Abogados de DDHH de Am\u00e9rica Latina y el Caribe, con C\u00e9sar Sivo como representante de Argentina. Adem\u00e1s, la integran otros 14 paises: M\u00e9xico, Costa Rica, Puerto Rico, El Salvador, Guatemala, Ecuador, Colombia, Paraguay, Uruguay, Bolivia, Velezuela, Chile, Per\u00fa y Argentina.<!--more--><\/p>\n<p>Con el objetivo de brindar asesoramiento jur\u00eddico a individuos y comunidades afectadas por violaciones de Derechos Humanos y facilitar acceso a la justicia para aquellos que enfrentan barreras legales, la primera Mesa Ejecutiva, conformada en Chile, est\u00e1 integrada por: presidente, Roberto Celedon ( Chile); vicepresidenta primera, Mar\u00eda Eugenia Morales Ace\u00f1a (Guatemala); vicepresidente segundo, C\u00e9sar Sivo (Argentina) y secretario Ejecutivo, Felipe Abott (Chile)<\/p>\n<p>Esta entidad civil nace inspirada en la necesidad imperiosa de ejercer acciones positivas y concretas frente a Gobiernos e instituciones, de promoci\u00f3n y protecci\u00f3n de derechos en el \u00e1mbito multilateral y regional vinculado a violaciones a los derechos humanos.<\/p>\n<p>El abogado Cesar Sivo, quien fue nombrado vicepresidente segundo del flamante organismo, dijo: \u00abEstamos trabajando con ACNUDH (alto comisionado de Naciones Unidas para los derechos humanos) Amnesty Internacional; jueces y fiscales de todo am\u00e9rica latina y el caribe. Tenemos reuniones programadas en los pr\u00f3ximos meses con la Corte y con la Comisi\u00f3n Interamericana de DDHH\u00bb, relat\u00f3 el reconocido abogado de la ciudad.<\/p>\n<p>En esta primera etapa, la asociaci\u00f3n nuclea 450 abogados y abogadas de toda la regi\u00f3n. Cuenta con un consejo consultivo, constituido por personalidades de los DD.HH, premios Nobel de la Paz, ex miembros de la Corte Penal Internacional, organismos de DDHH y universidades nacionales de Uruguay, Chile, Argentina, El Salvador y Guatemala.<\/p>\n<p>Sivo agreg\u00f3 que cuentan con una Direcci\u00f3n de Relaciones con Europa con sede en Roma y una sede actual en Santiago de Chile. \u00abAdem\u00e1s, Canad\u00e1 y EE.UU pidieron sumarse como miembros adherentes. Y est\u00e1n haciendo sus presentaciones abogados y abogadas de Nicaragua, Honduras, republica Dominicana, Panam\u00e1 y Brasil\u00ab, complet\u00f3.<\/p>\n","protected":false},"excerpt":{"rendered":"<p>Se cre\u00f3 en santiago de chile, la Asociacion de Abogadas y Abogados de DDHH de Am\u00e9rica Latina y el Caribe, con C\u00e9sar Sivo como representante de Argentina. Adem\u00e1s, la integran otros 14 paises: M\u00e9xico, Costa Rica, Puerto Rico, El Salvador, Guatemala, Ecuador, Colombia, Paraguay, Uruguay, Bolivia, Velezuela, Chile, Per\u00fa y Argentina.<\/p>\n","protected":false},"author":8,"featured_media":0,"comment_status":"closed","ping_status":"closed","sticky":false,"template":"","format":"standard","meta":{"_jetpack_newsletter_access":"","_jetpack_dont_email_post_to_subs":false,"_jetpack_newsletter_tier_id":0,"_jetpack_memberships_contains_paywalled_content":false,"_jetpack_memberships_contains_paid_content":false,"footnotes":""},"categories":[1],"tags":[],"class_list":["post-120888","post","type-post","status-publish","format-standard","hentry","category-sociedad"],"jetpack_featured_media_url":"","jetpack_shortlink":"https:\/\/wp.me\/p2JWE0-vrO","jetpack-related-posts":[{"id":117083,"url":"https:\/\/www.24baires.com\/?p=117083","url_meta":{"origin":120888,"position":0},"title":"Fern\u00e1ndez llam\u00f3 a los pa\u00edses latinoamericanos a buscar \u00abuna salida com\u00fan\u00bb","author":"AF","date":"27\/01\/2021","format":false,"excerpt":"\"Tenemos que estar unidos, m\u00e1s all\u00e1 de nuestras diferencias, para enfrentar los desaf\u00edos de un mundo complejo\", indic\u00f3 el Presidente durante una conferencia de prensa en la embajada argentina en Chile. El presidente Alberto Fern\u00e1ndez expres\u00f3 que \"no tiene sentido\" que los pa\u00edses de Am\u00e9rica Latina \"sigan divididos y segregados\"\u2026","rel":"","context":"En \u00abPol\u00edtica\u00bb","block_context":{"text":"Pol\u00edtica","link":"https:\/\/www.24baires.com\/?cat=51"},"img":{"alt_text":"","src":"https:\/\/i0.wp.com\/www.24baires.com\/wp-content\/uploads\/2020\/08\/alberto-fern%C3%A1ndez.jpg?resize=350%2C200","width":350,"height":200,"srcset":"https:\/\/i0.wp.com\/www.24baires.com\/wp-content\/uploads\/2020\/08\/alberto-fern%C3%A1ndez.jpg?resize=350%2C200 1x, https:\/\/i0.wp.com\/www.24baires.com\/wp-content\/uploads\/2020\/08\/alberto-fern%C3%A1ndez.jpg?resize=525%2C300 1.5x"},"classes":[]},{"id":116438,"url":"https:\/\/www.24baires.com\/?p=116438","url_meta":{"origin":120888,"position":1},"title":"El Banco Mundial prev\u00e9 para 2021 un repunte econ\u00f3mico del 5,5% para Argentina","author":"AF","date":"09\/10\/2020","format":false,"excerpt":"La entidad destac\u00f3 los \"paquetes de est\u00edmulo\" y las transferencias sociales de los gobiernos para combatir la crisis desatada por la pandemia. La econom\u00eda argentina caer\u00e1 este a\u00f1o 12,3%, pero se recuperar\u00eda 5,5% en el 2021, seg\u00fan las \u00faltimas proyecciones del Banco Mundial difundidas este viernes. Debido a la pandemia\u2026","rel":"","context":"En \u00abEconom\u00eda\u00bb","block_context":{"text":"Econom\u00eda","link":"https:\/\/www.24baires.com\/?cat=45"},"img":{"alt_text":"","src":"https:\/\/i0.wp.com\/www.24baires.com\/wp-content\/uploads\/2019\/02\/trabajador.jpg?resize=350%2C200","width":350,"height":200,"srcset":"https:\/\/i0.wp.com\/www.24baires.com\/wp-content\/uploads\/2019\/02\/trabajador.jpg?resize=350%2C200 1x, https:\/\/i0.wp.com\/www.24baires.com\/wp-content\/uploads\/2019\/02\/trabajador.jpg?resize=525%2C300 1.5x"},"classes":[]},{"id":3580,"url":"https:\/\/www.24baires.com\/?p=3580","url_meta":{"origin":120888,"position":2},"title":"Lesa Humanidad: \u00abHooft es el \u00fanico Juez con jury de la Provincia que no est\u00e1 suspendido\u00bb","author":"AF","date":"28\/10\/2012","format":false,"excerpt":"El abogado C\u00e9sar Sivo, representante de la querella por varias v\u00edctimas y organizaciones, manifest\u00f3 su repudio con la inoperancia por parte de las autoridades provinciales con respecto al jury al juez Pedro Hooft, quien fue denunciado hace seis a\u00f1os por ser part\u00edcipe de cr\u00edmenes de Lesa Humanidad y a\u00fan contin\u00faa\u2026","rel":"","context":"En \u00abMemoria\u00bb","block_context":{"text":"Memoria","link":"https:\/\/www.24baires.com\/?cat=50"},"img":{"alt_text":"","src":"https:\/\/i0.wp.com\/www.24baires.com\/wp-content\/uploads\/2012\/10\/Hooft-na14fo01-300x296.jpg?resize=350%2C200","width":350,"height":200},"classes":[]},{"id":100178,"url":"https:\/\/www.24baires.com\/?p=100178","url_meta":{"origin":120888,"position":3},"title":"La OAM le respondi\u00f3 a Arroyo: \u201cLa plata no est\u00e1 donde debe estar, que es en la mutual\u201d","author":"GB","date":"26\/01\/2018","format":false,"excerpt":"Desde la Obra Asistencial Mutual de Mar del Plata ratificaron las denuncias contra el intendente de General Pueyrred\u00f3n luego de que este negara las acusaciones. \u201cCreemos que debemos defender una instituci\u00f3n de todos los asociados\u201d, indicaron. La Obra Asistencial Mutual de Mar del Plata ratific\u00f3 en la Fiscal\u00eda de Delitos\u2026","rel":"","context":"En \u00abMunicipios\u00bb","block_context":{"text":"Municipios","link":"https:\/\/www.24baires.com\/?cat=44"},"img":{"alt_text":"","src":"https:\/\/i0.wp.com\/www.24baires.com\/wp-content\/uploads\/2017\/09\/arroyo.jpg?resize=350%2C200","width":350,"height":200,"srcset":"https:\/\/i0.wp.com\/www.24baires.com\/wp-content\/uploads\/2017\/09\/arroyo.jpg?resize=350%2C200 1x, https:\/\/i0.wp.com\/www.24baires.com\/wp-content\/uploads\/2017\/09\/arroyo.jpg?resize=525%2C300 1.5x"},"classes":[]},{"id":62922,"url":"https:\/\/www.24baires.com\/?p=62922","url_meta":{"origin":120888,"position":4},"title":"El Banco Mundial asegura que Argentina tiene uno de los niveles de pobreza m\u00e1s bajos de la regi\u00f3n","author":"AF","date":"10\/03\/2015","format":false,"excerpt":"El dato surge del trabajo \u201cLos olvidados. Pobreza cr\u00f3nica en Am\u00e9rica Latina y el Caribe\u201d. El documento asegura que \u201cUruguay, Argentina y Chile ostentan las cifras m\u00e1s bajas de pobreza cr\u00f3nica, con tasas de alrededor del 10%\u201d. Seg\u00fan el informe difundido por el Banco Mundial denominado \u201cLos olvidados. Pobreza cr\u00f3nica\u2026","rel":"","context":"En \u00abInternacionales\u00bb","block_context":{"text":"Internacionales","link":"https:\/\/www.24baires.com\/?cat=73"},"img":{"alt_text":"","src":"","width":0,"height":0},"classes":[]},{"id":44577,"url":"https:\/\/www.24baires.com\/?p=44577","url_meta":{"origin":120888,"position":5},"title":"Jury a Hooft: pidieron su destituci\u00f3n por ser \u00abfuncional a la dictadura\u00bb","author":"GB","date":"23\/04\/2014","format":false,"excerpt":"MAR DEL PLATA-Seg\u00fan la acusaci\u00f3n, el magistrado tuvo un rol central para liberar judicialmente la zona durante la \"Noche de las corbatas\". El secuestro de los laboralistas hab\u00eda generado un estado de alerta en el Colegio de Abogados, que lleg\u00f3 a pedir una entrevista con el dictador Videla. Destacaron que\u2026","rel":"","context":"En \u00abMemoria\u00bb","block_context":{"text":"Memoria","link":"https:\/\/www.24baires.com\/?cat=50"},"img":{"alt_text":"hooft","src":"https:\/\/i0.wp.com\/www.24baires.com\/wp-content\/uploads\/2014\/03\/hooft2.jpg?resize=350%2C200","width":350,"height":200,"srcset":"https:\/\/i0.wp.com\/www.24baires.com\/wp-content\/uploads\/2014\/03\/hooft2.jpg?resize=350%2C200 1x, https:\/\/i0.wp.com\/www.24baires.com\/wp-content\/uploads\/2014\/03\/hooft2.jpg?resize=525%2C300 1.5x"},"classes":[]}],"jetpack_sharing_enabled":true,"jetpack_likes_enabled":true,"_links":{"self":[{"href":"https:\/\/www.24baires.com\/index.php?rest_route=\/wp\/v2\/posts\/120888","targetHints":{"allow":["GET"]}}],"collection":[{"href":"https:\/\/www.24baires.com\/index.php?rest_route=\/wp\/v2\/posts"}],"about":[{"href":"https:\/\/www.24baires.com\/index.php?rest_route=\/wp\/v2\/types\/post"}],"author":[{"embeddable":true,"href":"https:\/\/www.24baires.com\/index.php?rest_route=\/wp\/v2\/users\/8"}],"replies":[{"embeddable":true,"href":"https:\/\/www.24baires.com\/index.php?rest_route=%2Fwp%2Fv2%2Fcomments&post=120888"}],"version-history":[{"count":1,"href":"https:\/\/www.24baires.com\/index.php?rest_route=\/wp\/v2\/posts\/120888\/revisions"}],"predecessor-version":[{"id":120890,"href":"https:\/\/www.24baires.com\/index.php?rest_route=\/wp\/v2\/posts\/120888\/revisions\/120890"}],"wp:attachment":[{"href":"https:\/\/www.24baires.com\/index.php?rest_route=%2Fwp%2Fv2%2Fmedia&parent=120888"}],"wp:term":[{"taxonomy":"category","embeddable":true,"href":"https:\/\/www.24baires.com\/index.php?rest_route=%2Fwp%2Fv2%2Fcategories&post=120888"},{"taxonomy":"post_tag","embeddable":true,"href":"https:\/\/www.24baires.com\/index.php?rest_route=%2Fwp%2Fv2%2Ftags&post=120888"}],"curies":[{"name":"wp","href":"https:\/\/api.w.org\/{rel}","templated":true}]}}