{"id":120872,"date":"2024-01-17T08:14:12","date_gmt":"2024-01-17T11:14:12","guid":{"rendered":"http:\/\/www.24baires.com\/?p=120872"},"modified":"2024-01-17T08:14:12","modified_gmt":"2024-01-17T11:14:12","slug":"denuncian-mas-de-300-despidos-en-la-planta-permanente-de-anses","status":"publish","type":"post","link":"https:\/\/www.24baires.com\/?p=120872","title":{"rendered":"Denuncian m\u00e1s de 300 despidos en la planta permanente de ANSES"},"content":{"rendered":"<p><img data-recalc-dims=\"1\" loading=\"lazy\" decoding=\"async\" class=\"aligncenter wp-image-120873\" src=\"https:\/\/i0.wp.com\/www.24baires.com\/wp-content\/uploads\/2024\/01\/anses.webp?resize=720%2C539\" alt=\"\" width=\"720\" height=\"539\" srcset=\"https:\/\/i0.wp.com\/www.24baires.com\/wp-content\/uploads\/2024\/01\/anses.webp?w=610&amp;ssl=1 610w, https:\/\/i0.wp.com\/www.24baires.com\/wp-content\/uploads\/2024\/01\/anses.webp?resize=300%2C225&amp;ssl=1 300w\" sizes=\"auto, (max-width: 720px) 100vw, 720px\" \/>ATE denunci\u00f3 que, desde la asunci\u00f3n del Javier Milei, ya se produjeron m\u00e1s de 7.500 despidos en la administraci\u00f3n p\u00fablica, al no renovarse contratos.<!--more--><\/p>\n<p>El Sindicato de los trabajadores de la Administraci\u00f3n Nacional de la Seguridad Social (SECASFPI) denunci\u00f3 el martes que el Ministerio de Capital Humano env\u00edo telegramas de despido a 320 trabajadores de la Anses de planta permanente que ingresaron al organismo entre 2020 y 2023.<\/p>\n<p>Seg\u00fan consign\u00f3 Julieta Aichino en \u00c1mbito, la decisi\u00f3n de los despidos estar\u00eda respaldada en una resoluci\u00f3n de la ANSES que a\u00fan no fue publicada en el Bolet\u00edn Oficial, la cual instruye a la Subdirecci\u00f3n Ejecutiva de ANSES \u201ca determinar el universo del personal de conducci\u00f3n superior, transitorio y sin estabilidad, cuya desvinculaci\u00f3n, en funci\u00f3n de los an\u00e1lisis respectivos que produzca dicha instancia, corresponde que opere en el marco de las Resoluciones D.E.-A. N\u00b0 002\/2016, N\u00b0 56\/2016, N\u00b0 76\/2016, y N\u00b0 RS-2019-110807285-ANSES-DGAYT#ANSES\u201d.<\/p>\n","protected":false},"excerpt":{"rendered":"<p>ATE denunci\u00f3 que, desde la asunci\u00f3n del Javier Milei, ya se produjeron m\u00e1s de 7.500 despidos en la administraci\u00f3n p\u00fablica, al no renovarse contratos.<\/p>\n","protected":false},"author":8,"featured_media":0,"comment_status":"closed","ping_status":"closed","sticky":false,"template":"","format":"standard","meta":{"_jetpack_newsletter_access":"","_jetpack_dont_email_post_to_subs":false,"_jetpack_newsletter_tier_id":0,"_jetpack_memberships_contains_paywalled_content":false,"_jetpack_memberships_contains_paid_content":false,"footnotes":""},"categories":[1],"tags":[],"class_list":["post-120872","post","type-post","status-publish","format-standard","hentry","category-sociedad"],"jetpack_featured_media_url":"","jetpack_shortlink":"https:\/\/wp.me\/p2JWE0-vry","jetpack-related-posts":[{"id":82541,"url":"https:\/\/www.24baires.com\/?p=82541","url_meta":{"origin":120872,"position":0},"title":"Desde ANSES denuncian ajuste y el recorte de puestos de trabajo","author":"GB","date":"10\/05\/2016","format":false,"excerpt":"Un gremio presentar\u00e1 petitorio para repudiar las cesant\u00edas de los ex jefes del organismos en el pa\u00eds. El secretario general del Sindicato de Empleados de la ex Caja de Subsidios Familiares para el Personal de la Industria (SECASFPI), Carlos Ortega, exigir\u00e1 el martes al director ejecutivo de ANSES, Emilio Basalvibaso,\u2026","rel":"","context":"En \u00abSociedad\u00bb","block_context":{"text":"Sociedad","link":"https:\/\/www.24baires.com\/?cat=1"},"img":{"alt_text":"","src":"","width":0,"height":0},"classes":[]},{"id":99640,"url":"https:\/\/www.24baires.com\/?p=99640","url_meta":{"origin":120872,"position":1},"title":"Despidos: ATE realiza una jornada de protesta y lanza un paro nacional","author":"GB","date":"27\/12\/2017","format":false,"excerpt":"El sindicato que nuclea a trabajadores estatales este mi\u00e9rcoles marchar\u00e1 al Ministerio de Defensa y a la ANSES. Tambi\u00e9n el reclamo se extender\u00e1 al jueves en todo el pa\u00eds. La huelga ser\u00e1 el 4 de enero. El sindicato de trabajadores estatales ATE dio a conocer un plan de lucha luego\u2026","rel":"","context":"En \u00abPol\u00edtica\u00bb","block_context":{"text":"Pol\u00edtica","link":"https:\/\/www.24baires.com\/?cat=51"},"img":{"alt_text":"","src":"https:\/\/i0.wp.com\/www.24baires.com\/wp-content\/uploads\/2016\/03\/marcha-ate.jpg?resize=350%2C200","width":350,"height":200,"srcset":"https:\/\/i0.wp.com\/www.24baires.com\/wp-content\/uploads\/2016\/03\/marcha-ate.jpg?resize=350%2C200 1x, https:\/\/i0.wp.com\/www.24baires.com\/wp-content\/uploads\/2016\/03\/marcha-ate.jpg?resize=525%2C300 1.5x"},"classes":[]},{"id":106093,"url":"https:\/\/www.24baires.com\/?p=106093","url_meta":{"origin":120872,"position":2},"title":"El Gobierno tomar\u00e1 86 mil millones de pesos de la Anses para financiarse","author":"GB","date":"26\/12\/2018","format":false,"excerpt":"El Ministerio de Hacienda public\u00f3 en el Bolet\u00edn Oficial la emisi\u00f3n de Letras del Tesoro que fue suscripta integralmente por la ANSES. As\u00ed el rojo financiero es cubierto por el dinero de la seguridad social. Un saqueo que Cambiemos hubiese denunciado. El Gobierno oficializ\u00f3 este mi\u00e9rcoles el financiamiento con el\u2026","rel":"","context":"En \u00abPol\u00edtica\u00bb","block_context":{"text":"Pol\u00edtica","link":"https:\/\/www.24baires.com\/?cat=51"},"img":{"alt_text":"","src":"https:\/\/i0.wp.com\/www.24baires.com\/wp-content\/uploads\/2018\/12\/anses.jpg?resize=350%2C200","width":350,"height":200,"srcset":"https:\/\/i0.wp.com\/www.24baires.com\/wp-content\/uploads\/2018\/12\/anses.jpg?resize=350%2C200 1x, https:\/\/i0.wp.com\/www.24baires.com\/wp-content\/uploads\/2018\/12\/anses.jpg?resize=525%2C300 1.5x"},"classes":[]},{"id":79834,"url":"https:\/\/www.24baires.com\/?p=79834","url_meta":{"origin":120872,"position":3},"title":"Ferraresi denunci\u00f3 una \u201ccaza de brujas\u201d contra el kirchnerismo","author":"AF","date":"08\/03\/2016","format":false,"excerpt":"Tras el llamado a indagatoria a Cristina y los casos de extorsi\u00f3n denunciados por ex directivos de ANSES, el jefe comunal de Avellaneda cuestion\u00f3 la \u201cpersecuci\u00f3n\u201d de parte del macrismo y la Justicia. \u201cSe parece mucho a otras \u00e9pocas de la Argentina, llenas de odio, venganza y persecuci\u00f3n\u201d, se\u00f1al\u00f3. En\u2026","rel":"","context":"En \u00abLocales\u00bb","block_context":{"text":"Locales","link":"https:\/\/www.24baires.com\/?cat=38"},"img":{"alt_text":"ferraresi","src":"https:\/\/i0.wp.com\/www.24baires.com\/wp-content\/uploads\/2014\/06\/ferraresi.jpg?resize=350%2C200","width":350,"height":200,"srcset":"https:\/\/i0.wp.com\/www.24baires.com\/wp-content\/uploads\/2014\/06\/ferraresi.jpg?resize=350%2C200 1x, https:\/\/i0.wp.com\/www.24baires.com\/wp-content\/uploads\/2014\/06\/ferraresi.jpg?resize=525%2C300 1.5x"},"classes":[]},{"id":120251,"url":"https:\/\/www.24baires.com\/?p=120251","url_meta":{"origin":120872,"position":4},"title":"La Anses habilit\u00f3 el plan de pago de deuda previsional","author":"GB","date":"05\/07\/2023","format":false,"excerpt":"La Administraci\u00f3n Nacional de la Seguridad Social (Anses), comunic\u00f3 que ya est\u00e1 habilitado el plan de pago de deuda previsional para trabajadores en actividad. La Administraci\u00f3n Nacional de la Seguridad Social (Anses), inform\u00f3 que en el marco de la Resoluci\u00f3n N\u00b0 131\/2023 publicada en el Bolet\u00edn Oficial, las personas que\u2026","rel":"","context":"En \u00abSociedad\u00bb","block_context":{"text":"Sociedad","link":"https:\/\/www.24baires.com\/?cat=1"},"img":{"alt_text":"","src":"https:\/\/i0.wp.com\/www.24baires.com\/wp-content\/uploads\/2023\/07\/raberta-anses.jpg?resize=350%2C200","width":350,"height":200,"srcset":"https:\/\/i0.wp.com\/www.24baires.com\/wp-content\/uploads\/2023\/07\/raberta-anses.jpg?resize=350%2C200 1x, https:\/\/i0.wp.com\/www.24baires.com\/wp-content\/uploads\/2023\/07\/raberta-anses.jpg?resize=525%2C300 1.5x, https:\/\/i0.wp.com\/www.24baires.com\/wp-content\/uploads\/2023\/07\/raberta-anses.jpg?resize=700%2C400 2x"},"classes":[]},{"id":82694,"url":"https:\/\/www.24baires.com\/?p=82694","url_meta":{"origin":120872,"position":5},"title":"ANSES tramita 12 veces m\u00e1s seguros de desempleo que en 2015","author":"GB","date":"13\/05\/2016","format":false,"excerpt":"Mientras el oficialismo y la oposici\u00f3n discuten las cifras del desempleo para argumentar en torno a la Ley Antidespidos, un dato duro, originado de la ANSES, revela la gravedad de la situaci\u00f3n: S\u00f3lo en la regi\u00f3n capital se increment\u00f3 hasta doce veces el ritmo de solicitudes de Seguro de Desempleo.\u2026","rel":"","context":"En \u00abSociedad\u00bb","block_context":{"text":"Sociedad","link":"https:\/\/www.24baires.com\/?cat=1"},"img":{"alt_text":"","src":"","width":0,"height":0},"classes":[]}],"jetpack_sharing_enabled":true,"jetpack_likes_enabled":true,"_links":{"self":[{"href":"https:\/\/www.24baires.com\/index.php?rest_route=\/wp\/v2\/posts\/120872","targetHints":{"allow":["GET"]}}],"collection":[{"href":"https:\/\/www.24baires.com\/index.php?rest_route=\/wp\/v2\/posts"}],"about":[{"href":"https:\/\/www.24baires.com\/index.php?rest_route=\/wp\/v2\/types\/post"}],"author":[{"embeddable":true,"href":"https:\/\/www.24baires.com\/index.php?rest_route=\/wp\/v2\/users\/8"}],"replies":[{"embeddable":true,"href":"https:\/\/www.24baires.com\/index.php?rest_route=%2Fwp%2Fv2%2Fcomments&post=120872"}],"version-history":[{"count":1,"href":"https:\/\/www.24baires.com\/index.php?rest_route=\/wp\/v2\/posts\/120872\/revisions"}],"predecessor-version":[{"id":120874,"href":"https:\/\/www.24baires.com\/index.php?rest_route=\/wp\/v2\/posts\/120872\/revisions\/120874"}],"wp:attachment":[{"href":"https:\/\/www.24baires.com\/index.php?rest_route=%2Fwp%2Fv2%2Fmedia&parent=120872"}],"wp:term":[{"taxonomy":"category","embeddable":true,"href":"https:\/\/www.24baires.com\/index.php?rest_route=%2Fwp%2Fv2%2Fcategories&post=120872"},{"taxonomy":"post_tag","embeddable":true,"href":"https:\/\/www.24baires.com\/index.php?rest_route=%2Fwp%2Fv2%2Ftags&post=120872"}],"curies":[{"name":"wp","href":"https:\/\/api.w.org\/{rel}","templated":true}]}}