{"id":120864,"date":"2024-01-15T22:21:17","date_gmt":"2024-01-16T01:21:17","guid":{"rendered":"http:\/\/www.24baires.com\/?p=120864"},"modified":"2024-01-15T22:21:17","modified_gmt":"2024-01-16T01:21:17","slug":"la-justicia-dicto-la-primera-cautelar-contra-la-suba-de-una-prepaga-trsd-el-dnu-milei","status":"publish","type":"post","link":"https:\/\/www.24baires.com\/?p=120864","title":{"rendered":"La Justicia dict\u00f3 la primera cautelar contra la suba de una prepaga trsd el DNU Milei"},"content":{"rendered":"<p><img data-recalc-dims=\"1\" loading=\"lazy\" decoding=\"async\" class=\"aligncenter wp-image-120865\" src=\"https:\/\/i0.wp.com\/www.24baires.com\/wp-content\/uploads\/2024\/01\/WhatsApp-Image-2024-01-15-at-22.20.22.jpeg?resize=720%2C405\" alt=\"\" width=\"720\" height=\"405\" srcset=\"https:\/\/i0.wp.com\/www.24baires.com\/wp-content\/uploads\/2024\/01\/WhatsApp-Image-2024-01-15-at-22.20.22.jpeg?w=1200&amp;ssl=1 1200w, https:\/\/i0.wp.com\/www.24baires.com\/wp-content\/uploads\/2024\/01\/WhatsApp-Image-2024-01-15-at-22.20.22.jpeg?resize=300%2C169&amp;ssl=1 300w, https:\/\/i0.wp.com\/www.24baires.com\/wp-content\/uploads\/2024\/01\/WhatsApp-Image-2024-01-15-at-22.20.22.jpeg?resize=1024%2C576&amp;ssl=1 1024w, https:\/\/i0.wp.com\/www.24baires.com\/wp-content\/uploads\/2024\/01\/WhatsApp-Image-2024-01-15-at-22.20.22.jpeg?resize=768%2C432&amp;ssl=1 768w\" sizes=\"auto, (max-width: 720px) 100vw, 720px\" \/>Lo decidi\u00f3 la jueza Martina Forns en el marco de la causa contra el Hospital Italiano. Tiene efectos exclusivos a la afiliada que hizo el planteo: una jubilada de 78 a\u00f1os.<!--more--><\/p>\n<p>Desde que Javier Milei dict\u00f3 el decreto 70\/2023, el 20 de diciembre \u00faltimo, se produjo una lluvia de medidas cautelares en contra de algunas de sus 366 medidas; entre ellas, la suspensi\u00f3n de la reforma laboral. Este lunes fue el turno de los aumentos que dispusieron las empresas de medicina prepaga.<\/p>\n<p>Las subas en las cuotas superaron en algunos casos el 75%. Esto produjo un aluvi\u00f3n de tr\u00e1mites de afiliados para optar por planes m\u00e1s econ\u00f3micos y en muchos casos hasta darse de baja en la cobertura. Pero Marta Cristina Brauchli, de 78 a\u00f1os, decidi\u00f3 ir a la Justicia, que por ahora le dio la raz\u00f3n.<\/p>\n<p>La jueza federal de San Mart\u00edn Martina Forns hizo lugar a la medida cautelar solicitada por Brauchli y le orden\u00f3 al Hospital Italiano \u201creadecuar las cuotas correspondientes a su plan asistencial, dejando sin efecto los aumentos realizados en aplicaci\u00f3n del DNU 70\/23\u201d del presidente Milei, limit\u00e1ndose a efectuar los aumentos autorizados por el Ministerio de Salud en los t\u00e9rminos del art\u00edculo 17 (no sustituido por su decfreto) de la ley 26.682 \u201chasta tanto se dicte sentencia definitiva, debi\u00e9ndose acreditar su cumplimiento en el plazo de 48 horas bajo apercibimiento de ley\u201d.<\/p>\n<p>Dicha art\u00edculo de la ley Marco Regulatorio de Medicina Prepaga regula, justamente, las cuotas de los planes y establece que el Ministerio de Salud (ahora convertido en secretar\u00eda dependiente de la ministra de Capital Humano, Sandra Pettovello) \u201cfiscalizar\u00e1 y garantizar\u00e1 la razonabilidad de las cuotas de los planes prestacionales\u201d y \u201cautorizar\u00e1 el aumento de las cuotas cuando el mismo est\u00e9 fundado en variaciones de la estructura de costos y razonable c\u00e1lculo actuarial de riesgos\u201d.<\/p>\n<p>El fallo de Forns, indic\u00f3 la cuenta de X (Twitter) del blog especializado Palabras del Derecho, tiene \u201cefectos exclusivos a la mujer que hizo el planteo\u201d. La afiliada se\u00f1al\u00f3 en su presentaci\u00f3n que la \u201cSociedad Italiana de Beneficencia en Buenos Aires &#8211; Hospital Italiano\u201d le increment\u00f3 \u201cprimero en un 40%\u201d la cuota para enero de 2024 y que \u201cluego recibi\u00f3 otra comunicaci\u00f3n para febrero con un nuevo incremento del 29,5%\u201d. Dijo, adem\u00e1s, que sus haberes previsionales por el per\u00edodo 12\/23 ascienden a la suma de $323.089,39, \u201cpor lo cual le resulta imposible afrontar dicho pago\u201d.<\/p>\n<p>\u201cCabe se\u00f1alar que, si bien la presente causa fue declarada como proceso colectivo, a\u00fan no ha podido ser inscripta en el Registro correspondiente, atento a lo peticionado por la actora y la urgencia del caso considero que corresponde tratar la medida cautelar solicitada de forma individual\u201d, dijo la jueza Forns en los considerandos de su fallo.<\/p>\n<p>Fuente: ElDiarioAr<\/p>\n","protected":false},"excerpt":{"rendered":"<p>Lo decidi\u00f3 la jueza Martina Forns en el marco de la causa contra el Hospital Italiano. Tiene efectos exclusivos a la afiliada que hizo el planteo: una jubilada de 78 a\u00f1os.<\/p>\n","protected":false},"author":4,"featured_media":0,"comment_status":"closed","ping_status":"closed","sticky":false,"template":"","format":"standard","meta":{"_jetpack_newsletter_access":"","_jetpack_dont_email_post_to_subs":false,"_jetpack_newsletter_tier_id":0,"_jetpack_memberships_contains_paywalled_content":false,"_jetpack_memberships_contains_paid_content":false,"footnotes":""},"categories":[1],"tags":[],"class_list":["post-120864","post","type-post","status-publish","format-standard","hentry","category-sociedad"],"jetpack_featured_media_url":"","jetpack_shortlink":"https:\/\/wp.me\/p2JWE0-vrq","jetpack-related-posts":[{"id":121286,"url":"https:\/\/www.24baires.com\/?p=121286","url_meta":{"origin":120864,"position":0},"title":"El Gobierno nacional autoriz\u00f3 aumentos del 93% en abril y 114% en mayo en Prepagas","author":"GB","date":"03\/05\/2024","format":false,"excerpt":"Mientras las cl\u00ednicas empiezan a dejar de atender a los afiliados de las prepagas, el gobierno de Javier Milei difundi\u00f3 c\u00f3mo se deber\u00e1n ajustar las cuotas y convalid\u00f3 aumentos del 93,3% en abril y 114% en mayo. El Gobierno nacional anunci\u00f3 c\u00f3mo se deber\u00e1n ajustar las cuotas de las prepagas:\u2026","rel":"","context":"En \u00abPol\u00edtica\u00bb","block_context":{"text":"Pol\u00edtica","link":"https:\/\/www.24baires.com\/?cat=51"},"img":{"alt_text":"","src":"https:\/\/i0.wp.com\/www.24baires.com\/wp-content\/uploads\/2017\/10\/prepaga.jpg?resize=350%2C200","width":350,"height":200,"srcset":"https:\/\/i0.wp.com\/www.24baires.com\/wp-content\/uploads\/2017\/10\/prepaga.jpg?resize=350%2C200 1x, https:\/\/i0.wp.com\/www.24baires.com\/wp-content\/uploads\/2017\/10\/prepaga.jpg?resize=525%2C300 1.5x, https:\/\/i0.wp.com\/www.24baires.com\/wp-content\/uploads\/2017\/10\/prepaga.jpg?resize=700%2C400 2x"},"classes":[]},{"id":41305,"url":"https:\/\/www.24baires.com\/?p=41305","url_meta":{"origin":120864,"position":1},"title":"Confirmaron el aumento de 5,5% de las prepagas","author":"Grupo Sierra","date":"28\/02\/2014","format":false,"excerpt":"Las cuotas que pagan los afiliados volver\u00e1n a sufrir un ajuste despu\u00e9s de que las empresas del sector fueran autorizadas por la administraci\u00f3n nacional. A partir del s\u00e1bado pr\u00f3ximo, las empresas de medicina prepaga podr\u00e1n aumentar en un 5,5 por ciento las cuotas a sus afiliados, seg\u00fan lo dispuesto por\u2026","rel":"","context":"En \u00abEconom\u00eda\u00bb","block_context":{"text":"Econom\u00eda","link":"https:\/\/www.24baires.com\/?cat=45"},"img":{"alt_text":"prepagas","src":"https:\/\/i0.wp.com\/www.24baires.com\/wp-content\/uploads\/2014\/02\/prepagas-300x175.jpg?resize=350%2C200","width":350,"height":200},"classes":[]},{"id":121233,"url":"https:\/\/www.24baires.com\/?p=121233","url_meta":{"origin":120864,"position":2},"title":"De locos: el Gobierno ahora pide a las prepagas que congelen sus precios","author":"GB","date":"15\/04\/2024","format":false,"excerpt":"Parece que la libertad no avanza y que el mercado no se regula solo que pregona Javier Milei, y es en este marco que desde el Gobierno ahora aprietan a las empresas de medicina prepaga para que aflojen con los brutales aumentos. En medio del brutal ajuste y la ola\u2026","rel":"","context":"En \u00abConsumidores\u00bb","block_context":{"text":"Consumidores","link":"https:\/\/www.24baires.com\/?cat=78"},"img":{"alt_text":"","src":"https:\/\/i0.wp.com\/www.24baires.com\/wp-content\/uploads\/2017\/10\/prepaga.jpg?resize=350%2C200","width":350,"height":200,"srcset":"https:\/\/i0.wp.com\/www.24baires.com\/wp-content\/uploads\/2017\/10\/prepaga.jpg?resize=350%2C200 1x, https:\/\/i0.wp.com\/www.24baires.com\/wp-content\/uploads\/2017\/10\/prepaga.jpg?resize=525%2C300 1.5x, https:\/\/i0.wp.com\/www.24baires.com\/wp-content\/uploads\/2017\/10\/prepaga.jpg?resize=700%2C400 2x"},"classes":[]},{"id":122781,"url":"https:\/\/www.24baires.com\/?p=122781","url_meta":{"origin":120864,"position":3},"title":"Naci\u00f3n va a apelar la decisi\u00f3n judicial que dej\u00f3 sin efecto el protocolo antipiquetes","author":"GB","date":"30\/12\/2025","format":false,"excerpt":"La ministra de Seguridad defendi\u00f3 la medida anulada por la Justicia federal y anunci\u00f3 que el Ejecutivo recurrir\u00e1 el fallo que suspendi\u00f3 el protocolo antipiquetes. Luego de que la Justicia federal declarara la inconstitucionalidad del denominado \u201cprotocolo antipiquetes\u201d, el Gobierno nacional sali\u00f3 a marcar postura y confirm\u00f3 que apelar\u00e1 la\u2026","rel":"","context":"En \u00abPol\u00edtica\u00bb","block_context":{"text":"Pol\u00edtica","link":"https:\/\/www.24baires.com\/?cat=51"},"img":{"alt_text":"","src":"https:\/\/i0.wp.com\/www.24baires.com\/wp-content\/uploads\/2025\/12\/protocoloantipiquetes2.jpeg.webp?resize=350%2C200","width":350,"height":200,"srcset":"https:\/\/i0.wp.com\/www.24baires.com\/wp-content\/uploads\/2025\/12\/protocoloantipiquetes2.jpeg.webp?resize=350%2C200 1x, https:\/\/i0.wp.com\/www.24baires.com\/wp-content\/uploads\/2025\/12\/protocoloantipiquetes2.jpeg.webp?resize=525%2C300 1.5x, https:\/\/i0.wp.com\/www.24baires.com\/wp-content\/uploads\/2025\/12\/protocoloantipiquetes2.jpeg.webp?resize=700%2C400 2x"},"classes":[]},{"id":111017,"url":"https:\/\/www.24baires.com\/?p=111017","url_meta":{"origin":120864,"position":4},"title":"Volvieron a aumentar las prepagas","author":"AF","date":"01\/07\/2019","format":false,"excerpt":"Las entidades acumular\u00e1n a lo largo del segundo semestre una suba del 17,5%. El segundo ajuste se aplicar\u00e1 desde el 1\u00b0 de agosto y ser\u00e1 de 6%, mientras que el otro, por el mismo porcentaje, correr\u00e1 desde el 1\u00b0 de septiembre. Los planes que ofrecen las empresas de medicina prepaga\u2026","rel":"","context":"En \u00abSociedad\u00bb","block_context":{"text":"Sociedad","link":"https:\/\/www.24baires.com\/?cat=1"},"img":{"alt_text":"","src":"https:\/\/i0.wp.com\/www.24baires.com\/wp-content\/uploads\/2017\/10\/prepaga.jpg?resize=350%2C200","width":350,"height":200,"srcset":"https:\/\/i0.wp.com\/www.24baires.com\/wp-content\/uploads\/2017\/10\/prepaga.jpg?resize=350%2C200 1x, https:\/\/i0.wp.com\/www.24baires.com\/wp-content\/uploads\/2017\/10\/prepaga.jpg?resize=525%2C300 1.5x"},"classes":[]},{"id":53161,"url":"https:\/\/www.24baires.com\/?p=53161","url_meta":{"origin":120864,"position":5},"title":"Costa: \u00abNo corresponde que las prepagas apliquen pagos adicionales\u00bb","author":"AF","date":"06\/09\/2014","format":false,"excerpt":"Lo manifes\u00f3 el secretario de Comercio, quien adem\u00e1s les pidi\u00f3 a los empresarios del sector que \u201ceviten situaciones\u201d que lleven a las autoridades a \u201ctomar medidas sancionatorias\u201d. Las declaraciones del secretario fueron publicadas hoy en un reportaje otorgado al diario P\u00e1gina\/12, luego de que ayer las compa\u00f1\u00edas informaron que dieron\u2026","rel":"","context":"En \u00abSociedad\u00bb","block_context":{"text":"Sociedad","link":"https:\/\/www.24baires.com\/?cat=1"},"img":{"alt_text":"augusto costa","src":"https:\/\/i0.wp.com\/www.24baires.com\/wp-content\/uploads\/2014\/08\/augusto-costa.jpg?resize=350%2C200","width":350,"height":200,"srcset":"https:\/\/i0.wp.com\/www.24baires.com\/wp-content\/uploads\/2014\/08\/augusto-costa.jpg?resize=350%2C200 1x, https:\/\/i0.wp.com\/www.24baires.com\/wp-content\/uploads\/2014\/08\/augusto-costa.jpg?resize=525%2C300 1.5x"},"classes":[]}],"jetpack_sharing_enabled":true,"jetpack_likes_enabled":true,"_links":{"self":[{"href":"https:\/\/www.24baires.com\/index.php?rest_route=\/wp\/v2\/posts\/120864","targetHints":{"allow":["GET"]}}],"collection":[{"href":"https:\/\/www.24baires.com\/index.php?rest_route=\/wp\/v2\/posts"}],"about":[{"href":"https:\/\/www.24baires.com\/index.php?rest_route=\/wp\/v2\/types\/post"}],"author":[{"embeddable":true,"href":"https:\/\/www.24baires.com\/index.php?rest_route=\/wp\/v2\/users\/4"}],"replies":[{"embeddable":true,"href":"https:\/\/www.24baires.com\/index.php?rest_route=%2Fwp%2Fv2%2Fcomments&post=120864"}],"version-history":[{"count":1,"href":"https:\/\/www.24baires.com\/index.php?rest_route=\/wp\/v2\/posts\/120864\/revisions"}],"predecessor-version":[{"id":120866,"href":"https:\/\/www.24baires.com\/index.php?rest_route=\/wp\/v2\/posts\/120864\/revisions\/120866"}],"wp:attachment":[{"href":"https:\/\/www.24baires.com\/index.php?rest_route=%2Fwp%2Fv2%2Fmedia&parent=120864"}],"wp:term":[{"taxonomy":"category","embeddable":true,"href":"https:\/\/www.24baires.com\/index.php?rest_route=%2Fwp%2Fv2%2Fcategories&post=120864"},{"taxonomy":"post_tag","embeddable":true,"href":"https:\/\/www.24baires.com\/index.php?rest_route=%2Fwp%2Fv2%2Ftags&post=120864"}],"curies":[{"name":"wp","href":"https:\/\/api.w.org\/{rel}","templated":true}]}}