{"id":120855,"date":"2024-01-11T21:33:56","date_gmt":"2024-01-12T00:33:56","guid":{"rendered":"http:\/\/www.24baires.com\/?p=120855"},"modified":"2024-01-11T21:33:56","modified_gmt":"2024-01-12T00:33:56","slug":"la-inflacion-de-diciembre-fue-del-255","status":"publish","type":"post","link":"https:\/\/www.24baires.com\/?p=120855","title":{"rendered":"La inflaci\u00f3n de diciembre fue del 25,5%"},"content":{"rendered":"<p><img data-recalc-dims=\"1\" loading=\"lazy\" decoding=\"async\" class=\"aligncenter wp-image-120856\" src=\"https:\/\/i0.wp.com\/www.24baires.com\/wp-content\/uploads\/2024\/01\/indec.jpg?resize=720%2C428\" alt=\"\" width=\"720\" height=\"428\" srcset=\"https:\/\/i0.wp.com\/www.24baires.com\/wp-content\/uploads\/2024\/01\/indec.jpg?w=1578&amp;ssl=1 1578w, https:\/\/i0.wp.com\/www.24baires.com\/wp-content\/uploads\/2024\/01\/indec.jpg?resize=300%2C178&amp;ssl=1 300w, https:\/\/i0.wp.com\/www.24baires.com\/wp-content\/uploads\/2024\/01\/indec.jpg?resize=1024%2C608&amp;ssl=1 1024w, https:\/\/i0.wp.com\/www.24baires.com\/wp-content\/uploads\/2024\/01\/indec.jpg?resize=768%2C456&amp;ssl=1 768w, https:\/\/i0.wp.com\/www.24baires.com\/wp-content\/uploads\/2024\/01\/indec.jpg?resize=1536%2C912&amp;ssl=1 1536w\" sizes=\"auto, (max-width: 720px) 100vw, 720px\" \/>Se triplicaron los precios durante el \u00faltimo a\u00f1o. El guarismo anualizado super\u00f3 el 211 por ciento. Estos n\u00fameros no se registraban desde 1991.<!--more--><\/p>\n<p>El \u00edndice de precios al consumidor (IPC-Costo de Vida) registr\u00f3 en diciembre una suba de 25,5% y de 211,4% a lo largo de 2023, inform\u00f3 hoy el Instituto Nacional de Estad\u00edstica y Censos (Indec).<\/p>\n<p>El incremento de 211,4% registrado en 2023 fue el m\u00e1s alto desde 1990 a la fecha, a\u00f1o que cerr\u00f3 con una hiperinflaci\u00f3n de 1.349%.<\/p>\n<p>En diciembre, la divisi\u00f3n de mayor aumento fue Bienes y servicios varios (32,7%), producto de las subas en art\u00edculos de cuidado personal; seguida por Salud (32,6%), por las variaciones en medicamentos y las cuotas de medicina prepaga; y Transporte (31,7%), por los incrementos en los combustibles.<\/p>\n<p>Sin embargo, la divisi\u00f3n con mayor incidencia en todas las regiones fue Alimentos y bebidas no alcoh\u00f3licas, con un incremento del 29,7%, preciso el Indec, impulsada por los precios de la Carne y derivados, y de Pan y cereales.<\/p>\n<p>En el \u00faltimo mes de 2023, los rubros que registraron las menores variaciones fueron Educaci\u00f3n, 6,2%; y Vivienda, agua, electricidad y otros combustibles, 13,8%.<\/p>\n<p>Por categor\u00edas, el IPC N\u00facleo aument\u00f3 28,3%; seguida por los Precios Regulados, 20,7%; y los productos y servicios Estacionales, que registraron un incremento de 16,2%.<\/p>\n<p>&nbsp;<\/p>\n<p>&nbsp;<\/p>\n<p>Fuente: infonews<\/p>\n","protected":false},"excerpt":{"rendered":"<p>Se triplicaron los precios durante el \u00faltimo a\u00f1o. El guarismo anualizado super\u00f3 el 211 por ciento. Estos n\u00fameros no se registraban desde 1991.<\/p>\n","protected":false},"author":4,"featured_media":0,"comment_status":"closed","ping_status":"closed","sticky":false,"template":"","format":"standard","meta":{"_jetpack_newsletter_access":"","_jetpack_dont_email_post_to_subs":false,"_jetpack_newsletter_tier_id":0,"_jetpack_memberships_contains_paywalled_content":false,"_jetpack_memberships_contains_paid_content":false,"footnotes":""},"categories":[45],"tags":[],"class_list":["post-120855","post","type-post","status-publish","format-standard","hentry","category-economia"],"jetpack_featured_media_url":"","jetpack_shortlink":"https:\/\/wp.me\/p2JWE0-vrh","jetpack-related-posts":[{"id":120965,"url":"https:\/\/www.24baires.com\/?p=120965","url_meta":{"origin":120855,"position":0},"title":"La inflaci\u00f3n de enero fue del 20,6%","author":"AF","date":"14\/02\/2024","format":false,"excerpt":"La inflaci\u00f3n interanual acumulada lleg\u00f3 al 254,2%. En enero, Bienes y Servicios registr\u00f3 un incremento del 44,4 por ciento. El \u00cdndice de Precios al Consumidor (IPC-Costo de Vida) aument\u00f3 durante enero un 20,6%, con lo que la inflaci\u00f3n interanual acumulada lleg\u00f3 al 254,2%, inform\u00f3 el Instituto Nacional de Estad\u00edstica y\u2026","rel":"","context":"En \u00abEconom\u00eda\u00bb","block_context":{"text":"Econom\u00eda","link":"https:\/\/www.24baires.com\/?cat=45"},"img":{"alt_text":"","src":"https:\/\/i0.wp.com\/www.24baires.com\/wp-content\/uploads\/2023\/06\/supermercado.jpg?resize=350%2C200","width":350,"height":200,"srcset":"https:\/\/i0.wp.com\/www.24baires.com\/wp-content\/uploads\/2023\/06\/supermercado.jpg?resize=350%2C200 1x, https:\/\/i0.wp.com\/www.24baires.com\/wp-content\/uploads\/2023\/06\/supermercado.jpg?resize=525%2C300 1.5x, https:\/\/i0.wp.com\/www.24baires.com\/wp-content\/uploads\/2023\/06\/supermercado.jpg?resize=700%2C400 2x"},"classes":[]},{"id":121349,"url":"https:\/\/www.24baires.com\/?p=121349","url_meta":{"origin":120855,"position":1},"title":"En medio de la ca\u00edda del salario y el consumo, la inflaci\u00f3n de abril fue del 8,8%","author":"GB","date":"15\/05\/2024","format":false,"excerpt":"El INDEC inform\u00f3 que los precios aumentaron un 8,8% en abril, un 289,4% interanual y un 65% en el primer cuatrimestre. El Instituto Nacional de Estad\u00edsticas y Censos (INDEC) dio a conocer este martes el \u00cdndice de Precios al Consumidor (IPC) e inform\u00f3 que la inflaci\u00f3n del mes de abril\u2026","rel":"","context":"En \u00abConsumidores\u00bb","block_context":{"text":"Consumidores","link":"https:\/\/www.24baires.com\/?cat=78"},"img":{"alt_text":"","src":"https:\/\/i0.wp.com\/www.24baires.com\/wp-content\/uploads\/2024\/02\/super.jpeg?resize=350%2C200","width":350,"height":200,"srcset":"https:\/\/i0.wp.com\/www.24baires.com\/wp-content\/uploads\/2024\/02\/super.jpeg?resize=350%2C200 1x, https:\/\/i0.wp.com\/www.24baires.com\/wp-content\/uploads\/2024\/02\/super.jpeg?resize=525%2C300 1.5x, https:\/\/i0.wp.com\/www.24baires.com\/wp-content\/uploads\/2024\/02\/super.jpeg?resize=700%2C400 2x"},"classes":[]},{"id":121107,"url":"https:\/\/www.24baires.com\/?p=121107","url_meta":{"origin":120855,"position":2},"title":"La inflaci\u00f3n se ubic\u00f3 en el 13,2% en febrero","author":"GB","date":"12\/03\/2024","format":false,"excerpt":"El INDEC registr\u00f3 una inflaci\u00f3n del 13,2 % en febrero. Aunque retrocedi\u00f3 varios puntos, el n\u00famero qued\u00f3 condicionado por la fuerte recesi\u00f3n de la industria. El Instituto Nacional de Estad\u00edsticas y Censos (INDEC) dio a conocer la inflaci\u00f3n del mes de febrero que fue del 13,2%, una cifra que se\u2026","rel":"","context":"En \u00abEconom\u00eda\u00bb","block_context":{"text":"Econom\u00eda","link":"https:\/\/www.24baires.com\/?cat=45"},"img":{"alt_text":"","src":"https:\/\/i0.wp.com\/www.24baires.com\/wp-content\/uploads\/2024\/03\/super.webp?resize=350%2C200","width":350,"height":200,"srcset":"https:\/\/i0.wp.com\/www.24baires.com\/wp-content\/uploads\/2024\/03\/super.webp?resize=350%2C200 1x, https:\/\/i0.wp.com\/www.24baires.com\/wp-content\/uploads\/2024\/03\/super.webp?resize=525%2C300 1.5x, https:\/\/i0.wp.com\/www.24baires.com\/wp-content\/uploads\/2024\/03\/super.webp?resize=700%2C400 2x"},"classes":[]},{"id":121065,"url":"https:\/\/www.24baires.com\/?p=121065","url_meta":{"origin":120855,"position":3},"title":"Los comercios sufren el ajuste: las ventas minoristas cayeron 25,5%","author":"GB","date":"04\/03\/2024","format":false,"excerpt":"Comparadas con el mismo per\u00edodo del a\u00f1o pasado, el primer bimestre registr\u00f3 una ca\u00edda acumulada del 27%. Las ventas en los comercios minoristas pymes registraron en febrero en promedio una ca\u00edda de 25,5% interanual a precios constantes, mientras que frente a enero pasado retrocedieron 7,4%, seg\u00fan un relevamiento realizado por\u2026","rel":"","context":"En \u00abConsumidores\u00bb","block_context":{"text":"Consumidores","link":"https:\/\/www.24baires.com\/?cat=78"},"img":{"alt_text":"","src":"https:\/\/i0.wp.com\/www.24baires.com\/wp-content\/uploads\/2018\/12\/compras-navidad.jpg?resize=350%2C200","width":350,"height":200,"srcset":"https:\/\/i0.wp.com\/www.24baires.com\/wp-content\/uploads\/2018\/12\/compras-navidad.jpg?resize=350%2C200 1x, https:\/\/i0.wp.com\/www.24baires.com\/wp-content\/uploads\/2018\/12\/compras-navidad.jpg?resize=525%2C300 1.5x, https:\/\/i0.wp.com\/www.24baires.com\/wp-content\/uploads\/2018\/12\/compras-navidad.jpg?resize=700%2C400 2x"},"classes":[]},{"id":121027,"url":"https:\/\/www.24baires.com\/?p=121027","url_meta":{"origin":120855,"position":4},"title":"Desde marzo vuelven a aumentar las cuotas de los colegios privados","author":"GB","date":"27\/02\/2024","format":false,"excerpt":"El Gobierno bonaerense autoriz\u00f3 un nuevo aumento en las cuotas de los colegios privados. El incremento ser\u00e1 del 50% a partir de marzo de 2024. El Gobierno de la Provincia de Buenos Aires autoriz\u00f3 un nuevo aumento en las cuotas de los colegios privados. El \u00faltimo aumento se hab\u00eda autorizado\u2026","rel":"","context":"En \u00abProvincia\u00bb","block_context":{"text":"Provincia","link":"https:\/\/www.24baires.com\/?cat=40"},"img":{"alt_text":"","src":"https:\/\/i0.wp.com\/www.24baires.com\/wp-content\/uploads\/2024\/02\/escuela-provada.webp?resize=350%2C200","width":350,"height":200,"srcset":"https:\/\/i0.wp.com\/www.24baires.com\/wp-content\/uploads\/2024\/02\/escuela-provada.webp?resize=350%2C200 1x, https:\/\/i0.wp.com\/www.24baires.com\/wp-content\/uploads\/2024\/02\/escuela-provada.webp?resize=525%2C300 1.5x, https:\/\/i0.wp.com\/www.24baires.com\/wp-content\/uploads\/2024\/02\/escuela-provada.webp?resize=700%2C400 2x"},"classes":[]},{"id":120186,"url":"https:\/\/www.24baires.com\/?p=120186","url_meta":{"origin":120855,"position":5},"title":"Seg\u00fan el Indec, la inflaci\u00f3n de mayo fue del 7,8%","author":"AF","date":"14\/06\/2023","format":false,"excerpt":"Seg\u00fan los datos oficiales del Instituto Nacional de Estad\u00edsticas y Censos (Indec), la inflaci\u00f3n minorista de los primeros cinco meses de 2023 fue del 42,2 por ciento. El \u00edndice de precios al consumidor (IPC) subi\u00f3 7,8% en mayo, por debajo del 8,4% que registr\u00f3 en abril pasado, inform\u00f3 este mi\u00e9rcoles\u2026","rel":"","context":"En \u00abEconom\u00eda\u00bb","block_context":{"text":"Econom\u00eda","link":"https:\/\/www.24baires.com\/?cat=45"},"img":{"alt_text":"","src":"https:\/\/i0.wp.com\/www.24baires.com\/wp-content\/uploads\/2023\/06\/supermercado.jpg?resize=350%2C200","width":350,"height":200,"srcset":"https:\/\/i0.wp.com\/www.24baires.com\/wp-content\/uploads\/2023\/06\/supermercado.jpg?resize=350%2C200 1x, https:\/\/i0.wp.com\/www.24baires.com\/wp-content\/uploads\/2023\/06\/supermercado.jpg?resize=525%2C300 1.5x, https:\/\/i0.wp.com\/www.24baires.com\/wp-content\/uploads\/2023\/06\/supermercado.jpg?resize=700%2C400 2x"},"classes":[]}],"jetpack_sharing_enabled":true,"jetpack_likes_enabled":true,"_links":{"self":[{"href":"https:\/\/www.24baires.com\/index.php?rest_route=\/wp\/v2\/posts\/120855","targetHints":{"allow":["GET"]}}],"collection":[{"href":"https:\/\/www.24baires.com\/index.php?rest_route=\/wp\/v2\/posts"}],"about":[{"href":"https:\/\/www.24baires.com\/index.php?rest_route=\/wp\/v2\/types\/post"}],"author":[{"embeddable":true,"href":"https:\/\/www.24baires.com\/index.php?rest_route=\/wp\/v2\/users\/4"}],"replies":[{"embeddable":true,"href":"https:\/\/www.24baires.com\/index.php?rest_route=%2Fwp%2Fv2%2Fcomments&post=120855"}],"version-history":[{"count":1,"href":"https:\/\/www.24baires.com\/index.php?rest_route=\/wp\/v2\/posts\/120855\/revisions"}],"predecessor-version":[{"id":120857,"href":"https:\/\/www.24baires.com\/index.php?rest_route=\/wp\/v2\/posts\/120855\/revisions\/120857"}],"wp:attachment":[{"href":"https:\/\/www.24baires.com\/index.php?rest_route=%2Fwp%2Fv2%2Fmedia&parent=120855"}],"wp:term":[{"taxonomy":"category","embeddable":true,"href":"https:\/\/www.24baires.com\/index.php?rest_route=%2Fwp%2Fv2%2Fcategories&post=120855"},{"taxonomy":"post_tag","embeddable":true,"href":"https:\/\/www.24baires.com\/index.php?rest_route=%2Fwp%2Fv2%2Ftags&post=120855"}],"curies":[{"name":"wp","href":"https:\/\/api.w.org\/{rel}","templated":true}]}}