{"id":120853,"date":"2024-01-11T10:30:06","date_gmt":"2024-01-11T13:30:06","guid":{"rendered":"http:\/\/www.24baires.com\/?p=120853"},"modified":"2024-01-11T10:30:06","modified_gmt":"2024-01-11T13:30:06","slug":"milei-decidio-no-repartir-a-comedores-miles-de-cajas-navidenas-compradas-en-la-gestion-anterior","status":"publish","type":"post","link":"https:\/\/www.24baires.com\/?p=120853","title":{"rendered":"Milei decidi\u00f3 no repartir a comedores miles de cajas navide\u00f1as compradas en la gesti\u00f3n anterior"},"content":{"rendered":"<p><img data-recalc-dims=\"1\" loading=\"lazy\" decoding=\"async\" class=\"aligncenter wp-image-111779\" src=\"https:\/\/i0.wp.com\/www.24baires.com\/wp-content\/uploads\/2019\/08\/comedor.jpg?resize=720%2C486\" alt=\"\" width=\"720\" height=\"486\" srcset=\"https:\/\/i0.wp.com\/www.24baires.com\/wp-content\/uploads\/2019\/08\/comedor.jpg?w=560&amp;ssl=1 560w, https:\/\/i0.wp.com\/www.24baires.com\/wp-content\/uploads\/2019\/08\/comedor.jpg?resize=300%2C203&amp;ssl=1 300w\" sizes=\"auto, (max-width: 720px) 100vw, 720px\" \/>La ministra de Seguridad, Patricia Bullrich, ratific\u00f3 que la administraci\u00f3n de Javier Milei archiv\u00f3 en un dep\u00f3sito miles de canastas navide\u00f1as adquiridas en la gesti\u00f3n de Alberto Fern\u00e1ndez que ten\u00edan como destino a familias vulnerables.<!--more--><\/p>\n<p>A minutos de finalizar su exposici\u00f3n en el plenario de comisiones de la C\u00e1mara de Diputados que trata la Ley \u00f3mnibus, la ministra de Seguridad, Patricia Bullrich, intent\u00f3 explicar porque el gobierno de Javier Milei no reparti\u00f3 a comedores populares 500 mil canastas navide\u00f1as que la administraci\u00f3n del Alberto Fern\u00e1ndez hab\u00eda adquirido.<\/p>\n<p>Consultada por uno de los diputados presentes, la funcionaria asever\u00f3 que la decisi\u00f3n que dej\u00f3 sin productos para pasar las fiestas a miles de argentinos se debi\u00f3 a que \u201cdaba verg\u00fcenza\u201d y agreg\u00f3 que como \u201cno hab\u00eda plata para reponerlas\u201d, la ministra de Capital Humano, Sandra Pettovello resolvi\u00f3 retenerlas.<\/p>\n<p>\u00abLa canasta navide\u00f1a, sabe por qu\u00e9 no se reparti\u00f3 diputado, porque daba verg\u00fcenza. Le voy a decir a la ministra Sandra Pettovello que lo lleve a verla. Dio verg\u00fcenza repartila y no hab\u00eda plata para comprar nuevas, ni tiempo. As\u00ed que no se reparti\u00f3 porque era una verdadera afrenta a las personas que las iban a recibir\u00bb, dijo la Ministra.<\/p>\n<p>Cabe destacar que, este mi\u00e9rcoles, el periodista Pablo Duggan afirm\u00f3 por Radio 10 que el gobierno de Milei descart\u00f3 en una dep\u00f3sito ubicado en la calle Salguero de Ciudad Aut\u00f3noma de Buenos Aires, productos de unas 500 mil de cajas navide\u00f1as que inclu\u00edan turrones, budines y pan dulce.<\/p>\n<p>Las cajas hab\u00edan sido adquiridas (y pagadas) por el Ministerio de Desarrollo Social durante la gesti\u00f3n de Victoria Tolosa Paz; ahora absorbido por la cartera que conduce la periodista y reikista, Pettovello. El distino de las mismas eran organizaciones sociales, iglesias y otras instituciones que trabajan con comedores populares.<\/p>\n","protected":false},"excerpt":{"rendered":"<p>La ministra de Seguridad, Patricia Bullrich, ratific\u00f3 que la administraci\u00f3n de Javier Milei archiv\u00f3 en un dep\u00f3sito miles de canastas navide\u00f1as adquiridas en la gesti\u00f3n de Alberto Fern\u00e1ndez que ten\u00edan como destino a familias vulnerables.<\/p>\n","protected":false},"author":8,"featured_media":0,"comment_status":"closed","ping_status":"closed","sticky":false,"template":"","format":"standard","meta":{"_jetpack_newsletter_access":"","_jetpack_dont_email_post_to_subs":false,"_jetpack_newsletter_tier_id":0,"_jetpack_memberships_contains_paywalled_content":false,"_jetpack_memberships_contains_paid_content":false,"footnotes":""},"categories":[1],"tags":[],"class_list":["post-120853","post","type-post","status-publish","format-standard","hentry","category-sociedad"],"jetpack_featured_media_url":"","jetpack_shortlink":"https:\/\/wp.me\/p2JWE0-vrf","jetpack-related-posts":[{"id":120690,"url":"https:\/\/www.24baires.com\/?p=120690","url_meta":{"origin":120853,"position":0},"title":"Bullrich vuelve a Seguridad y crece la influencia de Macri","author":"AF","date":"24\/11\/2023","format":false,"excerpt":"La excandidata a presidente de Juntos por el Cambio volver\u00e1 a estar al frente de la cartera que ejerci\u00f3 entre 2015 y 2019. Tambi\u00e9n, este jueves se inform\u00f3 que Carolina P\u00edparo no estar\u00e1 al frente de la ANSES, tal como se hab\u00eda anunciado. El presidente electo Javier Milei continu\u00f3 en\u2026","rel":"","context":"En \u00abPol\u00edtica\u00bb","block_context":{"text":"Pol\u00edtica","link":"https:\/\/www.24baires.com\/?cat=51"},"img":{"alt_text":"","src":"https:\/\/i0.wp.com\/www.24baires.com\/wp-content\/uploads\/2023\/11\/bullrich.jpg?resize=350%2C200","width":350,"height":200,"srcset":"https:\/\/i0.wp.com\/www.24baires.com\/wp-content\/uploads\/2023\/11\/bullrich.jpg?resize=350%2C200 1x, https:\/\/i0.wp.com\/www.24baires.com\/wp-content\/uploads\/2023\/11\/bullrich.jpg?resize=525%2C300 1.5x, https:\/\/i0.wp.com\/www.24baires.com\/wp-content\/uploads\/2023\/11\/bullrich.jpg?resize=700%2C400 2x"},"classes":[]},{"id":120723,"url":"https:\/\/www.24baires.com\/?p=120723","url_meta":{"origin":120853,"position":1},"title":"A d\u00edas de asumir, Milei a\u00fan no logra completar su gabinete","author":"AF","date":"05\/12\/2023","format":false,"excerpt":"Desde la AFI a Salud, varias de las \u00e1reas de gesti\u00f3n contin\u00faan vacantes. Apurado por la cercan\u00eda del 10 de diciembre, Milei atiende posibles candidatos en un hotel de Retiro y apura definiciones. Reuniones, una tras otra. Tel\u00e9fonos sonando a toda hora y definiciones a contrarreloj. As\u00ed fue la jornada\u2026","rel":"","context":"En \u00abPol\u00edtica\u00bb","block_context":{"text":"Pol\u00edtica","link":"https:\/\/www.24baires.com\/?cat=51"},"img":{"alt_text":"","src":"https:\/\/i0.wp.com\/www.24baires.com\/wp-content\/uploads\/2023\/12\/milei.jpg?resize=350%2C200","width":350,"height":200,"srcset":"https:\/\/i0.wp.com\/www.24baires.com\/wp-content\/uploads\/2023\/12\/milei.jpg?resize=350%2C200 1x, https:\/\/i0.wp.com\/www.24baires.com\/wp-content\/uploads\/2023\/12\/milei.jpg?resize=525%2C300 1.5x, https:\/\/i0.wp.com\/www.24baires.com\/wp-content\/uploads\/2023\/12\/milei.jpg?resize=700%2C400 2x"},"classes":[]},{"id":120416,"url":"https:\/\/www.24baires.com\/?p=120416","url_meta":{"origin":120853,"position":2},"title":"Multar\u00e1n a empresas que no paguen el bono anunciado por Massa","author":"AF","date":"29\/08\/2023","format":false,"excerpt":"La ministra de Trabajo convoc\u00f3 a los gremios a \"acompa\u00f1ar\" e \"identificar a las empresas\" que no cumplan con las medidas anunciadas por el ministro de Econom\u00eda. Su par de Desarrollo Social, as\u00ed como la titular de la ANSES y de la AFIP, ampliaron el detalle de las medidas dadas\u2026","rel":"","context":"En \u00abSociedad\u00bb","block_context":{"text":"Sociedad","link":"https:\/\/www.24baires.com\/?cat=1"},"img":{"alt_text":"","src":"https:\/\/i0.wp.com\/www.24baires.com\/wp-content\/uploads\/2023\/08\/WhatsApp-Image-2023-08-29-at-21.38.07.jpeg?resize=350%2C200","width":350,"height":200,"srcset":"https:\/\/i0.wp.com\/www.24baires.com\/wp-content\/uploads\/2023\/08\/WhatsApp-Image-2023-08-29-at-21.38.07.jpeg?resize=350%2C200 1x, https:\/\/i0.wp.com\/www.24baires.com\/wp-content\/uploads\/2023\/08\/WhatsApp-Image-2023-08-29-at-21.38.07.jpeg?resize=525%2C300 1.5x, https:\/\/i0.wp.com\/www.24baires.com\/wp-content\/uploads\/2023\/08\/WhatsApp-Image-2023-08-29-at-21.38.07.jpeg?resize=700%2C400 2x"},"classes":[]},{"id":120080,"url":"https:\/\/www.24baires.com\/?p=120080","url_meta":{"origin":120853,"position":3},"title":"Alberto Fern\u00e1ndez: \u00abBullrich y Milman tienen que dar explicaciones\u00bb","author":"AF","date":"08\/05\/2023","format":false,"excerpt":"En su visita a La Rioja, el presidente hizo menci\u00f3n a la declaraci\u00f3n de una exasesora del diputado Gerardo Milman (PRO), a quien le ordenaron borrar contenido de su celular, d\u00edas despu\u00e9s del atentado contra CFK, en la oficina de Patricia Bullrich. El presidente Alberto Fern\u00e1ndez calific\u00f3 de \"vergonzosa\" la\u2026","rel":"","context":"En \u00abPol\u00edtica\u00bb","block_context":{"text":"Pol\u00edtica","link":"https:\/\/www.24baires.com\/?cat=51"},"img":{"alt_text":"","src":"https:\/\/i0.wp.com\/www.24baires.com\/wp-content\/uploads\/2023\/05\/af.jpeg?resize=350%2C200","width":350,"height":200,"srcset":"https:\/\/i0.wp.com\/www.24baires.com\/wp-content\/uploads\/2023\/05\/af.jpeg?resize=350%2C200 1x, https:\/\/i0.wp.com\/www.24baires.com\/wp-content\/uploads\/2023\/05\/af.jpeg?resize=525%2C300 1.5x, https:\/\/i0.wp.com\/www.24baires.com\/wp-content\/uploads\/2023\/05\/af.jpeg?resize=700%2C400 2x"},"classes":[]},{"id":121581,"url":"https:\/\/www.24baires.com\/?p=121581","url_meta":{"origin":120853,"position":4},"title":"Jubilados marchar\u00e1n contra el veto de Milei a la reforma previsional","author":"GB","date":"28\/08\/2024","format":false,"excerpt":"Decenas de organizaciones de trabajadores jubilados resolvieron movilizarse ma\u00f1ana hacia la Plaza de Mayo para repudiar la posible derogaci\u00f3n del Presidente al proyecto que actualiza los haberes jubilatorios al \u00edndice mensual de inflaci\u00f3n. Frente a la respuesta del presidente Javier Milei al resultado positivo del Senado a la reforma jubilatoria,\u2026","rel":"","context":"En \u00abSociedad\u00bb","block_context":{"text":"Sociedad","link":"https:\/\/www.24baires.com\/?cat=1"},"img":{"alt_text":"","src":"https:\/\/i0.wp.com\/www.24baires.com\/wp-content\/uploads\/2024\/08\/jubilados-milei.webp?resize=350%2C200","width":350,"height":200,"srcset":"https:\/\/i0.wp.com\/www.24baires.com\/wp-content\/uploads\/2024\/08\/jubilados-milei.webp?resize=350%2C200 1x, https:\/\/i0.wp.com\/www.24baires.com\/wp-content\/uploads\/2024\/08\/jubilados-milei.webp?resize=525%2C300 1.5x, https:\/\/i0.wp.com\/www.24baires.com\/wp-content\/uploads\/2024\/08\/jubilados-milei.webp?resize=700%2C400 2x"},"classes":[]},{"id":120885,"url":"https:\/\/www.24baires.com\/?p=120885","url_meta":{"origin":120853,"position":5},"title":"Bullrich, pol\u00e9mica, contra la CGT: \u00abHay que dar una pelea de vida o muerte\u00bb","author":"GB","date":"19\/01\/2024","format":false,"excerpt":"De cara al paro general convocado por la CGT, la ministra de Seguridad asegur\u00f3 que el Gobierno volver\u00e1 a implementar el inconstitucional protocolo anti piquetes. La ministra de Seguridad, Patricia Bullrich, comunic\u00f3 este jueves que el Gobierno implementar\u00e1 el protocolo destinado a prevenir cortes de calles y rutas en manifestaciones,\u2026","rel":"","context":"En \u00abPol\u00edtica\u00bb","block_context":{"text":"Pol\u00edtica","link":"https:\/\/www.24baires.com\/?cat=51"},"img":{"alt_text":"","src":"https:\/\/i0.wp.com\/www.24baires.com\/wp-content\/uploads\/2024\/01\/represion.jpg?resize=350%2C200","width":350,"height":200,"srcset":"https:\/\/i0.wp.com\/www.24baires.com\/wp-content\/uploads\/2024\/01\/represion.jpg?resize=350%2C200 1x, https:\/\/i0.wp.com\/www.24baires.com\/wp-content\/uploads\/2024\/01\/represion.jpg?resize=525%2C300 1.5x, https:\/\/i0.wp.com\/www.24baires.com\/wp-content\/uploads\/2024\/01\/represion.jpg?resize=700%2C400 2x"},"classes":[]}],"jetpack_sharing_enabled":true,"jetpack_likes_enabled":true,"_links":{"self":[{"href":"https:\/\/www.24baires.com\/index.php?rest_route=\/wp\/v2\/posts\/120853","targetHints":{"allow":["GET"]}}],"collection":[{"href":"https:\/\/www.24baires.com\/index.php?rest_route=\/wp\/v2\/posts"}],"about":[{"href":"https:\/\/www.24baires.com\/index.php?rest_route=\/wp\/v2\/types\/post"}],"author":[{"embeddable":true,"href":"https:\/\/www.24baires.com\/index.php?rest_route=\/wp\/v2\/users\/8"}],"replies":[{"embeddable":true,"href":"https:\/\/www.24baires.com\/index.php?rest_route=%2Fwp%2Fv2%2Fcomments&post=120853"}],"version-history":[{"count":1,"href":"https:\/\/www.24baires.com\/index.php?rest_route=\/wp\/v2\/posts\/120853\/revisions"}],"predecessor-version":[{"id":120854,"href":"https:\/\/www.24baires.com\/index.php?rest_route=\/wp\/v2\/posts\/120853\/revisions\/120854"}],"wp:attachment":[{"href":"https:\/\/www.24baires.com\/index.php?rest_route=%2Fwp%2Fv2%2Fmedia&parent=120853"}],"wp:term":[{"taxonomy":"category","embeddable":true,"href":"https:\/\/www.24baires.com\/index.php?rest_route=%2Fwp%2Fv2%2Fcategories&post=120853"},{"taxonomy":"post_tag","embeddable":true,"href":"https:\/\/www.24baires.com\/index.php?rest_route=%2Fwp%2Fv2%2Ftags&post=120853"}],"curies":[{"name":"wp","href":"https:\/\/api.w.org\/{rel}","templated":true}]}}