{"id":120845,"date":"2024-01-09T21:39:53","date_gmt":"2024-01-10T00:39:53","guid":{"rendered":"http:\/\/www.24baires.com\/?p=120845"},"modified":"2024-01-09T21:39:53","modified_gmt":"2024-01-10T00:39:53","slug":"si-hay-crisis-economica-no-va-a-haber-constitucion-vigente","status":"publish","type":"post","link":"https:\/\/www.24baires.com\/?p=120845","title":{"rendered":"\u00abSi hay crisis econ\u00f3mica, no va a haber Constituci\u00f3n vigente\u00bb"},"content":{"rendered":"<p><img data-recalc-dims=\"1\" loading=\"lazy\" decoding=\"async\" class=\"aligncenter wp-image-120846\" src=\"https:\/\/i0.wp.com\/www.24baires.com\/wp-content\/uploads\/2024\/01\/WhatsApp-Image-2024-01-09-at-21.38.40.jpeg?resize=720%2C480\" alt=\"\" width=\"720\" height=\"480\" srcset=\"https:\/\/i0.wp.com\/www.24baires.com\/wp-content\/uploads\/2024\/01\/WhatsApp-Image-2024-01-09-at-21.38.40.jpeg?w=960&amp;ssl=1 960w, https:\/\/i0.wp.com\/www.24baires.com\/wp-content\/uploads\/2024\/01\/WhatsApp-Image-2024-01-09-at-21.38.40.jpeg?resize=300%2C200&amp;ssl=1 300w, https:\/\/i0.wp.com\/www.24baires.com\/wp-content\/uploads\/2024\/01\/WhatsApp-Image-2024-01-09-at-21.38.40.jpeg?resize=768%2C512&amp;ssl=1 768w\" sizes=\"auto, (max-width: 720px) 100vw, 720px\" \/>En sinton\u00eda con lo escrito en el Decreto de Necesidad y Urgencia y tambi\u00e9n en la Ley \u00d3mnibus, Rodolfo Barra justific\u00f3 una posible eliminaci\u00f3n de los tres poderes del Estado en caso de \u00abcrisis econ\u00f3mica\u00bb. El repudio de los legisladores presentes en la comisi\u00f3n.<!--more--><\/p>\n<p>El procurador del Tesoro, Rodolfo Barra, se present\u00f3 en la tarde del martes en la apertura del debate en comisiones de la \u00abLey \u00d3mnibus\u00bb en la C\u00e1mara de Diputados y dej\u00f3 una advertencia alarmante respecto del tratamiento de la normativa y el futuro del gobierno de Javier Milei: \u00abSi hay crisis econ\u00f3mica, no va a haber Constituci\u00f3n vigente\u00bb. La amenaza de Barra surgi\u00f3 frente a las cr\u00edticas casi un\u00e1nimes de los legisladores respecto de la pretensi\u00f3n del proyecto de ley de otorgarle facultades al Poder Ejecutivo para saltar el Congreso.<\/p>\n<p>Barra, en l\u00ednea con los argumentos del presidente Javier Milei, utiliz\u00f3 la figura de Juan Bautista Alberdi, para justificar el mega proyecto de m\u00e1s de 600 art\u00edculos con el que el gobierno de ultraderecha busca avanzar en la desregulaci\u00f3n econ\u00f3mica -que empez\u00f3 a imponer v\u00eda DNU-, educativa, cultural e incluso una grave limitaci\u00f3n al derecho de reuni\u00f3n y protesta. \u00abLas situaciones de crisis exigen decisiones de crisis y actuaciones de crisis. Esto ya lo vio Alberdi, no es un invento. Lo desarroll\u00f3, pens\u00f3 y expres\u00f3 en la propia Constituci\u00f3n\u00bb, justific\u00f3 Barra.<\/p>\n<p>Milei utiliza la figura de Alberdi y parafrase\u00f3 su obra \u00abBases y Puntos de Partida para la organizaci\u00f3n pol\u00edtica de la Rep\u00fablica Argentina\u00bb, para nombrar el proyecto de ley de m\u00e1s de 300 p\u00e1ginas enviada al Congreso para tratar en sesiones extraordinarias. Barra &#8211;exministro de Justicia de Carlos Menem &#8212; dio un paso m\u00e1s al defender la iniciativa de delegaci\u00f3n de facultades al Poder Ejecutivo, que el proyecto de ley contempla en uno de sus primeros art\u00edculos.<\/p>\n<p>Tambi\u00e9n exjuez de la Corte autom\u00e1tica de los a\u00f1os noventa, Barra mencion\u00f3 el fllo fallo Peralta, de 1990 y firmado por la m\u00e1ximo tribunal que \u00e9l integraba, para sostener que \u00abpara defender los derechos constitucionales hab\u00eda que permitir que la Constituci\u00f3n estuviera vigente\u00bb y concluy\u00f3: \u00abSi hay crisis econ\u00f3mica, no va a haber Constituci\u00f3n vigente\u00bb.<\/p>\n<p>\u00abNo veo por qu\u00e9 en ciertos casos no pueden darse facultades especiales para vencer el atraso y la pobreza cuando se lo dan para vencer el desorden que no es m\u00e1s que el hijo de aquellos\u00bb, parafrase\u00f3 a Alberdi para continuar validando los art\u00edculos que pretenden darle a Milei facultades extraordinarias. Y remat\u00f3: \u00abEn muchos puntos las facultades especiales dadas al Poder Ejecutivo pueden ser el \u00fanico medio para llevar a cabo ciertas reformas de larga, dif\u00edcil e insegura ejecuci\u00f3n\u00bb.<\/p>\n<p>Barra, quien estuvo acompa\u00f1ado por otro ex funcionario menemista (el secretario de Energ\u00eda Eduardo Rodr\u00edguez Chirillo) recibi\u00f3 las cr\u00edticas de los diputados respecto del articulado inicial del proyecto el que se indica: \u00abDel\u00e9gase en el Poder Ejecutivo nacional las facultades comprendidas en la presente ley y en los t\u00e9rminos del art\u00edculo 76 de la Constituci\u00f3n Nacional, con arreglo a las bases de delegaci\u00f3n aqu\u00ed establecidas y por el plazo arriba dispuesto\u00bb.<\/p>\n<p>En ese marco, el Gobierno pretende tener esas facultades con la declaraci\u00f3n de las emergencias econ\u00f3mica, financiera, fiscal, previsional, de seguridad, defensa, tarifaria, energ\u00e9tica, sanitaria, administrativa y social hasta el 31 de diciembre de 2025, con posibilidad de pr\u00f3rroga por dos a\u00f1os m\u00e1s.<\/p>\n<p>\u00abLa emergencia tiene un plazo determinado y nos est\u00e1n sugiriendo que se acorte, algo que podr\u00edamos aceptar\u00bb, admiti\u00f3 Chirillo; mientras que los Diputados exigieron que se ponga una cl\u00e1usula para que sea el Congreso el que autorice si hay pr\u00f3rroga o no. \u00abNo pretende que se cierre el Congreso\u00bb, tuvo que aclarar Chirillo, para matizar las palabras de Barra.<\/p>\n<p>Las derivas golpistas de Barra tambi\u00e9n fueron se\u00f1aladas el diputado y presidente de la Coalici\u00f3n C\u00edvica Maximiliano Ferraro (Hacemos Coalici\u00f3n Federal), quien le pidi\u00f3 al Procurador del Tesoro que de mayores precisiones sobre la \u00abteor\u00eda de la no celeridad de los parlamentos a la hora de tomar decisiones\u00bb y sobre sus dichos en una reciente entrevista al diario Clar\u00edn, donde habl\u00f3 del concepto de \u00aburgencia pol\u00edtica\u00bb.<\/p>\n<p>\u00abLa urgencia puede ir por distintos caminos, hasta puede haber una urgencia pol\u00edtica: un presidente con minor\u00edas en el Congreso no puede presentar leyes o si tiene mayor\u00eda y le rechazan los proyectos desde sus propios bloques \u00bfqu\u00e9 hace, no gobierna?\u00bb, cit\u00f3 Ferraro las palabras de Barra en la entrevista a Clar\u00edn y la advirti\u00f3: \u00abEstas declaraciones me preocupan\u00bb.<\/p>\n<p>&nbsp;<\/p>\n<p>&nbsp;<\/p>\n<p>FUENTE: P\u00e1gina 12 \/ FOTO: Leandro Teysseire<\/p>\n","protected":false},"excerpt":{"rendered":"<p>En sinton\u00eda con lo escrito en el Decreto de Necesidad y Urgencia y tambi\u00e9n en la Ley \u00d3mnibus, Rodolfo Barra justific\u00f3 una posible eliminaci\u00f3n de los tres poderes del Estado en caso de \u00abcrisis econ\u00f3mica\u00bb. El repudio de los legisladores presentes en la comisi\u00f3n.<\/p>\n","protected":false},"author":4,"featured_media":0,"comment_status":"closed","ping_status":"closed","sticky":false,"template":"","format":"standard","meta":{"_jetpack_newsletter_access":"","_jetpack_dont_email_post_to_subs":false,"_jetpack_newsletter_tier_id":0,"_jetpack_memberships_contains_paywalled_content":false,"_jetpack_memberships_contains_paid_content":false,"footnotes":""},"categories":[1],"tags":[],"class_list":["post-120845","post","type-post","status-publish","format-standard","hentry","category-sociedad"],"jetpack_featured_media_url":"","jetpack_shortlink":"https:\/\/wp.me\/p2JWE0-vr7","jetpack-related-posts":[{"id":120909,"url":"https:\/\/www.24baires.com\/?p=120909","url_meta":{"origin":120845,"position":0},"title":"La Provincia sali\u00f3 a defender el aborto legal","author":"GB","date":"26\/01\/2024","format":false,"excerpt":"Tanto el ministro de Salud bonaerense, Nicolas Kreplak, como su par de Mujeres defendieron la ley de aborto legal. La escena pol\u00edtica nacional est\u00e1 convulsionada por los debates de la ley \u00f3mnibus y el mega DNU, la administraci\u00f3n libertaria tir\u00f3 otra bomba. A trav\u00e9s del procurador del Tesoro de la\u2026","rel":"","context":"En \u00abProvincia\u00bb","block_context":{"text":"Provincia","link":"https:\/\/www.24baires.com\/?cat=40"},"img":{"alt_text":"","src":"https:\/\/i0.wp.com\/www.24baires.com\/wp-content\/uploads\/2024\/01\/salud-provincia.webp?resize=350%2C200","width":350,"height":200,"srcset":"https:\/\/i0.wp.com\/www.24baires.com\/wp-content\/uploads\/2024\/01\/salud-provincia.webp?resize=350%2C200 1x, https:\/\/i0.wp.com\/www.24baires.com\/wp-content\/uploads\/2024\/01\/salud-provincia.webp?resize=525%2C300 1.5x, https:\/\/i0.wp.com\/www.24baires.com\/wp-content\/uploads\/2024\/01\/salud-provincia.webp?resize=700%2C400 2x"},"classes":[]},{"id":120949,"url":"https:\/\/www.24baires.com\/?p=120949","url_meta":{"origin":120845,"position":1},"title":"La Ley \u00d3mnibus no volver\u00e1 a tratarse","author":"AF","date":"07\/02\/2024","format":false,"excerpt":"Seg\u00fan el jefe de la bancada oficialista en la c\u00e1mara baja, esa fue la orden de Milei. El proyecto hab\u00eda vuelto a comisi\u00f3n tras interrumpirse la votaci\u00f3n en particular. El oficialismo de la C\u00e1mara de Diputados inform\u00f3 que no volver\u00e1 a tratarse la ley \"Bases\" por indicaci\u00f3n del presidente Javier\u2026","rel":"","context":"En \u00abPol\u00edtica\u00bb","block_context":{"text":"Pol\u00edtica","link":"https:\/\/www.24baires.com\/?cat=51"},"img":{"alt_text":"","src":"https:\/\/i0.wp.com\/www.24baires.com\/wp-content\/uploads\/2024\/02\/zago.jpg?resize=350%2C200","width":350,"height":200,"srcset":"https:\/\/i0.wp.com\/www.24baires.com\/wp-content\/uploads\/2024\/02\/zago.jpg?resize=350%2C200 1x, https:\/\/i0.wp.com\/www.24baires.com\/wp-content\/uploads\/2024\/02\/zago.jpg?resize=525%2C300 1.5x, https:\/\/i0.wp.com\/www.24baires.com\/wp-content\/uploads\/2024\/02\/zago.jpg?resize=700%2C400 2x"},"classes":[]},{"id":120943,"url":"https:\/\/www.24baires.com\/?p=120943","url_meta":{"origin":120845,"position":2},"title":"Se levant\u00f3 la sesi\u00f3n y la Ley \u00d3mnibus vuelve a Comisi\u00f3n","author":"AF","date":"06\/02\/2024","format":false,"excerpt":"Tras perder varias votaciones en particular, el oficialismo decidi\u00f3 dar marcha atr\u00e1s. As\u00ed el proyecto deber\u00e1 volver a debatirse. Tras retomar este martes la sesi\u00f3n especial para el tratamiento en particular de la Ley \u00d3mnibus, y con varias derrotas del gobierno nacional en las votaciones de diversos art\u00edculos, el oficialismo\u2026","rel":"","context":"En \u00abPol\u00edtica\u00bb","block_context":{"text":"Pol\u00edtica","link":"https:\/\/www.24baires.com\/?cat=51"},"img":{"alt_text":"","src":"https:\/\/i0.wp.com\/www.24baires.com\/wp-content\/uploads\/2024\/02\/WhatsApp-Image-2024-02-06-at-22.13.09.jpeg?resize=350%2C200","width":350,"height":200,"srcset":"https:\/\/i0.wp.com\/www.24baires.com\/wp-content\/uploads\/2024\/02\/WhatsApp-Image-2024-02-06-at-22.13.09.jpeg?resize=350%2C200 1x, https:\/\/i0.wp.com\/www.24baires.com\/wp-content\/uploads\/2024\/02\/WhatsApp-Image-2024-02-06-at-22.13.09.jpeg?resize=525%2C300 1.5x, https:\/\/i0.wp.com\/www.24baires.com\/wp-content\/uploads\/2024\/02\/WhatsApp-Image-2024-02-06-at-22.13.09.jpeg?resize=700%2C400 2x"},"classes":[]},{"id":120897,"url":"https:\/\/www.24baires.com\/?p=120897","url_meta":{"origin":120845,"position":3},"title":"El gobierno logr\u00f3 dictamen de Mayor\u00eda y la Ley Omnibus llegar\u00e1 al recinto","author":"GB","date":"24\/01\/2024","format":false,"excerpt":"El oficialismo tuvo el apoyo del PRO, la UCR y Hacemos Coalici\u00f3n Federal, que de todas maneras manifestaron algunas disidencias \"parciales\" al proyecto. Esta madrugada, el oficialismo de la C\u00e1mara de Diputados logr\u00f3 un dictamen de mayor\u00eda respaldado por bloques opositores dialoguistas para la Ley \u00d3mnibus. La iniciativa, que aborda\u2026","rel":"","context":"En \u00abPol\u00edtica\u00bb","block_context":{"text":"Pol\u00edtica","link":"https:\/\/www.24baires.com\/?cat=51"},"img":{"alt_text":"","src":"https:\/\/i0.wp.com\/www.24baires.com\/wp-content\/uploads\/2024\/01\/menem-recinto.jpeg?resize=350%2C200","width":350,"height":200,"srcset":"https:\/\/i0.wp.com\/www.24baires.com\/wp-content\/uploads\/2024\/01\/menem-recinto.jpeg?resize=350%2C200 1x, https:\/\/i0.wp.com\/www.24baires.com\/wp-content\/uploads\/2024\/01\/menem-recinto.jpeg?resize=525%2C300 1.5x, https:\/\/i0.wp.com\/www.24baires.com\/wp-content\/uploads\/2024\/01\/menem-recinto.jpeg?resize=700%2C400 2x"},"classes":[]},{"id":121270,"url":"https:\/\/www.24baires.com\/?p=121270","url_meta":{"origin":120845,"position":4},"title":"Milei consigui\u00f3 dictamen para la reforma fiscal","author":"GB","date":"26\/04\/2024","format":false,"excerpt":"Con el respaldo del PRO y otros bloques minoritarios, el oficialismo consigui\u00f3 27 firmas para el proyecto que se tratar\u00e1 desde el lunes pr\u00f3ximo junto a la Ley \u00d3mnibus. Como se inform\u00f3, el oficialismo logr\u00f3 este jueves emitir dictamen de mayor\u00eda para el proyecto de Ley \u00d3mnibus y la iniciativa\u2026","rel":"","context":"En \u00abPol\u00edtica\u00bb","block_context":{"text":"Pol\u00edtica","link":"https:\/\/www.24baires.com\/?cat=51"},"img":{"alt_text":"","src":"https:\/\/i0.wp.com\/www.24baires.com\/wp-content\/uploads\/2024\/04\/dip.webp?resize=350%2C200","width":350,"height":200,"srcset":"https:\/\/i0.wp.com\/www.24baires.com\/wp-content\/uploads\/2024\/04\/dip.webp?resize=350%2C200 1x, https:\/\/i0.wp.com\/www.24baires.com\/wp-content\/uploads\/2024\/04\/dip.webp?resize=525%2C300 1.5x, https:\/\/i0.wp.com\/www.24baires.com\/wp-content\/uploads\/2024\/04\/dip.webp?resize=700%2C400 2x"},"classes":[]},{"id":106803,"url":"https:\/\/www.24baires.com\/?p=106803","url_meta":{"origin":120845,"position":5},"title":"Hasta marzo no habr\u00e1 sesiones en el Congreso Nacional","author":"AF","date":"12\/02\/2019","format":false,"excerpt":"El Gobierno, finalmente, no convocar\u00e1 a sesiones extraordinarias. En un encuentro entre el ministro de Interior, Rogelio Frigerio, y el senador peronista Miguel Angel Pichetto terminaron de sepultarse las ilusiones del oficialismo de adelantar la discusi\u00f3n de las leyes que busca aprobar. No obstante, en ese mismo encuentro hubo un\u2026","rel":"","context":"En \u00abPol\u00edtica\u00bb","block_context":{"text":"Pol\u00edtica","link":"https:\/\/www.24baires.com\/?cat=51"},"img":{"alt_text":"","src":"https:\/\/i0.wp.com\/www.24baires.com\/wp-content\/uploads\/2019\/02\/congreso.jpg?resize=350%2C200","width":350,"height":200,"srcset":"https:\/\/i0.wp.com\/www.24baires.com\/wp-content\/uploads\/2019\/02\/congreso.jpg?resize=350%2C200 1x, https:\/\/i0.wp.com\/www.24baires.com\/wp-content\/uploads\/2019\/02\/congreso.jpg?resize=525%2C300 1.5x"},"classes":[]}],"jetpack_sharing_enabled":true,"jetpack_likes_enabled":true,"_links":{"self":[{"href":"https:\/\/www.24baires.com\/index.php?rest_route=\/wp\/v2\/posts\/120845","targetHints":{"allow":["GET"]}}],"collection":[{"href":"https:\/\/www.24baires.com\/index.php?rest_route=\/wp\/v2\/posts"}],"about":[{"href":"https:\/\/www.24baires.com\/index.php?rest_route=\/wp\/v2\/types\/post"}],"author":[{"embeddable":true,"href":"https:\/\/www.24baires.com\/index.php?rest_route=\/wp\/v2\/users\/4"}],"replies":[{"embeddable":true,"href":"https:\/\/www.24baires.com\/index.php?rest_route=%2Fwp%2Fv2%2Fcomments&post=120845"}],"version-history":[{"count":1,"href":"https:\/\/www.24baires.com\/index.php?rest_route=\/wp\/v2\/posts\/120845\/revisions"}],"predecessor-version":[{"id":120847,"href":"https:\/\/www.24baires.com\/index.php?rest_route=\/wp\/v2\/posts\/120845\/revisions\/120847"}],"wp:attachment":[{"href":"https:\/\/www.24baires.com\/index.php?rest_route=%2Fwp%2Fv2%2Fmedia&parent=120845"}],"wp:term":[{"taxonomy":"category","embeddable":true,"href":"https:\/\/www.24baires.com\/index.php?rest_route=%2Fwp%2Fv2%2Fcategories&post=120845"},{"taxonomy":"post_tag","embeddable":true,"href":"https:\/\/www.24baires.com\/index.php?rest_route=%2Fwp%2Fv2%2Ftags&post=120845"}],"curies":[{"name":"wp","href":"https:\/\/api.w.org\/{rel}","templated":true}]}}