{"id":120815,"date":"2023-12-30T11:47:29","date_gmt":"2023-12-30T14:47:29","guid":{"rendered":"http:\/\/www.24baires.com\/?p=120815"},"modified":"2023-12-30T11:47:29","modified_gmt":"2023-12-30T14:47:29","slug":"milei-fue-a-ver-a-fatima-florez-al-teatro-y-lo-recibieron-con-abucheos","status":"publish","type":"post","link":"https:\/\/www.24baires.com\/?p=120815","title":{"rendered":"Milei fue a ver a F\u00e1tima Fl\u00f3rez al teatro y lo recibieron con abucheos"},"content":{"rendered":"<p><img data-recalc-dims=\"1\" loading=\"lazy\" decoding=\"async\" class=\"aligncenter wp-image-120816\" src=\"https:\/\/i0.wp.com\/www.24baires.com\/wp-content\/uploads\/2023\/12\/WhatsApp-Image-2023-12-30-at-11.45.33.jpeg?resize=720%2C480\" alt=\"\" width=\"720\" height=\"480\" srcset=\"https:\/\/i0.wp.com\/www.24baires.com\/wp-content\/uploads\/2023\/12\/WhatsApp-Image-2023-12-30-at-11.45.33.jpeg?w=960&amp;ssl=1 960w, https:\/\/i0.wp.com\/www.24baires.com\/wp-content\/uploads\/2023\/12\/WhatsApp-Image-2023-12-30-at-11.45.33.jpeg?resize=300%2C200&amp;ssl=1 300w, https:\/\/i0.wp.com\/www.24baires.com\/wp-content\/uploads\/2023\/12\/WhatsApp-Image-2023-12-30-at-11.45.33.jpeg?resize=768%2C512&amp;ssl=1 768w\" sizes=\"auto, (max-width: 720px) 100vw, 720px\" \/>Un importante operativo de seguridad no logr\u00f3 impedir que un nutrido grupo de personas se acercara a las inmediaciones de la sala para repudiar la presencia del Presidente. \u00abMilei, basura, vos sos la dictadura\u00bb, gritaban. Al finalizar el espect\u00e1culo el mandatario subi\u00f3 al escenario e hizo declaraciones.<!--more--><\/p>\n<p>El presidente Javier Milei asisti\u00f3 anoche al espect\u00e1culo que su pareja, F\u00e1tima Fl\u00f3rez, protagoniza en el Radio City de Mar del Plata, y al finalizar la obra subi\u00f3 al escenario, en medio de un operativo de seguridad que no pudo impedir que un nutrido grupo de personas se acercara a las inmediaciones para repudiar su presencia.<\/p>\n<p>Los manifestantes se congregaron en la intersecci\u00f3n de la peatonal San Mart\u00edn y la calle San Luis y realizaron un cacerolazo para protestar contra el Decreto de Necesidad y Urgencia (DNU) emitido la semana pasada por el Gobierno con el prop\u00f3sito de desregular la econom\u00eda.<\/p>\n<p>Milei y Fl\u00f3rez se abrazaron y el Presidente tom\u00f3 el micr\u00f3fono y al hablar al p\u00fablico que lo aclamaba expres\u00f3 que \u00abvan a venir meses muy duros pero nos vamos a poner de pie\u00bb. El primer mandatario arrib\u00f3 pasadas las 18.38 a Mar del Plata en el vuelo 1600 de Aerol\u00edneas Argentinas (AA) y se dirigi\u00f3 con su comitiva hasta el Gran Hotel Provincial.<\/p>\n<p>El jefe de Estado lleg\u00f3 pasadas las 21.40 al Radio City, ubicado en la calle San Luis al 1700, para presenciar la obra F\u00e1tima 100%, seg\u00fan se inform\u00f3 desde la oficina de prensa de ese complejo teatral. Lo acompa\u00f1aban su hermana y secretaria general de la Presidencia, Karina Milei, y el ministro de Justicia, Mariano C\u00faneo Libarona, quienes tambi\u00e9n presenciaron la funci\u00f3n.<\/p>\n<p>El Presidente y su hermana fueron recibidos en la sala del teatro por el productor art\u00edstico Guillermo Mar\u00edn, y la comitiva que acompa\u00f1\u00f3 al jefe de Estado al espect\u00e1culo se ubic\u00f3 en las dos primeras filas de la sala.<\/p>\n<p>En los alrededores del teatro hubo un gran despliegue de seguridad, con m\u00e1s de 200 efectivos de Casa Militar y de las Fuerzas de Seguridad. Desde las 16, un grupo importante de personas se apost\u00f3 en las inmediaciones del teatro para poder ver la llegada de Milei y su comitiva.<\/p>\n<p>Fuente: P\u00e1gina 12<\/p>\n","protected":false},"excerpt":{"rendered":"<p>Un importante operativo de seguridad no logr\u00f3 impedir que un nutrido grupo de personas se acercara a las inmediaciones de la sala para repudiar la presencia del Presidente. \u00abMilei, basura, vos sos la dictadura\u00bb, gritaban. Al finalizar el espect\u00e1culo el mandatario subi\u00f3 al escenario e hizo declaraciones.<\/p>\n","protected":false},"author":4,"featured_media":0,"comment_status":"closed","ping_status":"closed","sticky":false,"template":"","format":"standard","meta":{"_jetpack_newsletter_access":"","_jetpack_dont_email_post_to_subs":false,"_jetpack_newsletter_tier_id":0,"_jetpack_memberships_contains_paywalled_content":false,"_jetpack_memberships_contains_paid_content":false,"footnotes":""},"categories":[1],"tags":[],"class_list":["post-120815","post","type-post","status-publish","format-standard","hentry","category-sociedad"],"jetpack_featured_media_url":"","jetpack_shortlink":"https:\/\/wp.me\/p2JWE0-vqD","jetpack-related-posts":[{"id":16517,"url":"https:\/\/www.24baires.com\/?p=16517","url_meta":{"origin":120815,"position":0},"title":"F\u00e1tima Florez elegida como nueva Reina de la comunidad gay de Mar del Plata","author":"Grupo Sierra","date":"23\/02\/2013","format":false,"excerpt":"Primero fue Moria Cas\u00e1n, luego Carmen Barbieri, y este verano la elegida fue la actriz y humorista F\u00e1tima Florez,\u00a0\u00a0por una conocida disco de Mar del Plata, como la Reina de la comunidad Gay. \u00a0 La humorista d\u00eda a d\u00eda crece en popularidad y su espect\u00e1culo \"F\u00e1tima Florez es \u00danica.... La\u2026","rel":"","context":"En \u00abSociedad\u00bb","block_context":{"text":"Sociedad","link":"https:\/\/www.24baires.com\/?cat=1"},"img":{"alt_text":"fatima_ya.jpg_1103405957","src":"https:\/\/i0.wp.com\/www.24baires.com\/wp-content\/uploads\/2013\/02\/fatima_ya.jpg_1103405957-300x224.jpg?resize=350%2C200","width":350,"height":200},"classes":[]},{"id":85568,"url":"https:\/\/www.24baires.com\/?p=85568","url_meta":{"origin":120815,"position":1},"title":"F\u00e1tima Florez asegur\u00f3 que nunca recibi\u00f3 \u00abpresiones por hacer de Cristina\u00bb","author":"Grupo Sierra","date":"27\/07\/2016","format":false,"excerpt":"La humorista dio una entrevista en Radio 10 y asegur\u00f3 que no tuvo ning\u00fan problema por haber imitado a la ex presidenta. F\u00e1tima Florez asegur\u00f3 que jam\u00e1s recibi\u00f3 ning\u00fan tipo de presi\u00f3n por haber imitado a la ex presidenta Cristina Fern\u00e1ndez. En di\u00e1logo con Germ\u00e1n Paoloski, en La Tarde por\u2026","rel":"","context":"En \u00abEspectaculos\u00bb","block_context":{"text":"Espectaculos","link":"https:\/\/www.24baires.com\/?cat=41"},"img":{"alt_text":"fatima","src":"https:\/\/i0.wp.com\/www.24baires.com\/wp-content\/uploads\/2016\/07\/fatima.jpg?resize=350%2C200","width":350,"height":200,"srcset":"https:\/\/i0.wp.com\/www.24baires.com\/wp-content\/uploads\/2016\/07\/fatima.jpg?resize=350%2C200 1x, https:\/\/i0.wp.com\/www.24baires.com\/wp-content\/uploads\/2016\/07\/fatima.jpg?resize=525%2C300 1.5x"},"classes":[]},{"id":14209,"url":"https:\/\/www.24baires.com\/?p=14209","url_meta":{"origin":120815,"position":2},"title":"F\u00e1tima Florez quiere capturar al hacker que le rob\u00f3 el video hot","author":"Grupo Sierra","date":"31\/01\/2013","format":false,"excerpt":"La humorista pidi\u00f3 a sus seguidores que no difundan el video donde se la puede ver teniendo sexo con su marido y llam\u00f3 a la polic\u00eda inform\u00e1tica. F\u00e1tima Florez se hizo la promesa de atrapar al responsable de que su video porno casero fuera difundido en la web. La humorista\u2026","rel":"","context":"En \u00abEspectaculos\u00bb","block_context":{"text":"Espectaculos","link":"https:\/\/www.24baires.com\/?cat=41"},"img":{"alt_text":"elvideofatimaflores","src":"https:\/\/i0.wp.com\/www.24baires.com\/wp-content\/uploads\/2013\/01\/elvideofatimaflores.jpg?resize=350%2C200","width":350,"height":200},"classes":[]},{"id":99339,"url":"https:\/\/www.24baires.com\/?p=99339","url_meta":{"origin":120815,"position":3},"title":"\u00abEn este pa\u00eds todo se arregla con una marchita, me tienen podrido con las marchitas\u00bb","author":"GB","date":"12\/12\/2017","format":false,"excerpt":"El intendente de General Pueyrredon habl\u00f3 en los premios Lobo de Mar y expres\u00f3 su rechazo a determinadas manifestaciones. Adem\u00e1s, se\u00f1al\u00f3: \"Nunca cre\u00ed que iba a ganar la intendencia. El destino me jug\u00f3 una pasada\". El intendente de General Pueyrredon, Carlos Fernando Arroyo, tom\u00f3 la palabra en un tramo de\u2026","rel":"","context":"En \u00abPol\u00edtica\u00bb","block_context":{"text":"Pol\u00edtica","link":"https:\/\/www.24baires.com\/?cat=51"},"img":{"alt_text":"","src":"https:\/\/i0.wp.com\/www.24baires.com\/wp-content\/uploads\/2017\/12\/ARROYO-LOBOS-DE-MAR.jpg?resize=350%2C200","width":350,"height":200,"srcset":"https:\/\/i0.wp.com\/www.24baires.com\/wp-content\/uploads\/2017\/12\/ARROYO-LOBOS-DE-MAR.jpg?resize=350%2C200 1x, https:\/\/i0.wp.com\/www.24baires.com\/wp-content\/uploads\/2017\/12\/ARROYO-LOBOS-DE-MAR.jpg?resize=525%2C300 1.5x"},"classes":[]},{"id":120773,"url":"https:\/\/www.24baires.com\/?p=120773","url_meta":{"origin":120815,"position":4},"title":"Tras los anuncios de Milei, se escuchan los primeros cacerolazos","author":"GB","date":"21\/12\/2023","format":false,"excerpt":"En diferentes puntos del pa\u00eds ya se escuchan los primeros cacerolazos en repudio a las medidas anunciadas por Javier Milei para desregular la econom\u00eda. Pocos minutos m\u00e1s tardes de la cadena nacional que brind\u00f3 Javier Milei, en donde explic\u00f3 el DNU que desregula la econom\u00eda, en varios puntos del pa\u00eds\u2026","rel":"","context":"En \u00abSociedad\u00bb","block_context":{"text":"Sociedad","link":"https:\/\/www.24baires.com\/?cat=1"},"img":{"alt_text":"","src":"https:\/\/i0.wp.com\/www.24baires.com\/wp-content\/uploads\/2023\/12\/20180830205331_cacerolazosssjpg.webp?resize=350%2C200","width":350,"height":200,"srcset":"https:\/\/i0.wp.com\/www.24baires.com\/wp-content\/uploads\/2023\/12\/20180830205331_cacerolazosssjpg.webp?resize=350%2C200 1x, https:\/\/i0.wp.com\/www.24baires.com\/wp-content\/uploads\/2023\/12\/20180830205331_cacerolazosssjpg.webp?resize=525%2C300 1.5x, https:\/\/i0.wp.com\/www.24baires.com\/wp-content\/uploads\/2023\/12\/20180830205331_cacerolazosssjpg.webp?resize=700%2C400 2x"},"classes":[]},{"id":120959,"url":"https:\/\/www.24baires.com\/?p=120959","url_meta":{"origin":120815,"position":5},"title":"Duro repudio de los vicegobernadores a Javier Milei por la quita de fondos a las provincias","author":"GB","date":"12\/02\/2024","format":false,"excerpt":"Diez vicegobernadores acusaron a Javier Milei de actuar por \u201cvenganza pol\u00edtica\u201d tras la quita de fondos y pidieron que \u201cno tome de rehenes\" a los argentinos. Un grupo de diez vicegobernadores de la oposici\u00f3n dieron a conocer en las \u00faltimas horas un fuerte documento en el que expresaron su repudio\u2026","rel":"","context":"En \u00abPol\u00edtica\u00bb","block_context":{"text":"Pol\u00edtica","link":"https:\/\/www.24baires.com\/?cat=51"},"img":{"alt_text":"","src":"https:\/\/i0.wp.com\/www.24baires.com\/wp-content\/uploads\/2024\/02\/vicegobernadores.webp?resize=350%2C200","width":350,"height":200,"srcset":"https:\/\/i0.wp.com\/www.24baires.com\/wp-content\/uploads\/2024\/02\/vicegobernadores.webp?resize=350%2C200 1x, https:\/\/i0.wp.com\/www.24baires.com\/wp-content\/uploads\/2024\/02\/vicegobernadores.webp?resize=525%2C300 1.5x, https:\/\/i0.wp.com\/www.24baires.com\/wp-content\/uploads\/2024\/02\/vicegobernadores.webp?resize=700%2C400 2x"},"classes":[]}],"jetpack_sharing_enabled":true,"jetpack_likes_enabled":true,"_links":{"self":[{"href":"https:\/\/www.24baires.com\/index.php?rest_route=\/wp\/v2\/posts\/120815","targetHints":{"allow":["GET"]}}],"collection":[{"href":"https:\/\/www.24baires.com\/index.php?rest_route=\/wp\/v2\/posts"}],"about":[{"href":"https:\/\/www.24baires.com\/index.php?rest_route=\/wp\/v2\/types\/post"}],"author":[{"embeddable":true,"href":"https:\/\/www.24baires.com\/index.php?rest_route=\/wp\/v2\/users\/4"}],"replies":[{"embeddable":true,"href":"https:\/\/www.24baires.com\/index.php?rest_route=%2Fwp%2Fv2%2Fcomments&post=120815"}],"version-history":[{"count":1,"href":"https:\/\/www.24baires.com\/index.php?rest_route=\/wp\/v2\/posts\/120815\/revisions"}],"predecessor-version":[{"id":120817,"href":"https:\/\/www.24baires.com\/index.php?rest_route=\/wp\/v2\/posts\/120815\/revisions\/120817"}],"wp:attachment":[{"href":"https:\/\/www.24baires.com\/index.php?rest_route=%2Fwp%2Fv2%2Fmedia&parent=120815"}],"wp:term":[{"taxonomy":"category","embeddable":true,"href":"https:\/\/www.24baires.com\/index.php?rest_route=%2Fwp%2Fv2%2Fcategories&post=120815"},{"taxonomy":"post_tag","embeddable":true,"href":"https:\/\/www.24baires.com\/index.php?rest_route=%2Fwp%2Fv2%2Ftags&post=120815"}],"curies":[{"name":"wp","href":"https:\/\/api.w.org\/{rel}","templated":true}]}}