{"id":12081,"date":"2013-01-13T22:44:47","date_gmt":"2013-01-14T01:44:47","guid":{"rendered":"http:\/\/www.24baires.com\/?p=12081"},"modified":"2013-01-13T22:44:53","modified_gmt":"2013-01-14T01:44:53","slug":"marcos-patronelli-diego-torres-y-luciano-pereyra-contra-la-contra-la-trata-de-personas","status":"publish","type":"post","link":"https:\/\/www.24baires.com\/?p=12081","title":{"rendered":"Marcos Patronelli, Diego Torres y Luciano Pereyra, contra la contra la trata de personas"},"content":{"rendered":"<p><a href=\"http:\/\/www.24baires.com\/sociedad\/12081-marcos-patronelli-diego-torres-y-luciano-pereyra-contra-la-contra-la-trata-de-personas\/attachment\/diego-torres-contra-la-trata-a\/\" rel=\"attachment wp-att-12082\"><img data-recalc-dims=\"1\" loading=\"lazy\" decoding=\"async\" class=\"aligncenter size-full wp-image-12082\" alt=\"Diego Torres contra la Trata a\" src=\"https:\/\/i0.wp.com\/www.24baires.com\/wp-content\/uploads\/2013\/01\/Diego-Torres-contra-la-Trata-a.jpg?resize=560%2C372\" width=\"560\" height=\"372\" srcset=\"https:\/\/i0.wp.com\/www.24baires.com\/wp-content\/uploads\/2013\/01\/Diego-Torres-contra-la-Trata-a.jpg?w=560&amp;ssl=1 560w, https:\/\/i0.wp.com\/www.24baires.com\/wp-content\/uploads\/2013\/01\/Diego-Torres-contra-la-Trata-a.jpg?resize=300%2C199&amp;ssl=1 300w\" sizes=\"auto, (max-width: 560px) 100vw, 560px\" \/><\/a><\/p>\n<p>El campe\u00f3n del D\u00e1kar 2010 Marcos Patronelli y los cantantes Diego Torres y Luciano Pereyra apoyaron la lucha contra la trata de personas que encabeza Susana Trimarco desde el a\u00f1o 2002, tras la desaparici\u00f3n de su hija Marita Ver\u00f3n. Juntos llevaron adelanta una campa\u00f1a de concientizaci\u00f3n en el hip\u00f3dromo de Tucum\u00e1n, donde se desarrollaron las principales actividades del D\u00e1kar 2013.<!--more--><\/p>\n<p>En declaraciones a la prensa, Susana Trimarco agradeci\u00f3 la decisi\u00f3n de la presidenta Cristina Fern\u00e1ndez de Kirchner de llamar a sesiones extraordinarias para tratar la modificaci\u00f3n de la ley de trata de personas (Ley 26.364) antes de fin de a\u00f1o y destac\u00f3 la gesti\u00f3n legislativa del presidente de la C\u00e1mara de Diputados, Juli\u00e1n Dom\u00ednguez, para lograr el consenso de todos los bloques para aprobar la norma.<\/p>\n<p>\u00abYo le digo no a la trata de personas para que en nuestro pa\u00eds no haya m\u00e1s mujeres capturadas por estas redes\u00bb, destac\u00f3 Luciano Pereyra mientras que Diego Torres asegur\u00f3 que la lucha de Susana Trimarco \u00abes la lucha de todos nosotros para terminar con la trata de una vez y para eso tenemos que poner nuestro granito de arena\u00bb. Por su parte Marcos Patronelli se comprometi\u00f3 a \u00abllevar bien en alto la bandera de la lucha contra la trata de personas\u00bb durante todo el torneo, que finalizar\u00e1 en Santiago de Chile. Asimismo, acompa\u00f1aron la candidatura de Susana Trimarco para recibir el Premio Nobel de la Paz 2013.<\/p>\n","protected":false},"excerpt":{"rendered":"<p>El campe\u00f3n del D\u00e1kar 2010 Marcos Patronelli y los cantantes Diego Torres y Luciano Pereyra apoyaron la lucha contra la trata de personas que encabeza Susana Trimarco desde el a\u00f1o 2002, tras la desaparici\u00f3n de su hija Marita Ver\u00f3n. Juntos llevaron adelanta una campa\u00f1a de concientizaci\u00f3n en el hip\u00f3dromo de Tucum\u00e1n, donde se desarrollaron las principales actividades del D\u00e1kar 2013.<\/p>\n","protected":false},"author":11,"featured_media":0,"comment_status":"open","ping_status":"open","sticky":false,"template":"","format":"standard","meta":{"_jetpack_newsletter_access":"","_jetpack_dont_email_post_to_subs":false,"_jetpack_newsletter_tier_id":0,"_jetpack_memberships_contains_paywalled_content":false,"_jetpack_memberships_contains_paid_content":false,"footnotes":""},"categories":[1],"tags":[],"class_list":["post-12081","post","type-post","status-publish","format-standard","hentry","category-sociedad"],"jetpack_featured_media_url":"","jetpack_shortlink":"https:\/\/wp.me\/p2JWE0-38R","jetpack-related-posts":[{"id":11487,"url":"https:\/\/www.24baires.com\/?p=11487","url_meta":{"origin":12081,"position":0},"title":"Dakar: Otra etapa para Patronelli  en cuatriciclos","author":"Grupo Sierra","date":"07\/01\/2013","format":false,"excerpt":"Otro triunfo para Marcos Patronelli en cuatriciclos y el cuarto lugar en autos para el mendocino Lucio \u00c1lvarez, quien se meti\u00f3 dentro del pelot\u00f3n de elite del rally, fue el balance para los argentinos tras la tercera etapa del Dakar Per\u00fa-Argentina-Chile, que uni\u00f3 hoy las ciudades de Pisco y Nazca,\u2026","rel":"","context":"En \u00abDeportes\u00bb","block_context":{"text":"Deportes","link":"https:\/\/www.24baires.com\/?cat=12"},"img":{"alt_text":"patronelli nazca","src":"https:\/\/i0.wp.com\/www.24baires.com\/wp-content\/uploads\/2013\/01\/patronelli-nazca.jpg?resize=350%2C200","width":350,"height":200},"classes":[]},{"id":38089,"url":"https:\/\/www.24baires.com\/?p=38089","url_meta":{"origin":12081,"position":1},"title":"Patronelli tuvo un accidente y tuvo que abandonar el Dakar","author":"GB","date":"07\/01\/2014","format":false,"excerpt":"Marcos Patronelli, dos veces campe\u00f3n de la categor\u00eda cuatriciclos, se accident\u00f3 esta tarde -sin consecuencias f\u00edsicas- cuando realizaba el tramo de la tercera etapa entre San Rafael y San Juan, y abandon\u00f3 la competencia. El campe\u00f3n Marcos Patronelli debi\u00f3 abandonar el Dakar Argentina-Bolivia-Chile luego de perder el control de su\u2026","rel":"","context":"En \u00abDeportes\u00bb","block_context":{"text":"Deportes","link":"https:\/\/www.24baires.com\/?cat=12"},"img":{"alt_text":"dakar2","src":"https:\/\/i0.wp.com\/www.24baires.com\/wp-content\/uploads\/2014\/01\/dakar2.jpg?resize=350%2C200","width":350,"height":200,"srcset":"https:\/\/i0.wp.com\/www.24baires.com\/wp-content\/uploads\/2014\/01\/dakar2.jpg?resize=350%2C200 1x, https:\/\/i0.wp.com\/www.24baires.com\/wp-content\/uploads\/2014\/01\/dakar2.jpg?resize=525%2C300 1.5x"},"classes":[]},{"id":38025,"url":"https:\/\/www.24baires.com\/?p=38025","url_meta":{"origin":12081,"position":2},"title":"Dakar: el bonaerense Patronelli gan\u00f3 la segunda etapa","author":"GB","date":"06\/01\/2014","format":false,"excerpt":"El bicampe\u00f3n bonaerense Marcos Patronelli gan\u00f3 hoy la segunda etapa del Rally Dakar 2014 de la categor\u00eda cuadriciclos, en el tramo que comprendi\u00f3 la uni\u00f3n de San Luis y San Rafael, y de esa manera se ubic\u00f3 en el primer lugar de la clasificaci\u00f3n general. Patronelli, ganador en las ediciones\u2026","rel":"","context":"En \u00abDeportes\u00bb","block_context":{"text":"Deportes","link":"https:\/\/www.24baires.com\/?cat=12"},"img":{"alt_text":"dakar 1","src":"https:\/\/i0.wp.com\/www.24baires.com\/wp-content\/uploads\/2014\/01\/dakar-1.jpg?resize=350%2C200","width":350,"height":200,"srcset":"https:\/\/i0.wp.com\/www.24baires.com\/wp-content\/uploads\/2014\/01\/dakar-1.jpg?resize=350%2C200 1x, https:\/\/i0.wp.com\/www.24baires.com\/wp-content\/uploads\/2014\/01\/dakar-1.jpg?resize=525%2C300 1.5x"},"classes":[]},{"id":12829,"url":"https:\/\/www.24baires.com\/?p=12829","url_meta":{"origin":12081,"position":3},"title":"Rally Dakar: Patronelli Campe\u00f3n","author":"Grupo Sierra","date":"19\/01\/2013","format":false,"excerpt":"El argentino, a bordo de su Yamaha, repiti\u00f3 el logro de hace tres a\u00f1os al completarse la 14ta y \u00faltima etapa de la competencia. Le alcanz\u00f3 con llegar tercero en la recta final. El franc\u00e9s Despres gan\u00f3 en motos. El argentino Marcos Patronelli, con Yamaha, se consagr\u00f3 hoy campe\u00f3n del\u2026","rel":"","context":"En \u00abDeportes\u00bb","block_context":{"text":"Deportes","link":"https:\/\/www.24baires.com\/?cat=12"},"img":{"alt_text":"patronelli nazca","src":"https:\/\/i0.wp.com\/www.24baires.com\/wp-content\/uploads\/2013\/01\/patronelli-nazca.jpg?resize=350%2C200","width":350,"height":200,"srcset":"https:\/\/i0.wp.com\/www.24baires.com\/wp-content\/uploads\/2013\/01\/patronelli-nazca.jpg?resize=350%2C200 1x, https:\/\/i0.wp.com\/www.24baires.com\/wp-content\/uploads\/2013\/01\/patronelli-nazca.jpg?resize=525%2C300 1.5x"},"classes":[]},{"id":11546,"url":"https:\/\/www.24baires.com\/?p=11546","url_meta":{"origin":12081,"position":4},"title":"Tres al hilo para Patronelli","author":"Grupo Sierra","date":"08\/01\/2013","format":false,"excerpt":"El piloto de Las Flores se adjudic\u00f3 el trazado de la cuarta carrera del Dakar 2013 Per\u00fa- Argentina- Chile entre las localidades de Nazca y Arequipa. En motos el ganador fue el espa\u00f1ol Joan Barreda Bort y en autos el qatar\u00ed Nasser Al-Attiyah. Marcos Patronelli, a bordo de un Yamaha,\u2026","rel":"","context":"En \u00abDeportes\u00bb","block_context":{"text":"Deportes","link":"https:\/\/www.24baires.com\/?cat=12"},"img":{"alt_text":"patronelli arequipa","src":"https:\/\/i0.wp.com\/www.24baires.com\/wp-content\/uploads\/2013\/01\/patronelli-arequipa.jpg?resize=350%2C200","width":350,"height":200},"classes":[]},{"id":31666,"url":"https:\/\/www.24baires.com\/?p=31666","url_meta":{"origin":12081,"position":5},"title":"Entregaron el premio Rodolfo Walsh a Susana Trimarco","author":"AF","date":"11\/09\/2013","format":false,"excerpt":"Susana Trimarco, la madre de Marita Ver\u00f3n, recibi\u00f3 el premio Rodolfo Walsh por su labor en pos de la Comunicaci\u00f3n Popular. Acompa\u00f1ada por la decana de la Casa de Estudios, Florencia Saintout, y por la titular de Madres de Plaza de Mayo, Hebe de Bonafini, agradeci\u00f3 la ayuda de N\u00e9stor\u2026","rel":"","context":"En \u00abSociedad\u00bb","block_context":{"text":"Sociedad","link":"https:\/\/www.24baires.com\/?cat=1"},"img":{"alt_text":"trimarco saintout","src":"https:\/\/i0.wp.com\/www.24baires.com\/wp-content\/uploads\/2013\/09\/trimarco-saintout-300x176.jpg?resize=350%2C200","width":350,"height":200},"classes":[]}],"jetpack_sharing_enabled":true,"jetpack_likes_enabled":true,"_links":{"self":[{"href":"https:\/\/www.24baires.com\/index.php?rest_route=\/wp\/v2\/posts\/12081","targetHints":{"allow":["GET"]}}],"collection":[{"href":"https:\/\/www.24baires.com\/index.php?rest_route=\/wp\/v2\/posts"}],"about":[{"href":"https:\/\/www.24baires.com\/index.php?rest_route=\/wp\/v2\/types\/post"}],"author":[{"embeddable":true,"href":"https:\/\/www.24baires.com\/index.php?rest_route=\/wp\/v2\/users\/11"}],"replies":[{"embeddable":true,"href":"https:\/\/www.24baires.com\/index.php?rest_route=%2Fwp%2Fv2%2Fcomments&post=12081"}],"version-history":[{"count":4,"href":"https:\/\/www.24baires.com\/index.php?rest_route=\/wp\/v2\/posts\/12081\/revisions"}],"predecessor-version":[{"id":12086,"href":"https:\/\/www.24baires.com\/index.php?rest_route=\/wp\/v2\/posts\/12081\/revisions\/12086"}],"wp:attachment":[{"href":"https:\/\/www.24baires.com\/index.php?rest_route=%2Fwp%2Fv2%2Fmedia&parent=12081"}],"wp:term":[{"taxonomy":"category","embeddable":true,"href":"https:\/\/www.24baires.com\/index.php?rest_route=%2Fwp%2Fv2%2Fcategories&post=12081"},{"taxonomy":"post_tag","embeddable":true,"href":"https:\/\/www.24baires.com\/index.php?rest_route=%2Fwp%2Fv2%2Ftags&post=12081"}],"curies":[{"name":"wp","href":"https:\/\/api.w.org\/{rel}","templated":true}]}}