{"id":120806,"date":"2023-12-28T21:09:56","date_gmt":"2023-12-29T00:09:56","guid":{"rendered":"http:\/\/www.24baires.com\/?p=120806"},"modified":"2023-12-28T21:09:56","modified_gmt":"2023-12-29T00:09:56","slug":"milei-aumentara-nuevamente-el-valor-del-combustible","status":"publish","type":"post","link":"https:\/\/www.24baires.com\/?p=120806","title":{"rendered":"Milei aumentar\u00e1 nuevamente el valor del combustible"},"content":{"rendered":"<p><img data-recalc-dims=\"1\" loading=\"lazy\" decoding=\"async\" class=\"aligncenter wp-image-120808\" src=\"https:\/\/i0.wp.com\/www.24baires.com\/wp-content\/uploads\/2023\/12\/WhatsApp-Image-2023-12-28-at-21.08.54.jpeg?resize=720%2C480\" alt=\"\" width=\"720\" height=\"480\" srcset=\"https:\/\/i0.wp.com\/www.24baires.com\/wp-content\/uploads\/2023\/12\/WhatsApp-Image-2023-12-28-at-21.08.54.jpeg?w=960&amp;ssl=1 960w, https:\/\/i0.wp.com\/www.24baires.com\/wp-content\/uploads\/2023\/12\/WhatsApp-Image-2023-12-28-at-21.08.54.jpeg?resize=300%2C200&amp;ssl=1 300w, https:\/\/i0.wp.com\/www.24baires.com\/wp-content\/uploads\/2023\/12\/WhatsApp-Image-2023-12-28-at-21.08.54.jpeg?resize=768%2C512&amp;ssl=1 768w\" sizes=\"auto, (max-width: 720px) 100vw, 720px\" \/>Por la desregulaci\u00f3n de Milei, el valor \u00abmayorista\u00bb del barril pasar\u00e1 de 60 d\u00f3lares a 80, tal el precio del barril Brent. Estiman que en surtidores habr\u00eda otra suba del 30 por ciento. <!--more--><\/p>\n<p>Como buena parte de los art\u00edculos que se incluyeron en el DNU y en la Ley \u00d3mnibus que el presidente Javier Milei mand\u00f3 al Congreso, el de la desregulaci\u00f3n de los precios del petr\u00f3leo tendr\u00e1 un efecto inmediato en los surtidores. Seg\u00fan supo P\u00e1gina I12, el fin del barril \u00abcriollo\u00bb, que val\u00eda bastante menos que el barril internacional, redundar\u00e1 en una suba de hasta 30 por ciento en las naftas en los pr\u00f3ximos meses. Pero hay algo m\u00e1s importante: esta situaci\u00f3n empodera a las petroleras no s\u00f3lo a manejar precios al alza, sino a evitar las bajas. Ahora s\u00ed, sin barril criollo, deber\u00e1n explicar por qu\u00e9, cada vez que baje el precio del crudo en el mundo, eso no se ver\u00e1 reflejado en la Argentina. Es decir, se dispuso un esquema de autoregulaci\u00f3n que estar\u00e1 atado s\u00f3lo a la demanda y usando el precio internacional exclusivamente para aumentar, no para bajar en el caso que deba darse.<\/p>\n<p>En el proyecto de ley \u00f3mnibus, se detalla que las empresas en toda la l\u00ednea de produccion pueden manejar sus precios libremente, de lo que se deduce que queda en desuso el barril criollo, que fue un acuerdo entre privados que empez\u00f3 cuando Axel Kicillof era ministro de Econom\u00eda de la presidencia de Cristina Kirchner. Para graficar de que se trata, hay que comprender que el precio de la nafta refleja el precio que el downstream (la rama surtidores de las petroleras) le paga al upstream (la rama productora de las petroleras).<\/p>\n<p>En el caso de YPF, son las mismas empresas, ergo, no ten\u00eda problemas salvo en una peque\u00f1a parte que le compraba a terceros. En el caso de Raizen Shell, en tanto, que compra el 100 por ciento de lo que refina y vende a otros productores, s\u00ed se complica. Es que el barril criollo cotiza actualmente en 60 d\u00f3lares, contra algo m\u00e1s de 80 que se paga mundialmente el petr\u00f3leo Brent, el de Londres, que se toma como referencia en Argentina.<\/p>\n<p>Qu\u00e9 pasar\u00e1 de ahora en m\u00e1s<br \/>\nLo que ocurr\u00eda hasta ahora es que YPF, al tener el 50 por ciento de las estaciones de servicio, le ped\u00eda al upstream un precio de crudo a un determinado valor que le permitiera sostener el litro de nafta s\u00faper a 600 pesos. Es decir, la petrolera de bandera fijaba una especie de precio m\u00e1ximo que, luego, replicaba la competencia tanto en Shell como en Axion y Puma. Ahora, esa posibilidad no existe m\u00e1s porque la pauta de aumentos libres ya mostr\u00f3 que las empresas se cartelizaron para establecer subas.<\/p>\n<p>El 30 por ciento de aumento que las empresas creen que falta subir, se suma a m\u00e1s del 80 por ciento de alza en combustibles que se dio en los \u00faltimos quince d\u00edas, en todas las empresas a la vez. Alguien que conoce bien el sector admiti\u00f3 ante este diario que, finalmente, \u00abestamos yendo al precio de la nafta que avis\u00f3 Massa, algo m\u00e1s de 800 pesos por litro\u00bb, en l\u00ednea con el valor que se paga en todo el mundo.<\/p>\n<p>Lo particular de esta situaci\u00f3n es que, antes de la decisi\u00f3n de liberar, el ministro de Econom\u00eda, Luis Caputo, se reuni\u00f3 con petroleros de Pampa Energ\u00eda, Exxon y Vista Oil, en un encuentro que decidieron no comunicar. En pocas horas, las petroleras empezar\u00e1n a trasladar el precio internacional a los surtidores, con un precio que ser\u00e1 el de 80 d\u00f3lares el barril menos 8 puntos de retenciones. Ese valor, puesto en la estaci\u00f3n de servicio, representa un aumento de al menos 30 puntos al consumidor.<\/p>\n<p>El problema que radica el cambio, en paralelo, es que por un lado los naftazos no s\u00f3lo le complican el bolsillo al que usa autos, sino que explican aumentos futuros relacionados con mercanc\u00edas que se transportan en veh\u00edculos a combustible. Por otro lado, la posici\u00f3n de encolumnar la oferta minorista a precios internacionales pone presi\u00f3n a las empresas y al Gobierno para demostrar que, cuando el precio del crudo se mueva hacia abajo, tambi\u00e9n bajar\u00e1n los precios. Hasta ahora no tienen ese problema porque el conflicto b\u00e9lico entre Rusia y Ucrania mantienen el barril europeo a valores altos, pero en la historia corta a habido bajas y subas.<\/p>\n<p>Las empresas aseguran, de todos modos, que lo que el presidente dice es que los precios se liberan, por lo cual nadie estar\u00eda obligado a atar sus costos al precio internacional del crudo. O al menos no en sus variables diarias.<\/p>\n<p>Fuente: Leandro Renou \/ P\u00e1gina 12<br \/>\nFoto: Bernardino \u00c1vila<\/p>\n","protected":false},"excerpt":{"rendered":"<p>Por la desregulaci\u00f3n de Milei, el valor \u00abmayorista\u00bb del barril pasar\u00e1 de 60 d\u00f3lares a 80, tal el precio del barril Brent. Estiman que en surtidores habr\u00eda otra suba del 30 por ciento.<\/p>\n","protected":false},"author":4,"featured_media":0,"comment_status":"closed","ping_status":"closed","sticky":false,"template":"","format":"standard","meta":{"_jetpack_newsletter_access":"","_jetpack_dont_email_post_to_subs":false,"_jetpack_newsletter_tier_id":0,"_jetpack_memberships_contains_paywalled_content":false,"_jetpack_memberships_contains_paid_content":false,"footnotes":""},"categories":[45],"tags":[],"class_list":["post-120806","post","type-post","status-publish","format-standard","hentry","category-economia"],"jetpack_featured_media_url":"","jetpack_shortlink":"https:\/\/wp.me\/p2JWE0-vqu","jetpack-related-posts":[{"id":77193,"url":"https:\/\/www.24baires.com\/?p=77193","url_meta":{"origin":120806,"position":0},"title":"Aranguren confirm\u00f3 que precios de combustibles suben un 6 por ciento","author":"GB","date":"05\/01\/2016","format":false,"excerpt":"El ministro de Energ\u00eda y Miner\u00eda, Juan Jos\u00e9 Aranguren, confirm\u00f3 que los precios de los combustibles registrar\u00e1n este mi\u00e9rcoles un incremento, a partir de un acuerdo alcanzado con las empresas petroleras que se comprometieron a mantener los nuevos valores hasta el 1 de marzo pr\u00f3ximo. A partir del entendimiento entre\u2026","rel":"","context":"En \u00abEconom\u00eda\u00bb","block_context":{"text":"Econom\u00eda","link":"https:\/\/www.24baires.com\/?cat=45"},"img":{"alt_text":"surtidor nafta","src":"https:\/\/i0.wp.com\/www.24baires.com\/wp-content\/uploads\/2013\/02\/surtidor-nafta.jpg?resize=350%2C200","width":350,"height":200,"srcset":"https:\/\/i0.wp.com\/www.24baires.com\/wp-content\/uploads\/2013\/02\/surtidor-nafta.jpg?resize=350%2C200 1x, https:\/\/i0.wp.com\/www.24baires.com\/wp-content\/uploads\/2013\/02\/surtidor-nafta.jpg?resize=525%2C300 1.5x"},"classes":[]},{"id":114281,"url":"https:\/\/www.24baires.com\/?p=114281","url_meta":{"origin":120806,"position":1},"title":"YPF aument\u00f3 las naftas","author":"GB","date":"03\/03\/2020","format":false,"excerpt":"Los combustibles l\u00edquidos siguen a precio congelado, pero la suba de un impuesto hace que suban igual. El incremento fue de entre 13 y 15 centavos. Por la suba de un impuesto, las naftas de YPF subieron este lunes entre 13 y 15 centavos y se espera que en las\u2026","rel":"","context":"En \u00abConsumidores\u00bb","block_context":{"text":"Consumidores","link":"https:\/\/www.24baires.com\/?cat=78"},"img":{"alt_text":"","src":"https:\/\/i0.wp.com\/www.24baires.com\/wp-content\/uploads\/2014\/03\/naftas-surtidores-300x180.jpg?resize=350%2C200","width":350,"height":200},"classes":[]},{"id":82011,"url":"https:\/\/www.24baires.com\/?p=82011","url_meta":{"origin":120806,"position":2},"title":"Estacioneros rechazan una nueva suba en el precio del combustible","author":"AF","date":"28\/04\/2016","format":false,"excerpt":"El presidente de la Federaci\u00f3n de Entidades del Combustible de la provincia de Buenos Aires (Fedecoba), Luis Malchiodi, asegur\u00f3 hoy que \"no se justifica\" un nuevo aumento en el precio de los combustibles, \"ni siquiera dentro de cinco meses\", en momentos en que el Gobierno analiza autorizar un nuevo incremento\u2026","rel":"","context":"En \u00abEconom\u00eda\u00bb","block_context":{"text":"Econom\u00eda","link":"https:\/\/www.24baires.com\/?cat=45"},"img":{"alt_text":"surtidor nafta","src":"https:\/\/i0.wp.com\/www.24baires.com\/wp-content\/uploads\/2013\/02\/surtidor-nafta.jpg?resize=350%2C200","width":350,"height":200,"srcset":"https:\/\/i0.wp.com\/www.24baires.com\/wp-content\/uploads\/2013\/02\/surtidor-nafta.jpg?resize=350%2C200 1x, https:\/\/i0.wp.com\/www.24baires.com\/wp-content\/uploads\/2013\/02\/surtidor-nafta.jpg?resize=525%2C300 1.5x"},"classes":[]},{"id":91550,"url":"https:\/\/www.24baires.com\/?p=91550","url_meta":{"origin":120806,"position":3},"title":"Ya rige el nuevo aumento de combustible","author":"AF","date":"12\/01\/2017","format":false,"excerpt":"Los precios de los combustibles se modifican a partir de la 0 de ma\u00f1ana, luego de un acuerdo alcanzado entre las empresas petroleras y las refinadoras en torno del valor del barril de petr\u00f3leo, seg\u00fan anunci\u00f3 el ministro Aranguren. El precio de los combustibles aument\u00f3 a las 0 horas de\u2026","rel":"","context":"En \u00abEconom\u00eda\u00bb","block_context":{"text":"Econom\u00eda","link":"https:\/\/www.24baires.com\/?cat=45"},"img":{"alt_text":"","src":"https:\/\/i0.wp.com\/www.24baires.com\/wp-content\/uploads\/2013\/02\/surtidor-nafta.jpg?resize=350%2C200","width":350,"height":200,"srcset":"https:\/\/i0.wp.com\/www.24baires.com\/wp-content\/uploads\/2013\/02\/surtidor-nafta.jpg?resize=350%2C200 1x, https:\/\/i0.wp.com\/www.24baires.com\/wp-content\/uploads\/2013\/02\/surtidor-nafta.jpg?resize=525%2C300 1.5x"},"classes":[]},{"id":107842,"url":"https:\/\/www.24baires.com\/?p=107842","url_meta":{"origin":120806,"position":4},"title":"Una vez m\u00e1s aumenta la nafta","author":"GB","date":"26\/04\/2019","format":false,"excerpt":"Ser\u00e1 desde el pr\u00f3ximo lunes, a pesar de que las estaciones de servicio reconocen una ca\u00edda del consumo del 15%. El presidente de la Federaci\u00f3n de Entidades de Combustibles, Juan Carlos Bas\u00edlico, anticip\u00f3 que la semana que viene los combustibles aumentar\u00e1n \u201cm\u00e1s o menos un 4%\u201d. \u201cNo sabemos si ser\u00e1\u2026","rel":"","context":"En \u00abConsumidores\u00bb","block_context":{"text":"Consumidores","link":"https:\/\/www.24baires.com\/?cat=78"},"img":{"alt_text":"","src":"https:\/\/i0.wp.com\/www.24baires.com\/wp-content\/uploads\/2019\/02\/shel-nafta.jpg?resize=350%2C200","width":350,"height":200,"srcset":"https:\/\/i0.wp.com\/www.24baires.com\/wp-content\/uploads\/2019\/02\/shel-nafta.jpg?resize=350%2C200 1x, https:\/\/i0.wp.com\/www.24baires.com\/wp-content\/uploads\/2019\/02\/shel-nafta.jpg?resize=525%2C300 1.5x"},"classes":[]},{"id":96931,"url":"https:\/\/www.24baires.com\/?p=96931","url_meta":{"origin":120806,"position":5},"title":"Aranguren ratific\u00f3 que en 2018 el valor de los combustibles se regir\u00e1 por el precio internacional","author":"GB","date":"24\/08\/2017","format":false,"excerpt":"El ministro de Energ\u00eda, Juan Jos\u00e9 Aranguren, confirm\u00f3 que en 2018 el valor de los combustibles se regir\u00e1 por el precio internacional, e incluso confi\u00f3 en que \"es altamente probable que est\u00e9 a fin de a\u00f1o\". \"Estamos estableciendo un sendero para poder converger a los precios internacionales de combustibles y\u2026","rel":"","context":"En \u00abEconom\u00eda\u00bb","block_context":{"text":"Econom\u00eda","link":"https:\/\/www.24baires.com\/?cat=45"},"img":{"alt_text":"","src":"https:\/\/i0.wp.com\/www.24baires.com\/wp-content\/uploads\/2016\/09\/aranguren.jpg?resize=350%2C200","width":350,"height":200,"srcset":"https:\/\/i0.wp.com\/www.24baires.com\/wp-content\/uploads\/2016\/09\/aranguren.jpg?resize=350%2C200 1x, https:\/\/i0.wp.com\/www.24baires.com\/wp-content\/uploads\/2016\/09\/aranguren.jpg?resize=525%2C300 1.5x"},"classes":[]}],"jetpack_sharing_enabled":true,"jetpack_likes_enabled":true,"_links":{"self":[{"href":"https:\/\/www.24baires.com\/index.php?rest_route=\/wp\/v2\/posts\/120806","targetHints":{"allow":["GET"]}}],"collection":[{"href":"https:\/\/www.24baires.com\/index.php?rest_route=\/wp\/v2\/posts"}],"about":[{"href":"https:\/\/www.24baires.com\/index.php?rest_route=\/wp\/v2\/types\/post"}],"author":[{"embeddable":true,"href":"https:\/\/www.24baires.com\/index.php?rest_route=\/wp\/v2\/users\/4"}],"replies":[{"embeddable":true,"href":"https:\/\/www.24baires.com\/index.php?rest_route=%2Fwp%2Fv2%2Fcomments&post=120806"}],"version-history":[{"count":2,"href":"https:\/\/www.24baires.com\/index.php?rest_route=\/wp\/v2\/posts\/120806\/revisions"}],"predecessor-version":[{"id":120809,"href":"https:\/\/www.24baires.com\/index.php?rest_route=\/wp\/v2\/posts\/120806\/revisions\/120809"}],"wp:attachment":[{"href":"https:\/\/www.24baires.com\/index.php?rest_route=%2Fwp%2Fv2%2Fmedia&parent=120806"}],"wp:term":[{"taxonomy":"category","embeddable":true,"href":"https:\/\/www.24baires.com\/index.php?rest_route=%2Fwp%2Fv2%2Fcategories&post=120806"},{"taxonomy":"post_tag","embeddable":true,"href":"https:\/\/www.24baires.com\/index.php?rest_route=%2Fwp%2Fv2%2Ftags&post=120806"}],"curies":[{"name":"wp","href":"https:\/\/api.w.org\/{rel}","templated":true}]}}