{"id":120779,"date":"2023-12-21T21:58:46","date_gmt":"2023-12-22T00:58:46","guid":{"rendered":"http:\/\/www.24baires.com\/?p=120779"},"modified":"2023-12-21T21:58:46","modified_gmt":"2023-12-22T00:58:46","slug":"la-cgt-marchara-el-miercoles-contra-el-dnu-de-milei-y-su-reforma-laboral","status":"publish","type":"post","link":"https:\/\/www.24baires.com\/?p=120779","title":{"rendered":"La CGT marchar\u00e1 el mi\u00e9rcoles contra el DNU de Milei y su reforma laboral"},"content":{"rendered":"<p><img data-recalc-dims=\"1\" loading=\"lazy\" decoding=\"async\" class=\"aligncenter wp-image-120780\" src=\"https:\/\/i0.wp.com\/www.24baires.com\/wp-content\/uploads\/2023\/12\/WhatsApp-Image-2023-12-21-at-21.57.34.jpeg?resize=720%2C405\" alt=\"\" width=\"720\" height=\"405\" srcset=\"https:\/\/i0.wp.com\/www.24baires.com\/wp-content\/uploads\/2023\/12\/WhatsApp-Image-2023-12-21-at-21.57.34.jpeg?w=1200&amp;ssl=1 1200w, https:\/\/i0.wp.com\/www.24baires.com\/wp-content\/uploads\/2023\/12\/WhatsApp-Image-2023-12-21-at-21.57.34.jpeg?resize=300%2C169&amp;ssl=1 300w, https:\/\/i0.wp.com\/www.24baires.com\/wp-content\/uploads\/2023\/12\/WhatsApp-Image-2023-12-21-at-21.57.34.jpeg?resize=1024%2C576&amp;ssl=1 1024w, https:\/\/i0.wp.com\/www.24baires.com\/wp-content\/uploads\/2023\/12\/WhatsApp-Image-2023-12-21-at-21.57.34.jpeg?resize=768%2C432&amp;ssl=1 768w\" sizes=\"auto, (max-width: 720px) 100vw, 720px\" \/>Dirigentes gremiales suspendieron la reuni\u00f3n que ten\u00edan prevista con el ministro del Interior, Guillermo Francos, y aseguraron que el di\u00e1logo con el Gobierno nacional est\u00e1 \u201croto\u201d. Hay \u201cclima\u201d de paro general, dijo uno de los l\u00edderes de la central obrera peronista.<!--more--><\/p>\n<p>Los dirigentes sindicales de la CGT realizaron este jueves por la tarde una reuni\u00f3n de emergencia y decidieron a convocar a una movilizaci\u00f3n en protesta por el decreto de necesidad y urgencia (DNU) que firm\u00f3 el presidente Javier Milei para desregular la econom\u00eda. La medida de fuerza ser\u00e1 el pr\u00f3ximo mi\u00e9rcoles afuera de Tribunales, donde presentar\u00e1n recursos de amparo para impugnar la medida ya publicada en el Bolet\u00edn Oficial.<\/p>\n<p>\u201cNos movilizaremos el pr\u00f3ximo mi\u00e9rcoles 27 de diciembre a las 12 hs al Palacio de Justicia de la Naci\u00f3n, adonde presentaremos nuestro reclamo a fin de obtener una sentencia del Poder Judicial que avale nuestra postura de inconstitucionalidad, en defensa de los derechos de todos\/as los y las trabajadores\/as y de la ciudadan\u00eda en general\u201d, expresaron en un comunicado oficial.<\/p>\n<p>La conducci\u00f3n de la CGT calific\u00f3 de \u201cinconstitucional\u201d el DNU y repudi\u00f3 la decisi\u00f3n de Milei de actuar por fuera de los canales parlamentarios. \u201cEntendemos que el Decreto de Necesidad y Urgencia dictado por el Presidente Javier Milei y secundado por todo su gabinete (sumado alg\u00fan ex funcionario sin cargo) ha decidido subvertir el orden constitucional al pretender legislar arrog\u00e1ndose la suma del Poder P\u00fablico y, al igual que hizo en su discurso de asunci\u00f3n, dar la espalda al Congreso de la Naci\u00f3n\u201d, argumentaron.<\/p>\n<p>El jueves pr\u00f3ximo, la conducci\u00f3n general de la CGT se volver\u00e1 a reunir para definir la fecha de un nuevo paro general para protestar contra la reforma laboral. \u201cConvocaremos para el pr\u00f3ximo jueves 28 de Diciembre a un Comit\u00e9 Central Confederal para establecer un plan de acci\u00f3n gremial en cada una de las actividades que conforman esta CGT que culmine con una protesta conjunta del movimiento obrero nacional\u201d, agreg\u00f3 la entidad gremial.<\/p>\n<p>M\u00e1s temprano, uno de los l\u00edderes de la central obrera peronista, H\u00e9ctor Daer, hab\u00eda adelantado que hay \u201cclima\u201d para que se concrete un paro general, tal como hab\u00edan solicitado en la noche del mi\u00e9rcoles en el Congreso miles de vecinos de la Ciudad de Buenos Aires, que se congregaron para cacerolear contra el decreto de Milei.<\/p>\n<p>Una comitiva de autoridades de la CGT deb\u00edan reunirse este jueves con el ministro del Interior, Guillermo Francos, en la Casa Rosada. El secretario general de la UOCRA, Gerardo Mart\u00ednez, fue quien hab\u00eda solicitado el encuentro que deb\u00eda realizarse a las 15. Sin embargo, pasado ese horario, ning\u00fan sindicalista se present\u00f3 en sede presidencial como expresi\u00f3n de rechazo a la reforma laboral impuesta por el DNU, que incluye la reducci\u00f3n de las multas por despido y la ampliaci\u00f3n a 8 meses de los per\u00edodos de prueba para empleados. Los recientes anuncios marcaron un punto de quiebre en la voluntad dialoguista de algunos sectores gremiales.<\/p>\n<p>FUENTE: eldiarioar.com<\/p>\n","protected":false},"excerpt":{"rendered":"<p>Dirigentes gremiales suspendieron la reuni\u00f3n que ten\u00edan prevista con el ministro del Interior, Guillermo Francos, y aseguraron que el di\u00e1logo con el Gobierno nacional est\u00e1 \u201croto\u201d. Hay \u201cclima\u201d de paro general, dijo uno de los l\u00edderes de la central obrera peronista.<\/p>\n","protected":false},"author":4,"featured_media":0,"comment_status":"closed","ping_status":"closed","sticky":false,"template":"","format":"standard","meta":{"_jetpack_newsletter_access":"","_jetpack_dont_email_post_to_subs":false,"_jetpack_newsletter_tier_id":0,"_jetpack_memberships_contains_paywalled_content":false,"_jetpack_memberships_contains_paid_content":false,"footnotes":""},"categories":[1],"tags":[],"class_list":["post-120779","post","type-post","status-publish","format-standard","hentry","category-sociedad"],"jetpack_featured_media_url":"","jetpack_shortlink":"https:\/\/wp.me\/p2JWE0-vq3","jetpack-related-posts":[{"id":120870,"url":"https:\/\/www.24baires.com\/?p=120870","url_meta":{"origin":120779,"position":0},"title":"La Bancaria confirm\u00f3 su adhesi\u00f3n al paro del 24 de enero","author":"GB","date":"17\/01\/2024","format":false,"excerpt":"El paro general convocado por la CGT contra el mega DNU firmado por Javier Milei sigue sumando adhesiones. La Asociaci\u00f3n Bancaria (AB) anunci\u00f3 que se suma al paro general convocado por la Confederaci\u00f3n General del Trabajo (CGT) para el mi\u00e9rcoles 24 de enero para rechazar el mega Decreto de Necesidad\u2026","rel":"","context":"En \u00abPol\u00edtica\u00bb","block_context":{"text":"Pol\u00edtica","link":"https:\/\/www.24baires.com\/?cat=51"},"img":{"alt_text":"","src":"https:\/\/i0.wp.com\/www.24baires.com\/wp-content\/uploads\/2015\/05\/bancaria.jpg?resize=350%2C200","width":350,"height":200,"srcset":"https:\/\/i0.wp.com\/www.24baires.com\/wp-content\/uploads\/2015\/05\/bancaria.jpg?resize=350%2C200 1x, https:\/\/i0.wp.com\/www.24baires.com\/wp-content\/uploads\/2015\/05\/bancaria.jpg?resize=525%2C300 1.5x, https:\/\/i0.wp.com\/www.24baires.com\/wp-content\/uploads\/2015\/05\/bancaria.jpg?resize=700%2C400 2x"},"classes":[]},{"id":92101,"url":"https:\/\/www.24baires.com\/?p=92101","url_meta":{"origin":120779,"position":1},"title":"Presentaron un amparo contra el decreto que modifica la ley de ART","author":"GB","date":"02\/02\/2017","format":false,"excerpt":"Lo hizo el Colegio de Abogados porte\u00f1o. El oficialismo sali\u00f3 a defender el uso de DNU por parte del presidente Mauricio Macri y desde la oposici\u00f3n advirtieron que las normas ser\u00e1n revisadas por el Congreso. El Colegio de Abogados de la Ciudad de Buenos Aires present\u00f3 un recurso de amparo\u2026","rel":"","context":"En \u00abPol\u00edtica\u00bb","block_context":{"text":"Pol\u00edtica","link":"https:\/\/www.24baires.com\/?cat=51"},"img":{"alt_text":"","src":"https:\/\/i0.wp.com\/www.24baires.com\/wp-content\/uploads\/2016\/09\/macri-onu.jpg?resize=350%2C200","width":350,"height":200,"srcset":"https:\/\/i0.wp.com\/www.24baires.com\/wp-content\/uploads\/2016\/09\/macri-onu.jpg?resize=350%2C200 1x, https:\/\/i0.wp.com\/www.24baires.com\/wp-content\/uploads\/2016\/09\/macri-onu.jpg?resize=525%2C300 1.5x"},"classes":[]},{"id":121215,"url":"https:\/\/www.24baires.com\/?p=121215","url_meta":{"origin":120779,"position":2},"title":"Gobierno se re\u00fane por primera vez con la CGT, en medio de amenazas de un nuevo paro","author":"GB","date":"10\/04\/2024","format":false,"excerpt":"El Gobierno cit\u00f3 a representantes de la CGT para tener la primera reuni\u00f3n oficial en la era Milei. Con un paro general de por medio, intentar\u00e1n bajar la tensi\u00f3n. En medio de una fuerte tensi\u00f3n y bajo la amenaza de un nuevo paro general, el Gobierno nacional decidi\u00f3 citar a\u2026","rel":"","context":"En \u00abPol\u00edtica\u00bb","block_context":{"text":"Pol\u00edtica","link":"https:\/\/www.24baires.com\/?cat=51"},"img":{"alt_text":"","src":"https:\/\/i0.wp.com\/www.24baires.com\/wp-content\/uploads\/2024\/04\/cgt.webp?resize=350%2C200","width":350,"height":200,"srcset":"https:\/\/i0.wp.com\/www.24baires.com\/wp-content\/uploads\/2024\/04\/cgt.webp?resize=350%2C200 1x, https:\/\/i0.wp.com\/www.24baires.com\/wp-content\/uploads\/2024\/04\/cgt.webp?resize=525%2C300 1.5x, https:\/\/i0.wp.com\/www.24baires.com\/wp-content\/uploads\/2024\/04\/cgt.webp?resize=700%2C400 2x"},"classes":[]},{"id":122155,"url":"https:\/\/www.24baires.com\/?p=122155","url_meta":{"origin":120779,"position":3},"title":"La CGT anunci\u00f3 un paro general para el 10 de abril","author":"GB","date":"21\/03\/2025","format":false,"excerpt":"La central obrera advirti\u00f3 que las acciones sindicales se extender\u00e1n por 36 horas, en reclamo por las pol\u00edticas del gobierno de Javier Milei. La Confederaci\u00f3n General del Trabajo (CGT) convoc\u00f3 este jueves a un paro nacional el 10 de abril pr\u00f3ximo, en lo que ser\u00e1 la tercera huelga general durante\u2026","rel":"","context":"En \u00abPol\u00edtica\u00bb","block_context":{"text":"Pol\u00edtica","link":"https:\/\/www.24baires.com\/?cat=51"},"img":{"alt_text":"","src":"https:\/\/i0.wp.com\/www.24baires.com\/wp-content\/uploads\/2025\/03\/cgt1.webp?resize=350%2C200","width":350,"height":200,"srcset":"https:\/\/i0.wp.com\/www.24baires.com\/wp-content\/uploads\/2025\/03\/cgt1.webp?resize=350%2C200 1x, https:\/\/i0.wp.com\/www.24baires.com\/wp-content\/uploads\/2025\/03\/cgt1.webp?resize=525%2C300 1.5x, https:\/\/i0.wp.com\/www.24baires.com\/wp-content\/uploads\/2025\/03\/cgt1.webp?resize=700%2C400 2x"},"classes":[]},{"id":121005,"url":"https:\/\/www.24baires.com\/?p=121005","url_meta":{"origin":120779,"position":4},"title":"Moyano advirti\u00f3 que la CGT se encamina hacia un gran paro nacional contra el gobierno","author":"GB","date":"21\/02\/2024","format":false,"excerpt":"En declaraciones con la prensa, el l\u00edder sindicalista adelant\u00f3 que \"una nueva movilizaci\u00f3n o un paro general\" son inminentes. Adem\u00e1s, pidi\u00f3 por la unidad del peronismo, para que \"vuelva a ser una alternativa\". Pablo Moyano, cotitular de la CGT y secretario adjunto de Camioneros, emiti\u00f3 una advertencia contundente, se\u00f1alando que\u2026","rel":"","context":"En \u00abPol\u00edtica\u00bb","block_context":{"text":"Pol\u00edtica","link":"https:\/\/www.24baires.com\/?cat=51"},"img":{"alt_text":"","src":"https:\/\/i0.wp.com\/www.24baires.com\/wp-content\/uploads\/2024\/02\/paro-general.webp?resize=350%2C200","width":350,"height":200,"srcset":"https:\/\/i0.wp.com\/www.24baires.com\/wp-content\/uploads\/2024\/02\/paro-general.webp?resize=350%2C200 1x, https:\/\/i0.wp.com\/www.24baires.com\/wp-content\/uploads\/2024\/02\/paro-general.webp?resize=525%2C300 1.5x, https:\/\/i0.wp.com\/www.24baires.com\/wp-content\/uploads\/2024\/02\/paro-general.webp?resize=700%2C400 2x"},"classes":[]},{"id":120919,"url":"https:\/\/www.24baires.com\/?p=120919","url_meta":{"origin":120779,"position":5},"title":"La Justicia declar\u00f3 inconstitucional la reforma laboral incluida en el DNU de Milei","author":"GB","date":"31\/01\/2024","format":false,"excerpt":"La C\u00e1mara del Trabajo consider\u00f3 inv\u00e1lido el cap\u00edtulo laboral del mega decreto presidencial. La C\u00e1mara de Apelaciones del Trabajo declar\u00f3 la \"invalidez constitucional\" de todo el t\u00edtulo IV del DNU 70\/23, que se refiere a la reforma laboral. La medida judicial representa un aval al reclamo de la CGT. En\u2026","rel":"","context":"En \u00abPol\u00edtica\u00bb","block_context":{"text":"Pol\u00edtica","link":"https:\/\/www.24baires.com\/?cat=51"},"img":{"alt_text":"","src":"https:\/\/i0.wp.com\/www.24baires.com\/wp-content\/uploads\/2024\/01\/WhatsApp-Image-2024-01-18-at-20.26.13.jpeg?resize=350%2C200","width":350,"height":200,"srcset":"https:\/\/i0.wp.com\/www.24baires.com\/wp-content\/uploads\/2024\/01\/WhatsApp-Image-2024-01-18-at-20.26.13.jpeg?resize=350%2C200 1x, https:\/\/i0.wp.com\/www.24baires.com\/wp-content\/uploads\/2024\/01\/WhatsApp-Image-2024-01-18-at-20.26.13.jpeg?resize=525%2C300 1.5x, https:\/\/i0.wp.com\/www.24baires.com\/wp-content\/uploads\/2024\/01\/WhatsApp-Image-2024-01-18-at-20.26.13.jpeg?resize=700%2C400 2x"},"classes":[]}],"jetpack_sharing_enabled":true,"jetpack_likes_enabled":true,"_links":{"self":[{"href":"https:\/\/www.24baires.com\/index.php?rest_route=\/wp\/v2\/posts\/120779","targetHints":{"allow":["GET"]}}],"collection":[{"href":"https:\/\/www.24baires.com\/index.php?rest_route=\/wp\/v2\/posts"}],"about":[{"href":"https:\/\/www.24baires.com\/index.php?rest_route=\/wp\/v2\/types\/post"}],"author":[{"embeddable":true,"href":"https:\/\/www.24baires.com\/index.php?rest_route=\/wp\/v2\/users\/4"}],"replies":[{"embeddable":true,"href":"https:\/\/www.24baires.com\/index.php?rest_route=%2Fwp%2Fv2%2Fcomments&post=120779"}],"version-history":[{"count":1,"href":"https:\/\/www.24baires.com\/index.php?rest_route=\/wp\/v2\/posts\/120779\/revisions"}],"predecessor-version":[{"id":120781,"href":"https:\/\/www.24baires.com\/index.php?rest_route=\/wp\/v2\/posts\/120779\/revisions\/120781"}],"wp:attachment":[{"href":"https:\/\/www.24baires.com\/index.php?rest_route=%2Fwp%2Fv2%2Fmedia&parent=120779"}],"wp:term":[{"taxonomy":"category","embeddable":true,"href":"https:\/\/www.24baires.com\/index.php?rest_route=%2Fwp%2Fv2%2Fcategories&post=120779"},{"taxonomy":"post_tag","embeddable":true,"href":"https:\/\/www.24baires.com\/index.php?rest_route=%2Fwp%2Fv2%2Ftags&post=120779"}],"curies":[{"name":"wp","href":"https:\/\/api.w.org\/{rel}","templated":true}]}}