{"id":120776,"date":"2023-12-21T07:47:09","date_gmt":"2023-12-21T10:47:09","guid":{"rendered":"http:\/\/www.24baires.com\/?p=120776"},"modified":"2023-12-21T07:47:09","modified_gmt":"2023-12-21T10:47:09","slug":"se-publico-en-el-boletin-oficial-el-mega-decreto-de-milei-que-desregula-la-economia","status":"publish","type":"post","link":"https:\/\/www.24baires.com\/?p=120776","title":{"rendered":"Se public\u00f3 en el bolet\u00edn oficial el mega decreto de Milei que desregula la econom\u00eda"},"content":{"rendered":"<p><img data-recalc-dims=\"1\" loading=\"lazy\" decoding=\"async\" class=\"aligncenter wp-image-120777\" src=\"https:\/\/i0.wp.com\/www.24baires.com\/wp-content\/uploads\/2023\/12\/javier_mieleijpg.webp?resize=720%2C539\" alt=\"\" width=\"720\" height=\"539\" srcset=\"https:\/\/i0.wp.com\/www.24baires.com\/wp-content\/uploads\/2023\/12\/javier_mieleijpg.webp?w=610&amp;ssl=1 610w, https:\/\/i0.wp.com\/www.24baires.com\/wp-content\/uploads\/2023\/12\/javier_mieleijpg.webp?resize=300%2C225&amp;ssl=1 300w\" sizes=\"auto, (max-width: 720px) 100vw, 720px\" \/>\u00abDecl\u00e1rase la emergencia p\u00fablica en materia econ\u00f3mica, financiera, fiscal, administrativa, previsional, tarifaria, sanitaria y social hasta el 31 de diciembre de 2025\u00bb, dice el art\u00edculo 1 de la norma que fue publicada en el Bolet\u00edn Oficial.<!--more--><\/p>\n<p>El gobierno del presidente Javier Milei decret\u00f3 la \u00abemergencia p\u00fablica\u00bb en materia econ\u00f3mica, financiera, fiscal, administrativa, previsional, tarifaria, sanitaria y social hasta el 31 de diciembre de 2025.<\/p>\n<p>As\u00ed lo establece el art\u00edculo 1 del decreto de necesidad y urgencia (DNU) 70\/2023 que fue publicado a las 0 horas del jueves en el Bolet\u00edn Oficial y que fue adelantado a trav\u00e9s de un mensaje de Milei transmitido en cadena nacional.<\/p>\n","protected":false},"excerpt":{"rendered":"<p>\u00abDecl\u00e1rase la emergencia p\u00fablica en materia econ\u00f3mica, financiera, fiscal, administrativa, previsional, tarifaria, sanitaria y social hasta el 31 de diciembre de 2025\u00bb, dice el art\u00edculo 1 de la norma que fue publicada en el Bolet\u00edn Oficial.<\/p>\n","protected":false},"author":8,"featured_media":0,"comment_status":"closed","ping_status":"closed","sticky":false,"template":"","format":"standard","meta":{"_jetpack_newsletter_access":"","_jetpack_dont_email_post_to_subs":false,"_jetpack_newsletter_tier_id":0,"_jetpack_memberships_contains_paywalled_content":false,"_jetpack_memberships_contains_paid_content":false,"footnotes":""},"categories":[45],"tags":[],"class_list":["post-120776","post","type-post","status-publish","format-standard","hentry","category-economia"],"jetpack_featured_media_url":"","jetpack_shortlink":"https:\/\/wp.me\/p2JWE0-vq0","jetpack-related-posts":[{"id":120821,"url":"https:\/\/www.24baires.com\/?p=120821","url_meta":{"origin":120776,"position":0},"title":"El Gobierno suspendi\u00f3 los cr\u00e9ditos a jubilados","author":"GB","date":"02\/01\/2024","format":false,"excerpt":"El Gobierno Nacional tom\u00f3 la decisi\u00f3n de suspender los cr\u00e9ditos destinados a jubilados y trabajadores que otorgaba la ANSES. A trav\u00e9s de una resoluci\u00f3n publicada en el bolet\u00edn oficial, el Gobierno nacional decidi\u00f3 suspender los cr\u00e9ditos que otorgaba la Administraci\u00f3n Nacional de la Seguridad Social (ANSES) a trabajadores y jubilados\u2026","rel":"","context":"En \u00abPol\u00edtica\u00bb","block_context":{"text":"Pol\u00edtica","link":"https:\/\/www.24baires.com\/?cat=51"},"img":{"alt_text":"","src":"https:\/\/i0.wp.com\/www.24baires.com\/wp-content\/uploads\/2018\/12\/anses.jpg?resize=350%2C200","width":350,"height":200,"srcset":"https:\/\/i0.wp.com\/www.24baires.com\/wp-content\/uploads\/2018\/12\/anses.jpg?resize=350%2C200 1x, https:\/\/i0.wp.com\/www.24baires.com\/wp-content\/uploads\/2018\/12\/anses.jpg?resize=525%2C300 1.5x, https:\/\/i0.wp.com\/www.24baires.com\/wp-content\/uploads\/2018\/12\/anses.jpg?resize=700%2C400 2x"},"classes":[]},{"id":121019,"url":"https:\/\/www.24baires.com\/?p=121019","url_meta":{"origin":120776,"position":1},"title":"Milei elimin\u00f3 el Fondo para el Fortalecimiento Fiscal de la provincia de Buenos Aires","author":"GB","date":"26\/02\/2024","format":false,"excerpt":"En medio de una disputa con los gobernadores, Javier Milei elimin\u00f3 el Fondo de Fortalecimiento Fiscal que recibi\u00f3 la provincia de Buenos Aires desde 2020. Por Decreto, el presidente de la Naci\u00f3n, Javier Milei, dispuso un duro ajuste sobre las arcas de la provincia de Buenos Aires. La decisi\u00f3n sali\u00f3\u2026","rel":"","context":"En \u00abPol\u00edtica\u00bb","block_context":{"text":"Pol\u00edtica","link":"https:\/\/www.24baires.com\/?cat=51"},"img":{"alt_text":"","src":"https:\/\/i0.wp.com\/www.24baires.com\/wp-content\/uploads\/2024\/02\/milei-axel.webp?resize=350%2C200","width":350,"height":200,"srcset":"https:\/\/i0.wp.com\/www.24baires.com\/wp-content\/uploads\/2024\/02\/milei-axel.webp?resize=350%2C200 1x, https:\/\/i0.wp.com\/www.24baires.com\/wp-content\/uploads\/2024\/02\/milei-axel.webp?resize=525%2C300 1.5x, https:\/\/i0.wp.com\/www.24baires.com\/wp-content\/uploads\/2024\/02\/milei-axel.webp?resize=700%2C400 2x"},"classes":[]},{"id":120803,"url":"https:\/\/www.24baires.com\/?p=120803","url_meta":{"origin":120776,"position":2},"title":"Milei envi\u00f3 al Congreso una Ley con la que busca apropiarse de la suma del poder p\u00fablico","author":"GB","date":"28\/12\/2023","format":false,"excerpt":"A trav\u00e9s de la norma, Javier Milei pretende \"facultades legislativas\" para avanzar en su escalada privatista y desregulatoria. Conoc\u00e9 los detalles y todas las empresas que dejar\u00edan de ser estatales. El Gobierno nacional envi\u00f3 al Congreso una Ley \u00d3mnibus, similar al mega DNU, que entre otros aspectos dispone una ampl\u00edsima\u2026","rel":"","context":"En \u00abPol\u00edtica\u00bb","block_context":{"text":"Pol\u00edtica","link":"https:\/\/www.24baires.com\/?cat=51"},"img":{"alt_text":"","src":"https:\/\/i0.wp.com\/www.24baires.com\/wp-content\/uploads\/2023\/12\/milei-presidente.jpg?resize=350%2C200","width":350,"height":200,"srcset":"https:\/\/i0.wp.com\/www.24baires.com\/wp-content\/uploads\/2023\/12\/milei-presidente.jpg?resize=350%2C200 1x, https:\/\/i0.wp.com\/www.24baires.com\/wp-content\/uploads\/2023\/12\/milei-presidente.jpg?resize=525%2C300 1.5x, https:\/\/i0.wp.com\/www.24baires.com\/wp-content\/uploads\/2023\/12\/milei-presidente.jpg?resize=700%2C400 2x"},"classes":[]},{"id":113519,"url":"https:\/\/www.24baires.com\/?p=113519","url_meta":{"origin":120776,"position":3},"title":"Tras la media sanci\u00f3n, el senado debate este viernes la Ley de Solidaridad Social","author":"GB","date":"20\/12\/2019","format":false,"excerpt":"Tras la media sanci\u00f3n de Diputados y con Cristina al frente del cuerpo, la C\u00e1mara alta trata hoy la emergencia econ\u00f3mica impulsada por el Gobierno. El Senado, en su primera sesi\u00f3n con Cristina Kirchner al frente del cuerpo, debatir\u00e1 a partir de las 14 el proyecto de Ley de Solidaridad\u2026","rel":"","context":"En \u00abPol\u00edtica\u00bb","block_context":{"text":"Pol\u00edtica","link":"https:\/\/www.24baires.com\/?cat=51"},"img":{"alt_text":"","src":"https:\/\/i0.wp.com\/www.24baires.com\/wp-content\/uploads\/2018\/08\/senado.jpg?resize=350%2C200","width":350,"height":200,"srcset":"https:\/\/i0.wp.com\/www.24baires.com\/wp-content\/uploads\/2018\/08\/senado.jpg?resize=350%2C200 1x, https:\/\/i0.wp.com\/www.24baires.com\/wp-content\/uploads\/2018\/08\/senado.jpg?resize=525%2C300 1.5x"},"classes":[]},{"id":120845,"url":"https:\/\/www.24baires.com\/?p=120845","url_meta":{"origin":120776,"position":4},"title":"\u00abSi hay crisis econ\u00f3mica, no va a haber Constituci\u00f3n vigente\u00bb","author":"AF","date":"09\/01\/2024","format":false,"excerpt":"En sinton\u00eda con lo escrito en el Decreto de Necesidad y Urgencia y tambi\u00e9n en la Ley \u00d3mnibus, Rodolfo Barra justific\u00f3 una posible eliminaci\u00f3n de los tres poderes del Estado en caso de \"crisis econ\u00f3mica\". El repudio de los legisladores presentes en la comisi\u00f3n. El procurador del Tesoro, Rodolfo Barra,\u2026","rel":"","context":"En \u00abSociedad\u00bb","block_context":{"text":"Sociedad","link":"https:\/\/www.24baires.com\/?cat=1"},"img":{"alt_text":"","src":"https:\/\/i0.wp.com\/www.24baires.com\/wp-content\/uploads\/2024\/01\/WhatsApp-Image-2024-01-09-at-21.38.40.jpeg?resize=350%2C200","width":350,"height":200,"srcset":"https:\/\/i0.wp.com\/www.24baires.com\/wp-content\/uploads\/2024\/01\/WhatsApp-Image-2024-01-09-at-21.38.40.jpeg?resize=350%2C200 1x, https:\/\/i0.wp.com\/www.24baires.com\/wp-content\/uploads\/2024\/01\/WhatsApp-Image-2024-01-09-at-21.38.40.jpeg?resize=525%2C300 1.5x, https:\/\/i0.wp.com\/www.24baires.com\/wp-content\/uploads\/2024\/01\/WhatsApp-Image-2024-01-09-at-21.38.40.jpeg?resize=700%2C400 2x"},"classes":[]},{"id":114802,"url":"https:\/\/www.24baires.com\/?p=114802","url_meta":{"origin":120776,"position":5},"title":"Provincia oficializ\u00f3 el auxilio a intendentes y cre\u00f3 el fondo de emergencia para pagar sueldos","author":"GB","date":"23\/04\/2020","format":false,"excerpt":"Luego del reclamo de los jefes comunales en medio de la crisis por la pandemia, Axel Kicillof firm\u00f3 el decreto que crea un fondo que podr\u00e1 cubrir hasta 12.000 millones de pesos con el principal objetivo de contribuir con el pago de sueldos de los empleados municipales. Tal como inform\u00f3\u2026","rel":"","context":"En \u00abLocales\u00bb","block_context":{"text":"Locales","link":"https:\/\/www.24baires.com\/?cat=38"},"img":{"alt_text":"","src":"https:\/\/i0.wp.com\/www.24baires.com\/wp-content\/uploads\/2020\/04\/axel-k.jpeg?resize=350%2C200","width":350,"height":200,"srcset":"https:\/\/i0.wp.com\/www.24baires.com\/wp-content\/uploads\/2020\/04\/axel-k.jpeg?resize=350%2C200 1x, https:\/\/i0.wp.com\/www.24baires.com\/wp-content\/uploads\/2020\/04\/axel-k.jpeg?resize=525%2C300 1.5x"},"classes":[]}],"jetpack_sharing_enabled":true,"jetpack_likes_enabled":true,"_links":{"self":[{"href":"https:\/\/www.24baires.com\/index.php?rest_route=\/wp\/v2\/posts\/120776","targetHints":{"allow":["GET"]}}],"collection":[{"href":"https:\/\/www.24baires.com\/index.php?rest_route=\/wp\/v2\/posts"}],"about":[{"href":"https:\/\/www.24baires.com\/index.php?rest_route=\/wp\/v2\/types\/post"}],"author":[{"embeddable":true,"href":"https:\/\/www.24baires.com\/index.php?rest_route=\/wp\/v2\/users\/8"}],"replies":[{"embeddable":true,"href":"https:\/\/www.24baires.com\/index.php?rest_route=%2Fwp%2Fv2%2Fcomments&post=120776"}],"version-history":[{"count":1,"href":"https:\/\/www.24baires.com\/index.php?rest_route=\/wp\/v2\/posts\/120776\/revisions"}],"predecessor-version":[{"id":120778,"href":"https:\/\/www.24baires.com\/index.php?rest_route=\/wp\/v2\/posts\/120776\/revisions\/120778"}],"wp:attachment":[{"href":"https:\/\/www.24baires.com\/index.php?rest_route=%2Fwp%2Fv2%2Fmedia&parent=120776"}],"wp:term":[{"taxonomy":"category","embeddable":true,"href":"https:\/\/www.24baires.com\/index.php?rest_route=%2Fwp%2Fv2%2Fcategories&post=120776"},{"taxonomy":"post_tag","embeddable":true,"href":"https:\/\/www.24baires.com\/index.php?rest_route=%2Fwp%2Fv2%2Ftags&post=120776"}],"curies":[{"name":"wp","href":"https:\/\/api.w.org\/{rel}","templated":true}]}}