{"id":120761,"date":"2023-12-18T07:50:23","date_gmt":"2023-12-18T10:50:23","guid":{"rendered":"http:\/\/www.24baires.com\/?p=120761"},"modified":"2023-12-18T07:50:23","modified_gmt":"2023-12-18T10:50:23","slug":"caputo-anuncio-que-se-van-a-privatizar-todas-las-empresas-del-estado-que-se-pueda","status":"publish","type":"post","link":"https:\/\/www.24baires.com\/?p=120761","title":{"rendered":"Caputo anunci\u00f3 que \u00abse van a privatizar todas las empresas del Estado que se pueda\u00bb"},"content":{"rendered":"<p><img data-recalc-dims=\"1\" loading=\"lazy\" decoding=\"async\" class=\"aligncenter wp-image-98760\" src=\"https:\/\/i0.wp.com\/www.24baires.com\/wp-content\/uploads\/2017\/11\/caputo.jpg?resize=720%2C478\" alt=\"\" width=\"720\" height=\"478\" srcset=\"https:\/\/i0.wp.com\/www.24baires.com\/wp-content\/uploads\/2017\/11\/caputo.jpg?w=560&amp;ssl=1 560w, https:\/\/i0.wp.com\/www.24baires.com\/wp-content\/uploads\/2017\/11\/caputo.jpg?resize=300%2C199&amp;ssl=1 300w\" sizes=\"auto, (max-width: 720px) 100vw, 720px\" \/>El ministro de Econom\u00eda dio a entender que Aerol\u00edneas Argentinas ser\u00e1 una de las empresas que buscar\u00e1n privatizar.<!--more--><\/p>\n<p>En la previa al supuesto lanzamiento del proyecto para desregular la econom\u00eda, el ministro de Econom\u00eda, Luis Caputo, brind\u00f3 otra entrevista televisiva en la que anticip\u00f3 que el Gobierno buscar\u00e1 privatizar empresas del Estado.<\/p>\n<p>El funcionario anticip\u00f3 en di\u00e1logo con LN+ que \u00ablas empresas del Estado que se puedan privatizar, en el corto plazo se van a privatizar\u00bb, y aclar\u00f3 que \u00ablas que no se puedan privatizar, porque es m\u00e1s dif\u00edcil, por razones t\u00e9cnicas, se va a tratar de mejorar sus cuentas\u00bb.<\/p>\n<p>luis caputo sobre el ajuste a la casta politica: nos estamos pagando nuestro cafe<br \/>\nInformate m\u00e1s<br \/>\nLuis Caputo sobre el ajuste a la casta pol\u00edtica: \u00abNos estamos pagando nuestro caf\u00e9\u00bb<br \/>\n\u00abToda empresa que sea ineficiente, que le cuesta plata al Estado, por definici\u00f3n estar\u00eda bueno privatizarla. Aerol\u00edneas Argentinas es un ejemplo. Hay un equipo hoy evaluando cada una y que se quiere ejecutar en el corto plazo lo que efectivamente sea posible\u00bb, detall\u00f3 el ministro.<\/p>\n<p>Luis Caputo insisti\u00f3 en que las medidas de ajuste \u00abfueron muy bien recibidas\u00bb<br \/>\nCaputo dijo que las medidas anunciadas el martes pasado \u00abfueron muy bien recibidas\u00bb y que esto qued\u00f3 demostrado en la reducci\u00f3n de la brecha cambiaria.<\/p>\n<p>\u00abEl ajuste del tipo de cambio que nosotros hemos hecho de $360 a $800, si no tuviera la credibilidad que efectivamente tuvo, \u00bfqu\u00e9 hubiera pasado con el tipo de cambio libre? Estaba $1100, se hubiera ido a $2000, $2500. Lejos de pasar eso, ha ca\u00eddo de $1100 a $980, y hoy estamos en la brecha m\u00e1s baja, del 20%, igual a cuando Alberto Fern\u00e1ndez asumi\u00f3 en diciembre del 2019. Si no hay medidas consistentes atr\u00e1s, eso no puede pasar\u00bb, subray\u00f3 el titular del Palacio de Hacienda.<\/p>\n<p>En lo que respecta al tema precios, Caputo se\u00f1al\u00f3 que \u00abno es solo la inercia inflacionaria, sino toda la inflaci\u00f3n que estaba metida debajo de la alfombra\u00bb y ratific\u00f3 que los pr\u00f3ximos meses ser\u00e1n de \u00abinflaci\u00f3n dura\u00bb.<\/p>\n<p>\u00abEl control de precios no funciona nunca. Van a ser meses de inflaci\u00f3n dura. Pero hay que dar tranquilidad a la gente, porque todas las medidas que estamos tomando van a ser para revertir ese proceso. La inflaci\u00f3n va a tender a ceder y las cosas se van a encaminar\u00bb, pronostic\u00f3.<\/p>\n<p>Sobre las medidas de ajuste anunciadas, el ministro sostuvo que \u00abse concentr\u00f3 en reducci\u00f3n del gasto p\u00fablico, desde la reducci\u00f3n de ministerios, secretar\u00edas, autos, transferencias discrecionales a las provincias, gastos administrativos\u00bb.<\/p>\n<p>\u00abEso constituye el 60%. Te dir\u00eda que es m\u00e1s, porque yo considero que los subsidios no son tales, son tambi\u00e9n usos de los recursos p\u00fablicos para hacer pol\u00edtica, son un perjuicio para los que menos tienen\u00bb, agreg\u00f3.<\/p>\n<p>En el plano monetario, Caputo mencion\u00f3 \u00abel famoso tema de las Leliqs\u00bb, sobre el que dijo que \u00abel problema de base es fiscal\u00bb.<\/p>\n<p>Al respecto, dijo que \u00abesas Leliqs se desarman. Se pueden desarmar de manera gradual y de shock. Y no son excluyentes. Nosotros estamos usando ambas herramientas\u00bb.<\/p>\n","protected":false},"excerpt":{"rendered":"<p>El ministro de Econom\u00eda dio a entender que Aerol\u00edneas Argentinas ser\u00e1 una de las empresas que buscar\u00e1n privatizar.<\/p>\n","protected":false},"author":8,"featured_media":0,"comment_status":"closed","ping_status":"closed","sticky":false,"template":"","format":"standard","meta":{"_jetpack_newsletter_access":"","_jetpack_dont_email_post_to_subs":false,"_jetpack_newsletter_tier_id":0,"_jetpack_memberships_contains_paywalled_content":false,"_jetpack_memberships_contains_paid_content":false,"footnotes":""},"categories":[45],"tags":[],"class_list":["post-120761","post","type-post","status-publish","format-standard","hentry","category-economia"],"jetpack_featured_media_url":"","jetpack_shortlink":"https:\/\/wp.me\/p2JWE0-vpL","jetpack-related-posts":[{"id":120687,"url":"https:\/\/www.24baires.com\/?p=120687","url_meta":{"origin":120761,"position":0},"title":"El presidente electo asegur\u00f3 eliminaci\u00f3n de Ganancias y la reducci\u00f3n del IVA","author":"GB","date":"23\/11\/2023","format":false,"excerpt":"El presidente electo, Javier Milei, afirm\u00f3 que mantendr\u00e1 durante su gobierno la eliminaci\u00f3n del Impuesto a las Ganancias para la cuarta categor\u00eda y la reducci\u00f3n del IVA. Adem\u00e1s habl\u00f3 de su futuro Ministro de Econom\u00eda. Tras los recientes anuncios de Javier Milei, presidente electo, sobre las privatizaciones de empresas del\u2026","rel":"","context":"En \u00abConsumidores\u00bb","block_context":{"text":"Consumidores","link":"https:\/\/www.24baires.com\/?cat=78"},"img":{"alt_text":"","src":"https:\/\/i0.wp.com\/www.24baires.com\/wp-content\/uploads\/2023\/11\/milei.jpg?resize=350%2C200","width":350,"height":200,"srcset":"https:\/\/i0.wp.com\/www.24baires.com\/wp-content\/uploads\/2023\/11\/milei.jpg?resize=350%2C200 1x, https:\/\/i0.wp.com\/www.24baires.com\/wp-content\/uploads\/2023\/11\/milei.jpg?resize=525%2C300 1.5x, https:\/\/i0.wp.com\/www.24baires.com\/wp-content\/uploads\/2023\/11\/milei.jpg?resize=700%2C400 2x"},"classes":[]},{"id":119469,"url":"https:\/\/www.24baires.com\/?p=119469","url_meta":{"origin":120761,"position":1},"title":"Kicillof: el Gobierno debe \u00abpasar urgente a la etapa redistributiva\u00bb","author":"AF","date":"25\/10\/2022","format":false,"excerpt":"El mandatario provincial admiti\u00f3 que \u201ces prematuro hablar de candidaturas\u201d pero dej\u00f3 claro que \u201cno hay que dar por perdida la elecci\u00f3n\u201d del pr\u00f3ximo a\u00f1o. \"La derecha viene por todos los derechos\u201d, advirti\u00f3. El gobernador bonaerense, Axel Kicillof, sostuvo que \u201cde ninguna manera\u201d el Frente de Todos tiene que perder\u2026","rel":"","context":"En \u00abPol\u00edtica\u00bb","block_context":{"text":"Pol\u00edtica","link":"https:\/\/www.24baires.com\/?cat=51"},"img":{"alt_text":"","src":"https:\/\/i0.wp.com\/www.24baires.com\/wp-content\/uploads\/2022\/10\/kicillof2.jpg?resize=350%2C200","width":350,"height":200,"srcset":"https:\/\/i0.wp.com\/www.24baires.com\/wp-content\/uploads\/2022\/10\/kicillof2.jpg?resize=350%2C200 1x, https:\/\/i0.wp.com\/www.24baires.com\/wp-content\/uploads\/2022\/10\/kicillof2.jpg?resize=525%2C300 1.5x, https:\/\/i0.wp.com\/www.24baires.com\/wp-content\/uploads\/2022\/10\/kicillof2.jpg?resize=700%2C400 2x"},"classes":[]},{"id":121160,"url":"https:\/\/www.24baires.com\/?p=121160","url_meta":{"origin":120761,"position":2},"title":"Caputo: \u00abLa nueva jubilaci\u00f3n m\u00ednima va a ser 172 mil pesos\u00bb","author":"GB","date":"25\/03\/2024","format":false,"excerpt":"El Ministro de Econom\u00eda de Javier Milei anticip\u00f3 que el haber m\u00ednimo ser\u00e1 de $172 mil m\u00e1s un bono a partir de abril: \"Una recomposici\u00f3n del 64%\", agreg\u00f3. Luis Caputo, en declaraciones televisivas, cuestion\u00f3 la f\u00f3rmula actual de ajuste de pensiones, y afirm\u00f3 estar comprometido con su mejora. En este\u2026","rel":"","context":"En \u00abPol\u00edtica\u00bb","block_context":{"text":"Pol\u00edtica","link":"https:\/\/www.24baires.com\/?cat=51"},"img":{"alt_text":"","src":"https:\/\/i0.wp.com\/www.24baires.com\/wp-content\/uploads\/2024\/03\/luis-caputojpg.webp?resize=350%2C200","width":350,"height":200,"srcset":"https:\/\/i0.wp.com\/www.24baires.com\/wp-content\/uploads\/2024\/03\/luis-caputojpg.webp?resize=350%2C200 1x, https:\/\/i0.wp.com\/www.24baires.com\/wp-content\/uploads\/2024\/03\/luis-caputojpg.webp?resize=525%2C300 1.5x, https:\/\/i0.wp.com\/www.24baires.com\/wp-content\/uploads\/2024\/03\/luis-caputojpg.webp?resize=700%2C400 2x"},"classes":[]},{"id":104109,"url":"https:\/\/www.24baires.com\/?p=104109","url_meta":{"origin":120761,"position":3},"title":"Trabajadores del Astillero van a mantener el acampe hasta el viernes","author":"GB","date":"27\/08\/2018","format":false,"excerpt":"La carpa est\u00e1 en la Plaza San Mart\u00edn, frente a la Gobernaci\u00f3n. Har\u00e1n actividades para mantener vivo el reclamo. Los ministros de Trabajo y de Econom\u00eda les habr\u00edan asegurado que \u201cno habr\u00e1 despidos, no se cierra ni se privatiza\u201d La que comienza ser\u00e1 una semana clave para el conflicto del\u2026","rel":"","context":"En \u00abProvincia\u00bb","block_context":{"text":"Provincia","link":"https:\/\/www.24baires.com\/?cat=40"},"img":{"alt_text":"","src":"https:\/\/i0.wp.com\/www.24baires.com\/wp-content\/uploads\/2018\/08\/trabajadores-astillero-s.jpg?resize=350%2C200","width":350,"height":200,"srcset":"https:\/\/i0.wp.com\/www.24baires.com\/wp-content\/uploads\/2018\/08\/trabajadores-astillero-s.jpg?resize=350%2C200 1x, https:\/\/i0.wp.com\/www.24baires.com\/wp-content\/uploads\/2018\/08\/trabajadores-astillero-s.jpg?resize=525%2C300 1.5x"},"classes":[]},{"id":121202,"url":"https:\/\/www.24baires.com\/?p=121202","url_meta":{"origin":120761,"position":4},"title":"Para Caputo a las prepagas \u00abse les fue la mano\u00bb con los aumentos","author":"GB","date":"07\/04\/2024","format":false,"excerpt":"El ministro de Econom\u00eda, Luis Caputo, declar\u00f3 que el Gobierno \"est\u00e1 viendo que se puede hacer\" ante los exorbitantes aumentos de las medicinas prepagas, permitidos claro est\u00e1, por el DNU de Javier Milei. El mercado regul\u00e1ndose solo. El titular del Ministerio de Econom\u00eda, Luis Caputo, emiti\u00f3 cr\u00edticas contundentes hacia los\u2026","rel":"","context":"En \u00abEconom\u00eda\u00bb","block_context":{"text":"Econom\u00eda","link":"https:\/\/www.24baires.com\/?cat=45"},"img":{"alt_text":"","src":"https:\/\/i0.wp.com\/www.24baires.com\/wp-content\/uploads\/2024\/03\/luis-caputojpg.webp?resize=350%2C200","width":350,"height":200,"srcset":"https:\/\/i0.wp.com\/www.24baires.com\/wp-content\/uploads\/2024\/03\/luis-caputojpg.webp?resize=350%2C200 1x, https:\/\/i0.wp.com\/www.24baires.com\/wp-content\/uploads\/2024\/03\/luis-caputojpg.webp?resize=525%2C300 1.5x, https:\/\/i0.wp.com\/www.24baires.com\/wp-content\/uploads\/2024\/03\/luis-caputojpg.webp?resize=700%2C400 2x"},"classes":[]},{"id":120750,"url":"https:\/\/www.24baires.com\/?p=120750","url_meta":{"origin":120761,"position":5},"title":"El Gobierno buscar\u00e1 cambiar la ley de movilidad jubilatoria","author":"GB","date":"13\/12\/2023","format":false,"excerpt":"El Gobierno buscar\u00e1 modificar la ley de movilidad jubilatoria, que actualmente ajusta los haberes de forma trimestral, y mientras tanto definir\u00e1 aumentos por decreto. En el marco del plan de medidas econ\u00f3micas anunciadas el martes por la tarde por el ministro de Econom\u00eda, Luis Caputo, el Gobierno de Javier Milei\u2026","rel":"","context":"En \u00abEconom\u00eda\u00bb","block_context":{"text":"Econom\u00eda","link":"https:\/\/www.24baires.com\/?cat=45"},"img":{"alt_text":"","src":"https:\/\/i0.wp.com\/www.24baires.com\/wp-content\/uploads\/2017\/12\/jubilados.jpg?resize=350%2C200","width":350,"height":200,"srcset":"https:\/\/i0.wp.com\/www.24baires.com\/wp-content\/uploads\/2017\/12\/jubilados.jpg?resize=350%2C200 1x, https:\/\/i0.wp.com\/www.24baires.com\/wp-content\/uploads\/2017\/12\/jubilados.jpg?resize=525%2C300 1.5x, https:\/\/i0.wp.com\/www.24baires.com\/wp-content\/uploads\/2017\/12\/jubilados.jpg?resize=700%2C400 2x"},"classes":[]}],"jetpack_sharing_enabled":true,"jetpack_likes_enabled":true,"_links":{"self":[{"href":"https:\/\/www.24baires.com\/index.php?rest_route=\/wp\/v2\/posts\/120761","targetHints":{"allow":["GET"]}}],"collection":[{"href":"https:\/\/www.24baires.com\/index.php?rest_route=\/wp\/v2\/posts"}],"about":[{"href":"https:\/\/www.24baires.com\/index.php?rest_route=\/wp\/v2\/types\/post"}],"author":[{"embeddable":true,"href":"https:\/\/www.24baires.com\/index.php?rest_route=\/wp\/v2\/users\/8"}],"replies":[{"embeddable":true,"href":"https:\/\/www.24baires.com\/index.php?rest_route=%2Fwp%2Fv2%2Fcomments&post=120761"}],"version-history":[{"count":1,"href":"https:\/\/www.24baires.com\/index.php?rest_route=\/wp\/v2\/posts\/120761\/revisions"}],"predecessor-version":[{"id":120762,"href":"https:\/\/www.24baires.com\/index.php?rest_route=\/wp\/v2\/posts\/120761\/revisions\/120762"}],"wp:attachment":[{"href":"https:\/\/www.24baires.com\/index.php?rest_route=%2Fwp%2Fv2%2Fmedia&parent=120761"}],"wp:term":[{"taxonomy":"category","embeddable":true,"href":"https:\/\/www.24baires.com\/index.php?rest_route=%2Fwp%2Fv2%2Fcategories&post=120761"},{"taxonomy":"post_tag","embeddable":true,"href":"https:\/\/www.24baires.com\/index.php?rest_route=%2Fwp%2Fv2%2Ftags&post=120761"}],"curies":[{"name":"wp","href":"https:\/\/api.w.org\/{rel}","templated":true}]}}