{"id":120754,"date":"2023-12-14T06:51:14","date_gmt":"2023-12-14T09:51:14","guid":{"rendered":"http:\/\/www.24baires.com\/?p=120754"},"modified":"2023-12-14T06:51:14","modified_gmt":"2023-12-14T09:51:14","slug":"caputo-desde-que-massa-perdio-las-elecciones-los-precios-estan-aumentando-a-un-ritmo-de-1-por-dia","status":"publish","type":"post","link":"https:\/\/www.24baires.com\/?p=120754","title":{"rendered":"Caputo: \u00abdesde que Massa perdi\u00f3 las elecciones los precios est\u00e1n aumentando a un ritmo de 1% por d\u00eda\u00bb"},"content":{"rendered":"<p><img data-recalc-dims=\"1\" loading=\"lazy\" decoding=\"async\" class=\"aligncenter wp-image-120755\" src=\"https:\/\/i0.wp.com\/www.24baires.com\/wp-content\/uploads\/2023\/12\/caputoijpg.jpg?resize=720%2C463\" alt=\"\" width=\"720\" height=\"463\" srcset=\"https:\/\/i0.wp.com\/www.24baires.com\/wp-content\/uploads\/2023\/12\/caputoijpg.jpg?w=887&amp;ssl=1 887w, https:\/\/i0.wp.com\/www.24baires.com\/wp-content\/uploads\/2023\/12\/caputoijpg.jpg?resize=300%2C193&amp;ssl=1 300w, https:\/\/i0.wp.com\/www.24baires.com\/wp-content\/uploads\/2023\/12\/caputoijpg.jpg?resize=768%2C494&amp;ssl=1 768w\" sizes=\"auto, (max-width: 720px) 100vw, 720px\" \/>El Ministro de Econom\u00eda del Presidente Javier Milei adelant\u00f3 que \u00abla inflaci\u00f3n de diciembre va a ser sustancialmente m\u00e1s alta que la de noviembre\u201d, tras los anuncios de ajuste que realiz\u00f3 este martes.<!--more--><\/p>\n<p>\u201cDesde que el Gobierno (anterior) perdi\u00f3 las elecciones, los precios est\u00e1n aumentando a un ritmo de 1% por d\u00eda\u201d, sostuvo Luis Caputo en declaraciones televisivas, tras el lanzamiento de un paquete de medidas tendientes a reducir el gasto del Estado.<\/p>\n<p>Con respecto a la cifra de inflaci\u00f3n para el mes venidero, indic\u00f3: \u201cNo quiero decir un n\u00famero, porque no quiero asentar una expectativa que despu\u00e9s no puede ser. Pero la inflaci\u00f3n de diciembre va a ser sustancialmente m\u00e1s alta que en noviembre\u201d.<\/p>\n<p>El funcionario nacional, adem\u00e1s, indic\u00f3 que el \u201cPaquete de urgencia econ\u00f3mica\u201d anunciado el martes apunta a \u201ccorregir\u201d la situaci\u00f3n en la que se encuentra la Argentina. \u201cLo primero que tenemos que lograr es que la gente nos vuelva a creer a los funcionarios. Van a ser duros los pr\u00f3ximos meses\u201d, sostuvo.<\/p>\n","protected":false},"excerpt":{"rendered":"<p>El Ministro de Econom\u00eda del Presidente Javier Milei adelant\u00f3 que \u00abla inflaci\u00f3n de diciembre va a ser sustancialmente m\u00e1s alta que la de noviembre\u201d, tras los anuncios de ajuste que realiz\u00f3 este martes.<\/p>\n","protected":false},"author":8,"featured_media":0,"comment_status":"closed","ping_status":"closed","sticky":false,"template":"","format":"standard","meta":{"_jetpack_newsletter_access":"","_jetpack_dont_email_post_to_subs":false,"_jetpack_newsletter_tier_id":0,"_jetpack_memberships_contains_paywalled_content":false,"_jetpack_memberships_contains_paid_content":false,"footnotes":""},"categories":[45],"tags":[],"class_list":["post-120754","post","type-post","status-publish","format-standard","hentry","category-economia"],"jetpack_featured_media_url":"","jetpack_shortlink":"https:\/\/wp.me\/p2JWE0-vpE","jetpack-related-posts":[{"id":120750,"url":"https:\/\/www.24baires.com\/?p=120750","url_meta":{"origin":120754,"position":0},"title":"El Gobierno buscar\u00e1 cambiar la ley de movilidad jubilatoria","author":"GB","date":"13\/12\/2023","format":false,"excerpt":"El Gobierno buscar\u00e1 modificar la ley de movilidad jubilatoria, que actualmente ajusta los haberes de forma trimestral, y mientras tanto definir\u00e1 aumentos por decreto. En el marco del plan de medidas econ\u00f3micas anunciadas el martes por la tarde por el ministro de Econom\u00eda, Luis Caputo, el Gobierno de Javier Milei\u2026","rel":"","context":"En \u00abEconom\u00eda\u00bb","block_context":{"text":"Econom\u00eda","link":"https:\/\/www.24baires.com\/?cat=45"},"img":{"alt_text":"","src":"https:\/\/i0.wp.com\/www.24baires.com\/wp-content\/uploads\/2017\/12\/jubilados.jpg?resize=350%2C200","width":350,"height":200,"srcset":"https:\/\/i0.wp.com\/www.24baires.com\/wp-content\/uploads\/2017\/12\/jubilados.jpg?resize=350%2C200 1x, https:\/\/i0.wp.com\/www.24baires.com\/wp-content\/uploads\/2017\/12\/jubilados.jpg?resize=525%2C300 1.5x, https:\/\/i0.wp.com\/www.24baires.com\/wp-content\/uploads\/2017\/12\/jubilados.jpg?resize=700%2C400 2x"},"classes":[]},{"id":84167,"url":"https:\/\/www.24baires.com\/?p=84167","url_meta":{"origin":120754,"position":1},"title":"Prat Gay estim\u00f3 que la inflaci\u00f3n anual ser\u00e1 del 42%","author":"GB","date":"24\/06\/2016","format":false,"excerpt":"El ministro de Hacienda y Finanzas elev\u00f3 del 25% al 42% sus expectativas sobre la inflaci\u00f3n anual para este 2016. Adem\u00e1s se\u00f1al\u00f3 que tiene mucha confianza en que la inflaci\u00f3n bajar\u00e1 en la segunda mitad del a\u00f1o, ya que el \"el trabajo sucio est\u00e1 mayormente hecho\". Alfonso Prat Gay, ministro\u2026","rel":"","context":"En \u00abEconom\u00eda\u00bb","block_context":{"text":"Econom\u00eda","link":"https:\/\/www.24baires.com\/?cat=45"},"img":{"alt_text":"prat gay caputo","src":"https:\/\/i0.wp.com\/www.24baires.com\/wp-content\/uploads\/2016\/02\/prat-gay-caputo.jpg?resize=350%2C200","width":350,"height":200,"srcset":"https:\/\/i0.wp.com\/www.24baires.com\/wp-content\/uploads\/2016\/02\/prat-gay-caputo.jpg?resize=350%2C200 1x, https:\/\/i0.wp.com\/www.24baires.com\/wp-content\/uploads\/2016\/02\/prat-gay-caputo.jpg?resize=525%2C300 1.5x"},"classes":[]},{"id":120761,"url":"https:\/\/www.24baires.com\/?p=120761","url_meta":{"origin":120754,"position":2},"title":"Caputo anunci\u00f3 que \u00abse van a privatizar todas las empresas del Estado que se pueda\u00bb","author":"GB","date":"18\/12\/2023","format":false,"excerpt":"El ministro de Econom\u00eda dio a entender que Aerol\u00edneas Argentinas ser\u00e1 una de las empresas que buscar\u00e1n privatizar. En la previa al supuesto lanzamiento del proyecto para desregular la econom\u00eda, el ministro de Econom\u00eda, Luis Caputo, brind\u00f3 otra entrevista televisiva en la que anticip\u00f3 que el Gobierno buscar\u00e1 privatizar empresas\u2026","rel":"","context":"En \u00abEconom\u00eda\u00bb","block_context":{"text":"Econom\u00eda","link":"https:\/\/www.24baires.com\/?cat=45"},"img":{"alt_text":"","src":"https:\/\/i0.wp.com\/www.24baires.com\/wp-content\/uploads\/2017\/11\/caputo.jpg?resize=350%2C200","width":350,"height":200,"srcset":"https:\/\/i0.wp.com\/www.24baires.com\/wp-content\/uploads\/2017\/11\/caputo.jpg?resize=350%2C200 1x, https:\/\/i0.wp.com\/www.24baires.com\/wp-content\/uploads\/2017\/11\/caputo.jpg?resize=525%2C300 1.5x, https:\/\/i0.wp.com\/www.24baires.com\/wp-content\/uploads\/2017\/11\/caputo.jpg?resize=700%2C400 2x"},"classes":[]},{"id":120735,"url":"https:\/\/www.24baires.com\/?p=120735","url_meta":{"origin":120754,"position":3},"title":"Era Milei, d\u00eda 1: postergan al martes los anuncios en materia econ\u00f3mica","author":"GB","date":"11\/12\/2023","format":false,"excerpt":"Manuel Adorni estren\u00f3 su cargo como vocero presidencial con una conferencia de prensa en la que dio algunas precisiones sobre el gobierno de Javier Milei. Tras la asunci\u00f3n presidencial, Javier Milei y su equipo ya est\u00e1n en funciones. Se esperaba que a primera hora de este lunes el flamante ministro\u2026","rel":"","context":"En \u00abPol\u00edtica\u00bb","block_context":{"text":"Pol\u00edtica","link":"https:\/\/www.24baires.com\/?cat=51"},"img":{"alt_text":"","src":"https:\/\/i0.wp.com\/www.24baires.com\/wp-content\/uploads\/2023\/12\/adorni.webp?resize=350%2C200","width":350,"height":200,"srcset":"https:\/\/i0.wp.com\/www.24baires.com\/wp-content\/uploads\/2023\/12\/adorni.webp?resize=350%2C200 1x, https:\/\/i0.wp.com\/www.24baires.com\/wp-content\/uploads\/2023\/12\/adorni.webp?resize=525%2C300 1.5x, https:\/\/i0.wp.com\/www.24baires.com\/wp-content\/uploads\/2023\/12\/adorni.webp?resize=700%2C400 2x"},"classes":[]},{"id":121008,"url":"https:\/\/www.24baires.com\/?p=121008","url_meta":{"origin":120754,"position":4},"title":"Caputo anunci\u00f3 un bono de $70 mil para jubilados en marzo","author":"GB","date":"22\/02\/2024","format":false,"excerpt":"El ministro de Econom\u00eda confirm\u00f3 el ingreso extra para los pasivos, con lo que el haber m\u00ednimo llegar\u00e1 a los $205 mil el mes que viene. El ministro de Econom\u00eda, Luis Caputo, afirm\u00f3 este mi\u00e9rcoles que \"con el bono de 70.000 pesos, la jubilaci\u00f3n m\u00ednima que con el aumento del\u2026","rel":"","context":"En \u00abPol\u00edtica\u00bb","block_context":{"text":"Pol\u00edtica","link":"https:\/\/www.24baires.com\/?cat=51"},"img":{"alt_text":"","src":"https:\/\/i0.wp.com\/www.24baires.com\/wp-content\/uploads\/2024\/01\/caputo-ok.jpg?resize=350%2C200","width":350,"height":200,"srcset":"https:\/\/i0.wp.com\/www.24baires.com\/wp-content\/uploads\/2024\/01\/caputo-ok.jpg?resize=350%2C200 1x, https:\/\/i0.wp.com\/www.24baires.com\/wp-content\/uploads\/2024\/01\/caputo-ok.jpg?resize=525%2C300 1.5x, https:\/\/i0.wp.com\/www.24baires.com\/wp-content\/uploads\/2024\/01\/caputo-ok.jpg?resize=700%2C400 2x"},"classes":[]},{"id":121435,"url":"https:\/\/www.24baires.com\/?p=121435","url_meta":{"origin":120754,"position":5},"title":"La inflaci\u00f3n fue del 4,2% en mayo","author":"GB","date":"14\/06\/2024","format":false,"excerpt":"El INDEC registr\u00f3 una inflaci\u00f3n del 4,2% en mayo y volvi\u00f3 a desacelerarse aunque la racha podr\u00eda cortarse en junio debido a la suba de tarifas. El Instituto Nacional de Estad\u00edsticas y Censos (INDEC) dio a conocer la inflaci\u00f3n del mes de mayo que fue del 4,2%, una cifra que\u2026","rel":"","context":"En \u00abEconom\u00eda\u00bb","block_context":{"text":"Econom\u00eda","link":"https:\/\/www.24baires.com\/?cat=45"},"img":{"alt_text":"","src":"https:\/\/i0.wp.com\/www.24baires.com\/wp-content\/uploads\/2024\/03\/super.webp?resize=350%2C200","width":350,"height":200,"srcset":"https:\/\/i0.wp.com\/www.24baires.com\/wp-content\/uploads\/2024\/03\/super.webp?resize=350%2C200 1x, https:\/\/i0.wp.com\/www.24baires.com\/wp-content\/uploads\/2024\/03\/super.webp?resize=525%2C300 1.5x, https:\/\/i0.wp.com\/www.24baires.com\/wp-content\/uploads\/2024\/03\/super.webp?resize=700%2C400 2x"},"classes":[]}],"jetpack_sharing_enabled":true,"jetpack_likes_enabled":true,"_links":{"self":[{"href":"https:\/\/www.24baires.com\/index.php?rest_route=\/wp\/v2\/posts\/120754","targetHints":{"allow":["GET"]}}],"collection":[{"href":"https:\/\/www.24baires.com\/index.php?rest_route=\/wp\/v2\/posts"}],"about":[{"href":"https:\/\/www.24baires.com\/index.php?rest_route=\/wp\/v2\/types\/post"}],"author":[{"embeddable":true,"href":"https:\/\/www.24baires.com\/index.php?rest_route=\/wp\/v2\/users\/8"}],"replies":[{"embeddable":true,"href":"https:\/\/www.24baires.com\/index.php?rest_route=%2Fwp%2Fv2%2Fcomments&post=120754"}],"version-history":[{"count":1,"href":"https:\/\/www.24baires.com\/index.php?rest_route=\/wp\/v2\/posts\/120754\/revisions"}],"predecessor-version":[{"id":120756,"href":"https:\/\/www.24baires.com\/index.php?rest_route=\/wp\/v2\/posts\/120754\/revisions\/120756"}],"wp:attachment":[{"href":"https:\/\/www.24baires.com\/index.php?rest_route=%2Fwp%2Fv2%2Fmedia&parent=120754"}],"wp:term":[{"taxonomy":"category","embeddable":true,"href":"https:\/\/www.24baires.com\/index.php?rest_route=%2Fwp%2Fv2%2Fcategories&post=120754"},{"taxonomy":"post_tag","embeddable":true,"href":"https:\/\/www.24baires.com\/index.php?rest_route=%2Fwp%2Fv2%2Ftags&post=120754"}],"curies":[{"name":"wp","href":"https:\/\/api.w.org\/{rel}","templated":true}]}}