{"id":120752,"date":"2023-12-13T22:23:24","date_gmt":"2023-12-14T01:23:24","guid":{"rendered":"http:\/\/www.24baires.com\/?p=120752"},"modified":"2023-12-13T22:23:24","modified_gmt":"2023-12-14T01:23:24","slug":"aumento-un-37-el-precio-de-los-combustibles","status":"publish","type":"post","link":"https:\/\/www.24baires.com\/?p=120752","title":{"rendered":"Aument\u00f3 un 37% el precio de los combustibles"},"content":{"rendered":"<p><img data-recalc-dims=\"1\" loading=\"lazy\" decoding=\"async\" class=\"aligncenter wp-image-16384\" src=\"https:\/\/i0.wp.com\/www.24baires.com\/wp-content\/uploads\/2013\/02\/surtidor-nafta.jpg?resize=720%2C540\" alt=\"\" width=\"720\" height=\"540\" srcset=\"https:\/\/i0.wp.com\/www.24baires.com\/wp-content\/uploads\/2013\/02\/surtidor-nafta.jpg?w=560&amp;ssl=1 560w, https:\/\/i0.wp.com\/www.24baires.com\/wp-content\/uploads\/2013\/02\/surtidor-nafta.jpg?resize=300%2C225&amp;ssl=1 300w\" sizes=\"auto, (max-width: 720px) 100vw, 720px\" \/>Seg\u00fan fuentes del sector, el incremento responde al movimiento del tipo de cambio oficial y al proceso de recuperaci\u00f3n de precios por el atraso acumulado en lo que va del corriente a\u00f1o.<!--more--><\/p>\n<p>La petrolera Shell, la marca gerenciada por Raizen en la Argentina, aument\u00f3 hoy un 37% promedio el precio de sus combustibles, lo que anticipa un movimiento en los surtidores de todas las dem\u00e1s empresas del segmento minorista. El incremento se suma al 15% que hab\u00eda dispuesto a fines de la semana pasada.<\/p>\n<p>Como en anteriores oportunidades, el resto de las compa\u00f1\u00edas har\u00e1 lo propio en las pr\u00f3ximas horas de manera de evitar un corrimiento de demanda que signifique el quiebre de stock de sus estaciones de servicio. El incremento, que es el tercero en tres semanas, responde al movimiento del tipo de cambio oficial y al proceso de recuperaci\u00f3n de precios por el atraso acumulado en lo que va del corriente a\u00f1o. Adem\u00e1s, se produce luego de que el ministro de Econom\u00eda, Luis Caputo, convalid\u00f3 una devaluaci\u00f3n del 54% del peso. Esa depreciaci\u00f3n de la moneda nacional signific\u00f3 una suba inmediata del 118% en la cotizaci\u00f3n del d\u00f3lar oficial para comercio exterior, que pas\u00f3 de $366 a $800.<\/p>\n<p>En una reuni\u00f3n de empresarios y ejecutivos por el D\u00eda del Petr\u00f3leo, se evidenci\u00f3 una preocupaci\u00f3n palpable respecto del aumento en los costos. El aumento en los precios de los combustibles, un insumo fundamental para la mayor\u00eda de las industrias, acelerar\u00e1 el proceso inflacionario.<\/p>\n","protected":false},"excerpt":{"rendered":"<p>Seg\u00fan fuentes del sector, el incremento responde al movimiento del tipo de cambio oficial y al proceso de recuperaci\u00f3n de precios por el atraso acumulado en lo que va del corriente a\u00f1o.<\/p>\n","protected":false},"author":4,"featured_media":0,"comment_status":"closed","ping_status":"closed","sticky":false,"template":"","format":"standard","meta":{"_jetpack_newsletter_access":"","_jetpack_dont_email_post_to_subs":false,"_jetpack_newsletter_tier_id":0,"_jetpack_memberships_contains_paywalled_content":false,"_jetpack_memberships_contains_paid_content":false,"footnotes":""},"categories":[45],"tags":[],"class_list":["post-120752","post","type-post","status-publish","format-standard","hentry","category-economia"],"jetpack_featured_media_url":"","jetpack_shortlink":"https:\/\/wp.me\/p2JWE0-vpC","jetpack-related-posts":[{"id":107472,"url":"https:\/\/www.24baires.com\/?p=107472","url_meta":{"origin":120752,"position":0},"title":"Shell baja el 4,5% el valor de la nafta luego de aumentarlo el 9%","author":"AF","date":"01\/04\/2019","format":false,"excerpt":"La empresa defendi\u00f3 que el aumento inicial era el correcto, sin embargo advirti\u00f3 que resolvi\u00f3 retrotraerlo para no perder mercado frente a la competencia que subi\u00f3 sus precios en torno al 5%. La petrolera Raizen, licenciataria de la marca Shell en la Argentina, anunci\u00f3 este lunes que a partir de\u2026","rel":"","context":"En \u00abEconom\u00eda\u00bb","block_context":{"text":"Econom\u00eda","link":"https:\/\/www.24baires.com\/?cat=45"},"img":{"alt_text":"","src":"https:\/\/i0.wp.com\/www.24baires.com\/wp-content\/uploads\/2013\/02\/surtidor-nafta.jpg?resize=350%2C200","width":350,"height":200,"srcset":"https:\/\/i0.wp.com\/www.24baires.com\/wp-content\/uploads\/2013\/02\/surtidor-nafta.jpg?resize=350%2C200 1x, https:\/\/i0.wp.com\/www.24baires.com\/wp-content\/uploads\/2013\/02\/surtidor-nafta.jpg?resize=525%2C300 1.5x"},"classes":[]},{"id":101539,"url":"https:\/\/www.24baires.com\/?p=101539","url_meta":{"origin":120752,"position":1},"title":"YPF tambi\u00e9n aument\u00f3 el precio de sus combustibles","author":"GB","date":"11\/04\/2018","format":false,"excerpt":"Luego de Axion y Shell incrementaran la tarifa de las naftas en un 4,5 por ciento, la petrolera con acciones del Estado hizo lo mismo en todo el pa\u00eds. Tras los aumentos en Axion y Shell de 4,5% en promedio en el precio de sus combustibles, ahora se sum\u00f3 YPF\u2026","rel":"","context":"En \u00abConsumidores\u00bb","block_context":{"text":"Consumidores","link":"https:\/\/www.24baires.com\/?cat=78"},"img":{"alt_text":"","src":"https:\/\/i0.wp.com\/www.24baires.com\/wp-content\/uploads\/2013\/02\/surtidor-nafta.jpg?resize=350%2C200","width":350,"height":200,"srcset":"https:\/\/i0.wp.com\/www.24baires.com\/wp-content\/uploads\/2013\/02\/surtidor-nafta.jpg?resize=350%2C200 1x, https:\/\/i0.wp.com\/www.24baires.com\/wp-content\/uploads\/2013\/02\/surtidor-nafta.jpg?resize=525%2C300 1.5x"},"classes":[]},{"id":105715,"url":"https:\/\/www.24baires.com\/?p=105715","url_meta":{"origin":120752,"position":2},"title":"YPF anunci\u00f3 que baj\u00f3 hasta 1,5% sus naftas pero aument\u00f3 3,2% el gasoil","author":"GB","date":"03\/12\/2018","format":false,"excerpt":"La petrolera dio a conocer la modificaci\u00f3n de precios en sus combustibles debido a los valores del petr\u00f3leo crudo, el tipo de cambio, los biocombustibles y los impuestos internos en el \u00faltimo mes. Desde este lunes YPF bajo hasta un 1,5% sus naftas y aument\u00f3 un 3,2% el gasoil. La\u2026","rel":"","context":"En \u00abConsumidores\u00bb","block_context":{"text":"Consumidores","link":"https:\/\/www.24baires.com\/?cat=78"},"img":{"alt_text":"","src":"https:\/\/i0.wp.com\/www.24baires.com\/wp-content\/uploads\/2018\/01\/ypf.jpg?resize=350%2C200","width":350,"height":200,"srcset":"https:\/\/i0.wp.com\/www.24baires.com\/wp-content\/uploads\/2018\/01\/ypf.jpg?resize=350%2C200 1x, https:\/\/i0.wp.com\/www.24baires.com\/wp-content\/uploads\/2018\/01\/ypf.jpg?resize=525%2C300 1.5x"},"classes":[]},{"id":117110,"url":"https:\/\/www.24baires.com\/?p=117110","url_meta":{"origin":120752,"position":3},"title":"Una vez m\u00e1s aument\u00f3 el precio de los combustibles","author":"GB","date":"02\/02\/2021","format":false,"excerpt":"Se trata de un aumento del 1% para las naftas y del 1,9% para el gasoil. Por tercera vez en lo que va del 2021, las petroleras fijaron un aumento en los precios de los combustibles. La actualizaci\u00f3n fue dispuesta por el Gobierno nacional, al trasladar a los surtidores los\u2026","rel":"","context":"En \u00abConsumidores\u00bb","block_context":{"text":"Consumidores","link":"https:\/\/www.24baires.com\/?cat=78"},"img":{"alt_text":"","src":"https:\/\/i0.wp.com\/www.24baires.com\/wp-content\/uploads\/2013\/02\/surtidor-nafta.jpg?resize=350%2C200","width":350,"height":200,"srcset":"https:\/\/i0.wp.com\/www.24baires.com\/wp-content\/uploads\/2013\/02\/surtidor-nafta.jpg?resize=350%2C200 1x, https:\/\/i0.wp.com\/www.24baires.com\/wp-content\/uploads\/2013\/02\/surtidor-nafta.jpg?resize=525%2C300 1.5x"},"classes":[]},{"id":107928,"url":"https:\/\/www.24baires.com\/?p=107928","url_meta":{"origin":120752,"position":4},"title":"Axion resolvi\u00f3 bajar hasta un 2,6% el precio de sus combustibles","author":"GB","date":"02\/05\/2019","format":false,"excerpt":"La ola de incrementos en el sector de los \u00faltimos d\u00edas implic\u00f3 otro golpe al bolsillo para los trabajadores. En ese marco, Axion fue la compa\u00f1\u00eda que m\u00e1s hab\u00eda subido sus valores con respecto a otras. Por ese motivo, en las \u00faltimas horas confirm\u00f3 que reducir\u00e1 los precios en un\u2026","rel":"","context":"En \u00abEconom\u00eda\u00bb","block_context":{"text":"Econom\u00eda","link":"https:\/\/www.24baires.com\/?cat=45"},"img":{"alt_text":"","src":"https:\/\/i0.wp.com\/www.24baires.com\/wp-content\/uploads\/2019\/05\/axion.jpg?resize=350%2C200","width":350,"height":200,"srcset":"https:\/\/i0.wp.com\/www.24baires.com\/wp-content\/uploads\/2019\/05\/axion.jpg?resize=350%2C200 1x, https:\/\/i0.wp.com\/www.24baires.com\/wp-content\/uploads\/2019\/05\/axion.jpg?resize=525%2C300 1.5x"},"classes":[]},{"id":107042,"url":"https:\/\/www.24baires.com\/?p=107042","url_meta":{"origin":120752,"position":5},"title":"Volvi\u00f3 a subir el precio del combustible","author":"AF","date":"01\/03\/2019","format":false,"excerpt":"Desde fines de 2015 el aumento fue casi del 300 por ciento. El nuevo incremento impactar\u00eda en el corto plazo en los precios de la comida. No hay descanso. Otra vez las compa\u00f1\u00edas petroleras remarcan el precio de las naftas. En este caso el incremento est\u00e1 aplicado desde el minuto\u2026","rel":"","context":"En \u00abSociedad\u00bb","block_context":{"text":"Sociedad","link":"https:\/\/www.24baires.com\/?cat=1"},"img":{"alt_text":"","src":"https:\/\/i0.wp.com\/www.24baires.com\/wp-content\/uploads\/2013\/02\/surtidor-nafta.jpg?resize=350%2C200","width":350,"height":200,"srcset":"https:\/\/i0.wp.com\/www.24baires.com\/wp-content\/uploads\/2013\/02\/surtidor-nafta.jpg?resize=350%2C200 1x, https:\/\/i0.wp.com\/www.24baires.com\/wp-content\/uploads\/2013\/02\/surtidor-nafta.jpg?resize=525%2C300 1.5x"},"classes":[]}],"jetpack_sharing_enabled":true,"jetpack_likes_enabled":true,"_links":{"self":[{"href":"https:\/\/www.24baires.com\/index.php?rest_route=\/wp\/v2\/posts\/120752","targetHints":{"allow":["GET"]}}],"collection":[{"href":"https:\/\/www.24baires.com\/index.php?rest_route=\/wp\/v2\/posts"}],"about":[{"href":"https:\/\/www.24baires.com\/index.php?rest_route=\/wp\/v2\/types\/post"}],"author":[{"embeddable":true,"href":"https:\/\/www.24baires.com\/index.php?rest_route=\/wp\/v2\/users\/4"}],"replies":[{"embeddable":true,"href":"https:\/\/www.24baires.com\/index.php?rest_route=%2Fwp%2Fv2%2Fcomments&post=120752"}],"version-history":[{"count":1,"href":"https:\/\/www.24baires.com\/index.php?rest_route=\/wp\/v2\/posts\/120752\/revisions"}],"predecessor-version":[{"id":120753,"href":"https:\/\/www.24baires.com\/index.php?rest_route=\/wp\/v2\/posts\/120752\/revisions\/120753"}],"wp:attachment":[{"href":"https:\/\/www.24baires.com\/index.php?rest_route=%2Fwp%2Fv2%2Fmedia&parent=120752"}],"wp:term":[{"taxonomy":"category","embeddable":true,"href":"https:\/\/www.24baires.com\/index.php?rest_route=%2Fwp%2Fv2%2Fcategories&post=120752"},{"taxonomy":"post_tag","embeddable":true,"href":"https:\/\/www.24baires.com\/index.php?rest_route=%2Fwp%2Fv2%2Ftags&post=120752"}],"curies":[{"name":"wp","href":"https:\/\/api.w.org\/{rel}","templated":true}]}}