{"id":120750,"date":"2023-12-13T09:31:42","date_gmt":"2023-12-13T12:31:42","guid":{"rendered":"http:\/\/www.24baires.com\/?p=120750"},"modified":"2023-12-13T09:31:42","modified_gmt":"2023-12-13T12:31:42","slug":"el-gobierno-buscara-cambiar-la-ley-de-movilidad-jubilatoria","status":"publish","type":"post","link":"https:\/\/www.24baires.com\/?p=120750","title":{"rendered":"El Gobierno buscar\u00e1 cambiar la ley de movilidad jubilatoria"},"content":{"rendered":"<p><img data-recalc-dims=\"1\" loading=\"lazy\" decoding=\"async\" class=\"aligncenter wp-image-99626\" src=\"https:\/\/i0.wp.com\/www.24baires.com\/wp-content\/uploads\/2017\/12\/jubilados.jpg?resize=720%2C455\" alt=\"\" width=\"720\" height=\"455\" srcset=\"https:\/\/i0.wp.com\/www.24baires.com\/wp-content\/uploads\/2017\/12\/jubilados.jpg?w=560&amp;ssl=1 560w, https:\/\/i0.wp.com\/www.24baires.com\/wp-content\/uploads\/2017\/12\/jubilados.jpg?resize=300%2C190&amp;ssl=1 300w\" sizes=\"auto, (max-width: 720px) 100vw, 720px\" \/>El Gobierno buscar\u00e1 modificar la ley de movilidad jubilatoria, que actualmente ajusta los haberes de forma trimestral, y mientras tanto definir\u00e1 aumentos por decreto.<!--more--><\/p>\n<p>En el marco del plan de medidas econ\u00f3micas anunciadas el martes por la tarde por el ministro de Econom\u00eda, Luis Caputo, el Gobierno de Javier Milei buscar\u00e1 modificar la ley de movilidad jubilatoria, que actualmente ajusta los haberes de forma trimestral, y mientras tanto definir\u00e1 aumentos por decreto, seg\u00fan confirmaron fuentes oficiales a \u00c1mbito.<\/p>\n<p>Seg\u00fan consign\u00f3 Liliana Franco, la propuesta del ministerio de Econom\u00eda deber\u00e1 ser enviada al Congreso, ya que la f\u00f3rmula de movilidad se rige por ley. Se trata de un mecanismo por el cual los haberes se determinan por un \u00edndice que surge de sumar 50% del aumento trimestral de la recaudaci\u00f3n de la Anses por beneficiario y 50% de la variaci\u00f3n de los salarios. Para este \u00faltimo \u00edtem, se toma el mayor valor entre el Ripte (Remuneraci\u00f3n Imponible para el Trabajador Estable) y el \u00edndice general de salarios del Indec.<\/p>\n<p>para adorni, las medidas de caputo dan por tierra el deficit fiscal y anuncio un plan de reformas estructurales<br \/>\nInformate m\u00e1s<br \/>\nPara Adorni, las medidas de Caputo \u00abdan por tierra el d\u00e9ficit fiscal\u00bb y anunci\u00f3 un \u00abplan de reformas estructurales\u00bb<\/p>\n<p>El gobierno de Milei considera que esta f\u00f3rmula no es acorde para alcanzar la estabilidad de las cuentas p\u00fablicas y reducir el d\u00e9ficit fiscal, por lo que buscar\u00e1 cambiar esa ecuaci\u00f3n con una nueva forma de calcular los ajustes. Mientras tanto, los aumentos a los jubilados ser\u00e1n por decreto.<\/p>\n<p>Las jubilaciones no ser\u00e1n las \u00fanicas que tengan cambios, ya que hay prestaciones como la Asignaci\u00f3n Universal por Hijo (AUH)- que hoy se inform\u00f3 que subir\u00e1n 50%- que se ajustan por la misma f\u00f3rmula.<\/p>\n<p>El paquete de medidas anunciadas por el ministro de Econom\u00eda, Luis \u00abToto\u00bb Caputo en su mayor\u00eda no necesitan aprobaci\u00f3n parlamentaria, lo cual permite su r\u00e1pida ejecuci\u00f3n.<\/p>\n<p>Pero, uno de los ejes fundamentales para atacar la inflaci\u00f3n es desindexar a la econom\u00eda. En este sentido, el gobierno enviar\u00e1 un proyecto de ley al Congreso con dos prop\u00f3sitos: el primero evitar que las jubilaciones contin\u00faen perdiendo contra la inflaci\u00f3n y por este motivo, los aumentos ser\u00e1n dictados por el Ejecutivo. Cabe recordar que los jubilados que no recibieron bonos, la ca\u00edda de los ingresos reales fue de 20% en el a\u00f1o.<\/p>\n","protected":false},"excerpt":{"rendered":"<p>El Gobierno buscar\u00e1 modificar la ley de movilidad jubilatoria, que actualmente ajusta los haberes de forma trimestral, y mientras tanto definir\u00e1 aumentos por decreto.<\/p>\n","protected":false},"author":8,"featured_media":0,"comment_status":"closed","ping_status":"closed","sticky":false,"template":"","format":"standard","meta":{"_jetpack_newsletter_access":"","_jetpack_dont_email_post_to_subs":false,"_jetpack_newsletter_tier_id":0,"_jetpack_memberships_contains_paywalled_content":false,"_jetpack_memberships_contains_paid_content":false,"footnotes":""},"categories":[45,1],"tags":[],"class_list":["post-120750","post","type-post","status-publish","format-standard","hentry","category-economia","category-sociedad"],"jetpack_featured_media_url":"","jetpack_shortlink":"https:\/\/wp.me\/p2JWE0-vpA","jetpack-related-posts":[{"id":115248,"url":"https:\/\/www.24baires.com\/?p=115248","url_meta":{"origin":120750,"position":0},"title":"El Gobierno pidi\u00f3 extender hasta diciembre la facultad de dar aumento por decreto a jubilados","author":"GB","date":"05\/06\/2020","format":false,"excerpt":"Al mismo tiempo, los legisladores nacionales dar forma a una nueva f\u00f3rmula para los incrementos de haberes. El Poder Ejecutivo Nacional envi\u00f3 a la C\u00e1mara de Diputados de la Naci\u00f3n un proyecto de ley para prorrogar hasta diciembre la facultad de aumentar los haberes de jubilados y pensionados por decreto,\u2026","rel":"","context":"En \u00abPol\u00edtica\u00bb","block_context":{"text":"Pol\u00edtica","link":"https:\/\/www.24baires.com\/?cat=51"},"img":{"alt_text":"","src":"https:\/\/i0.wp.com\/www.24baires.com\/wp-content\/uploads\/2017\/12\/jubilados.jpg?resize=350%2C200","width":350,"height":200,"srcset":"https:\/\/i0.wp.com\/www.24baires.com\/wp-content\/uploads\/2017\/12\/jubilados.jpg?resize=350%2C200 1x, https:\/\/i0.wp.com\/www.24baires.com\/wp-content\/uploads\/2017\/12\/jubilados.jpg?resize=525%2C300 1.5x"},"classes":[]},{"id":116961,"url":"https:\/\/www.24baires.com\/?p=116961","url_meta":{"origin":120750,"position":1},"title":"Diputados transform\u00f3 en ley la nueva f\u00f3rmula de movilidad jubilatoria","author":"GB","date":"30\/12\/2020","format":false,"excerpt":"Con 132 votos a favor y 119 rechazos, se aprob\u00f3 el nuevo mecanismo para calcular los haberes previsionales. La C\u00e1mara de Diputados sancion\u00f3 la nueva f\u00f3rmula con la que se dar\u00e1 la movilidad de las jubilaciones y pensiones durante el 2021, con 132 votos a favor, en tanto que fueron\u2026","rel":"","context":"En \u00abPol\u00edtica\u00bb","block_context":{"text":"Pol\u00edtica","link":"https:\/\/www.24baires.com\/?cat=51"},"img":{"alt_text":"","src":"https:\/\/i0.wp.com\/www.24baires.com\/wp-content\/uploads\/2020\/05\/diputados-virtual.jpg?resize=350%2C200","width":350,"height":200,"srcset":"https:\/\/i0.wp.com\/www.24baires.com\/wp-content\/uploads\/2020\/05\/diputados-virtual.jpg?resize=350%2C200 1x, https:\/\/i0.wp.com\/www.24baires.com\/wp-content\/uploads\/2020\/05\/diputados-virtual.jpg?resize=525%2C300 1.5x"},"classes":[]},{"id":116726,"url":"https:\/\/www.24baires.com\/?p=116726","url_meta":{"origin":120750,"position":2},"title":"El Gobierno dar\u00e1 un aumento para todos los jubilados en diciembre","author":"GB","date":"18\/11\/2020","format":false,"excerpt":"Lo confirm\u00f3 este mi\u00e9rcoles el presidente de la Naci\u00f3n, Alberto Fern\u00e1ndez quien argument\u00f3: \"la idea es que no queden debajo de la inflaci\u00f3n\". El presidente Alberto Fern\u00e1ndez anunci\u00f3 que el Gobierno otorgar\u00e1 en diciembre un aumento para todos los jubilados. fue en declaraciones televisivas donde afirm\u00f3 que \"en diciembre habr\u00e1\u2026","rel":"","context":"En \u00abPol\u00edtica\u00bb","block_context":{"text":"Pol\u00edtica","link":"https:\/\/www.24baires.com\/?cat=51"},"img":{"alt_text":"","src":"https:\/\/i0.wp.com\/www.24baires.com\/wp-content\/uploads\/2017\/12\/jubilados.jpg?resize=350%2C200","width":350,"height":200,"srcset":"https:\/\/i0.wp.com\/www.24baires.com\/wp-content\/uploads\/2017\/12\/jubilados.jpg?resize=350%2C200 1x, https:\/\/i0.wp.com\/www.24baires.com\/wp-content\/uploads\/2017\/12\/jubilados.jpg?resize=525%2C300 1.5x"},"classes":[]},{"id":98592,"url":"https:\/\/www.24baires.com\/?p=98592","url_meta":{"origin":120750,"position":3},"title":"La reforma que propone el Gobierno disminuye el poder adquisitivo de los jubilados","author":"GB","date":"07\/11\/2017","format":false,"excerpt":"El oficialismo apunta a modificar la f\u00f3rmula de actualizaci\u00f3n de las jubilaciones para que el ajuste dependa \u00fanicamente de la inflaci\u00f3n. Los 100 mil millones de pesos por a\u00f1o que se quitar\u00edan a los adultos mayores, con la modificaci\u00f3n de la f\u00f3rmula de movilidad, apunta a aportar al pago de\u2026","rel":"","context":"En \u00abPol\u00edtica\u00bb","block_context":{"text":"Pol\u00edtica","link":"https:\/\/www.24baires.com\/?cat=51"},"img":{"alt_text":"","src":"https:\/\/i0.wp.com\/www.24baires.com\/wp-content\/uploads\/2013\/03\/jubilados.jpg?resize=350%2C200","width":350,"height":200},"classes":[]},{"id":98407,"url":"https:\/\/www.24baires.com\/?p=98407","url_meta":{"origin":120750,"position":4},"title":"Macri quiere cambiar la f\u00f3rmula para ajustar las jubilaciones","author":"GB","date":"29\/10\/2017","format":false,"excerpt":"Con el nuevo esquema de Macri, los haberes de los abuelos aumentar\u00edan en 2018 la mitad de lo previsto con el c\u00e1lculo actual. Con el nuevo esquema de Macri, los haberes de los abuelos aumentar\u00edan en 2018 la mitad de lo previsto con el c\u00e1lculo actual. A tono con el\u2026","rel":"","context":"En \u00abPol\u00edtica\u00bb","block_context":{"text":"Pol\u00edtica","link":"https:\/\/www.24baires.com\/?cat=51"},"img":{"alt_text":"","src":"https:\/\/i0.wp.com\/www.24baires.com\/wp-content\/uploads\/2016\/05\/MACRI-JUBILADO.jpg?resize=350%2C200","width":350,"height":200,"srcset":"https:\/\/i0.wp.com\/www.24baires.com\/wp-content\/uploads\/2016\/05\/MACRI-JUBILADO.jpg?resize=350%2C200 1x, https:\/\/i0.wp.com\/www.24baires.com\/wp-content\/uploads\/2016\/05\/MACRI-JUBILADO.jpg?resize=525%2C300 1.5x"},"classes":[]},{"id":103858,"url":"https:\/\/www.24baires.com\/?p=103858","url_meta":{"origin":120750,"position":5},"title":"Durante 2018 los jubilados perder\u00e1n m\u00e1s del 8% de su poder adquisitivo","author":"AF","date":"13\/08\/2018","format":false,"excerpt":"Un informe Observatorio de Pol\u00edticas P\u00fablicas de la Universidad Nacional de Avellaneda desmenuza la ca\u00eda de las jubilaciones en medio de la escalada inflacionaria. Los haberes jubilatorios sufrir\u00e1n un retroceso de hasta 8,3% en el 2018 respecto a la inflaci\u00f3n, con lo que acumulan 32 meses de ca\u00edda consecutiva, de\u2026","rel":"","context":"En \u00abSociedad\u00bb","block_context":{"text":"Sociedad","link":"https:\/\/www.24baires.com\/?cat=1"},"img":{"alt_text":"","src":"https:\/\/i0.wp.com\/www.24baires.com\/wp-content\/uploads\/2017\/12\/jubilados.jpg?resize=350%2C200","width":350,"height":200,"srcset":"https:\/\/i0.wp.com\/www.24baires.com\/wp-content\/uploads\/2017\/12\/jubilados.jpg?resize=350%2C200 1x, https:\/\/i0.wp.com\/www.24baires.com\/wp-content\/uploads\/2017\/12\/jubilados.jpg?resize=525%2C300 1.5x"},"classes":[]}],"jetpack_sharing_enabled":true,"jetpack_likes_enabled":true,"_links":{"self":[{"href":"https:\/\/www.24baires.com\/index.php?rest_route=\/wp\/v2\/posts\/120750","targetHints":{"allow":["GET"]}}],"collection":[{"href":"https:\/\/www.24baires.com\/index.php?rest_route=\/wp\/v2\/posts"}],"about":[{"href":"https:\/\/www.24baires.com\/index.php?rest_route=\/wp\/v2\/types\/post"}],"author":[{"embeddable":true,"href":"https:\/\/www.24baires.com\/index.php?rest_route=\/wp\/v2\/users\/8"}],"replies":[{"embeddable":true,"href":"https:\/\/www.24baires.com\/index.php?rest_route=%2Fwp%2Fv2%2Fcomments&post=120750"}],"version-history":[{"count":1,"href":"https:\/\/www.24baires.com\/index.php?rest_route=\/wp\/v2\/posts\/120750\/revisions"}],"predecessor-version":[{"id":120751,"href":"https:\/\/www.24baires.com\/index.php?rest_route=\/wp\/v2\/posts\/120750\/revisions\/120751"}],"wp:attachment":[{"href":"https:\/\/www.24baires.com\/index.php?rest_route=%2Fwp%2Fv2%2Fmedia&parent=120750"}],"wp:term":[{"taxonomy":"category","embeddable":true,"href":"https:\/\/www.24baires.com\/index.php?rest_route=%2Fwp%2Fv2%2Fcategories&post=120750"},{"taxonomy":"post_tag","embeddable":true,"href":"https:\/\/www.24baires.com\/index.php?rest_route=%2Fwp%2Fv2%2Ftags&post=120750"}],"curies":[{"name":"wp","href":"https:\/\/api.w.org\/{rel}","templated":true}]}}