{"id":120747,"date":"2023-12-12T20:51:00","date_gmt":"2023-12-12T23:51:00","guid":{"rendered":"http:\/\/www.24baires.com\/?p=120747"},"modified":"2023-12-12T22:53:29","modified_gmt":"2023-12-13T01:53:29","slug":"caputo-anuncio-las-medidas-del-plan-de-ajuste-de-milei","status":"publish","type":"post","link":"https:\/\/www.24baires.com\/?p=120747","title":{"rendered":"Caputo anunci\u00f3 las medidas del plan de ajuste de Milei"},"content":{"rendered":"<p><img data-recalc-dims=\"1\" loading=\"lazy\" decoding=\"async\" class=\"aligncenter wp-image-120748\" src=\"https:\/\/i0.wp.com\/www.24baires.com\/wp-content\/uploads\/2023\/12\/caputo.jpeg?resize=720%2C480\" alt=\"\" width=\"720\" height=\"480\" srcset=\"https:\/\/i0.wp.com\/www.24baires.com\/wp-content\/uploads\/2023\/12\/caputo.jpeg?w=960&amp;ssl=1 960w, https:\/\/i0.wp.com\/www.24baires.com\/wp-content\/uploads\/2023\/12\/caputo.jpeg?resize=300%2C200&amp;ssl=1 300w, https:\/\/i0.wp.com\/www.24baires.com\/wp-content\/uploads\/2023\/12\/caputo.jpeg?resize=768%2C512&amp;ssl=1 768w\" sizes=\"auto, (max-width: 720px) 100vw, 720px\" \/>El Gobierno lleva el d\u00f3lar oficial a 800 pesos, quita los subsidios a las tarifas de servicios y transporte, recorte en obras p\u00fablicas y transferencias a las provincias y retenciones a la industria. <!--more--><\/p>\n<p>En un discurso grabado, que duro 15 minutos, el ministro de Econom\u00eda, Luis \u00abToto\u00bb Caputo, present\u00f3 en sociedad el brutal programa de ajuste del gobierno de La Libertad Avanza.<\/p>\n<p>El anuncio tuvo la particularidad de que el mensaje debi\u00f3 ser regrabado. No hubo informaci\u00f3n oficial sobre el porqu\u00e9 de la regrabaci\u00f3n. Seg\u00fan trascendidos, se volvi\u00f3 a grabar porque el ministro habr\u00eda sido poco claro en su mensaje.<\/p>\n<p>La emisi\u00f3n original estaba prevista para las 17 y finalmente se concret\u00f3, tras el veto a la primera grabaci\u00f3n y su regrabaci\u00f3n, a las 19. Es decir, el mensaje se reprodujo reci\u00e9n dos horas despu\u00e9s de los previsto.<\/p>\n<p>El ministro arranc\u00f3 tranzando un escenario catastr\u00f3fico como herencia. Se detuvo en esa estrategia varios minutos, para luego lanzar -como \u00fanica alternativa ante lo planteado- el brutal paquete de ajuste. \u00abEstamos frente a la peor herencia de nuestra historia. Si seguimos como estamos, vamos en camino de una hiperinflaci\u00f3n\u00bb, asust\u00f3.<\/p>\n<p>A continuaci\u00f3n, 15 frases del ministro<\/p>\n<p>\u00abSomos adictos al d\u00e9ficit. La genesis de nuestro problema y de nuestras crisis recurrentes es el d\u00e9ficit fiscal. Esa es la raz\u00f3n por la que las crisis se repiten. Siempre hemos atacado las consecuencias, pero no el problema.<\/p>\n<p>\u00abEl d\u00e9ficit se financia con deuda y emisi\u00f3n. Nosotros venimos a hacer lo opuesto, para solucionar de ra\u00edz el problema del d\u00e9ficit fiscal, para no padecer m\u00e1s inflaci\u00f3n o pobreza. Hay que solucionar nuestra adicci\u00f3n al d\u00e9ficit fiscal.<\/p>\n<p>\u00abEn mas de 100 a\u00f1os llega al gobierno un candidato que explica esto y la gente lo vota. Estamos frente a una oportunidad hist\u00f3rica. La gente entendi\u00f3 que no hay m\u00e1s plata, que no se puede gastar m\u00e1s de lo que se recauda.<\/p>\n<p>\u00abNo se renuevan contratos laborales con menos de un a\u00f1o de vigencia en el Estado<\/p>\n<p>\u00abSe decreta la suspensi\u00f3n de la pauta (a los medios de comunicaci\u00f3n) del gobierno nacional por un a\u00f1o.<\/p>\n<p>\u00abSe reducen la cantidad de los ministerios y las secretar\u00edas. Los ministerios se reducir\u00e1n de 18 a 9. Y las secretar\u00edas pasan de 106 a 54. Esto va a redundar en una reducci\u00f3n de m\u00e1s del 50 por ciento de los cargos jer\u00e1rquicos de la pol\u00edtica y del 34 por ciento de los cargos pol\u00edticos totales del Estado Nacional.<\/p>\n<p>\u00abVamos a reducir al m\u00ednimo las transferencias discrecionales del Estado Nacional a las provincias. Esto siempre se us\u00f3 para hacer pol\u00edtica.<\/p>\n<p>\u00abEliminaci\u00f3n de las licitaciones de obra p\u00fablica y suspensi\u00f3n de la ejecuci\u00f3n de las licitadas que a\u00fan no arrancaron.<\/p>\n<p>\u00abReducci\u00f3n de subsidios a la energ\u00eda y al transporte. Hoy el Estado mantiene tarifas baj\u00edsimas a trav\u00e9s del subsidio.<\/p>\n<p>\u00abFinalizada la emergencia, vamos a avanzar en la eliminaci\u00f3n de todos los derechos de exportaci\u00f3n, que consideramos un gravamen perverso que entorpece el desarrollo argentino.<\/p>\n<p>\u00abCongelamiento de los Potenciar Trabajo en valores 2023.<\/p>\n<p>\u00abSinceramiento del tipo de cambio oficial, que pasa a valer 800 pesos; esto va a estar acompa\u00f1ado de un aumento del Impuesto PAIS a las importaciones y a las retenciones de exportaciones no agropecuarias.<\/p>\n<p>\u00abReemplazaremos el sistema SIRA de importaciones por un sistema estad\u00edstico y de informaci\u00f3n que no requerir\u00e1 de la aprobaci\u00f3n de licencias. Se termina as\u00ed la discrecionalidad y se garantiza la transparencia del proceso de aprobaci\u00f3n de las importaciones. El que quiera importar, ahora podr\u00e1 hacerlo, y punto.<\/p>\n<p>\u00abDuplicar la AUH y aumentar 50% la Tarjeta Alimentar.<\/p>\n<p>\u00abEn los pr\u00f3ximos meses, vamos a estar peor que antes en t\u00e9rminos de inflaci\u00f3n.<\/p>\n","protected":false},"excerpt":{"rendered":"<p>El Gobierno lleva el d\u00f3lar oficial a 800 pesos, quita los subsidios a las tarifas de servicios y transporte, recorte en obras p\u00fablicas y transferencias a las provincias y retenciones a la industria.<\/p>\n","protected":false},"author":4,"featured_media":0,"comment_status":"closed","ping_status":"closed","sticky":false,"template":"","format":"standard","meta":{"_jetpack_newsletter_access":"","_jetpack_dont_email_post_to_subs":false,"_jetpack_newsletter_tier_id":0,"_jetpack_memberships_contains_paywalled_content":false,"_jetpack_memberships_contains_paid_content":false,"footnotes":""},"categories":[45,51],"tags":[],"class_list":["post-120747","post","type-post","status-publish","format-standard","hentry","category-economia","category-politica"],"jetpack_featured_media_url":"","jetpack_shortlink":"https:\/\/wp.me\/p2JWE0-vpx","jetpack-related-posts":[{"id":120750,"url":"https:\/\/www.24baires.com\/?p=120750","url_meta":{"origin":120747,"position":0},"title":"El Gobierno buscar\u00e1 cambiar la ley de movilidad jubilatoria","author":"GB","date":"13\/12\/2023","format":false,"excerpt":"El Gobierno buscar\u00e1 modificar la ley de movilidad jubilatoria, que actualmente ajusta los haberes de forma trimestral, y mientras tanto definir\u00e1 aumentos por decreto. En el marco del plan de medidas econ\u00f3micas anunciadas el martes por la tarde por el ministro de Econom\u00eda, Luis Caputo, el Gobierno de Javier Milei\u2026","rel":"","context":"En \u00abEconom\u00eda\u00bb","block_context":{"text":"Econom\u00eda","link":"https:\/\/www.24baires.com\/?cat=45"},"img":{"alt_text":"","src":"https:\/\/i0.wp.com\/www.24baires.com\/wp-content\/uploads\/2017\/12\/jubilados.jpg?resize=350%2C200","width":350,"height":200,"srcset":"https:\/\/i0.wp.com\/www.24baires.com\/wp-content\/uploads\/2017\/12\/jubilados.jpg?resize=350%2C200 1x, https:\/\/i0.wp.com\/www.24baires.com\/wp-content\/uploads\/2017\/12\/jubilados.jpg?resize=525%2C300 1.5x, https:\/\/i0.wp.com\/www.24baires.com\/wp-content\/uploads\/2017\/12\/jubilados.jpg?resize=700%2C400 2x"},"classes":[]},{"id":121255,"url":"https:\/\/www.24baires.com\/?p=121255","url_meta":{"origin":120747,"position":1},"title":"Mediante un mensaje grabado, Milei celerb\u00f3 el ajuste","author":"GB","date":"23\/04\/2024","format":false,"excerpt":"Mediante una cadena nacional grabada, Javier Milei anunci\u00f3 un super\u00e1vit financiero en el primer trimestre del a\u00f1o y sac\u00f3 pecho por sus medidas y sus \"logros\". Mediante una cadena nacional, Javier Milei sac\u00f3 pecho por sus primeros meses de gesti\u00f3n, principalmente en materia econ\u00f3mica. Estuvo acompa\u00f1ado por el ministro de\u2026","rel":"","context":"En \u00abEconom\u00eda\u00bb","block_context":{"text":"Econom\u00eda","link":"https:\/\/www.24baires.com\/?cat=45"},"img":{"alt_text":"","src":"https:\/\/i0.wp.com\/www.24baires.com\/wp-content\/uploads\/2024\/04\/milei-cadena-nac.webp?resize=350%2C200","width":350,"height":200,"srcset":"https:\/\/i0.wp.com\/www.24baires.com\/wp-content\/uploads\/2024\/04\/milei-cadena-nac.webp?resize=350%2C200 1x, https:\/\/i0.wp.com\/www.24baires.com\/wp-content\/uploads\/2024\/04\/milei-cadena-nac.webp?resize=525%2C300 1.5x, https:\/\/i0.wp.com\/www.24baires.com\/wp-content\/uploads\/2024\/04\/milei-cadena-nac.webp?resize=700%2C400 2x"},"classes":[]},{"id":120761,"url":"https:\/\/www.24baires.com\/?p=120761","url_meta":{"origin":120747,"position":2},"title":"Caputo anunci\u00f3 que \u00abse van a privatizar todas las empresas del Estado que se pueda\u00bb","author":"GB","date":"18\/12\/2023","format":false,"excerpt":"El ministro de Econom\u00eda dio a entender que Aerol\u00edneas Argentinas ser\u00e1 una de las empresas que buscar\u00e1n privatizar. En la previa al supuesto lanzamiento del proyecto para desregular la econom\u00eda, el ministro de Econom\u00eda, Luis Caputo, brind\u00f3 otra entrevista televisiva en la que anticip\u00f3 que el Gobierno buscar\u00e1 privatizar empresas\u2026","rel":"","context":"En \u00abEconom\u00eda\u00bb","block_context":{"text":"Econom\u00eda","link":"https:\/\/www.24baires.com\/?cat=45"},"img":{"alt_text":"","src":"https:\/\/i0.wp.com\/www.24baires.com\/wp-content\/uploads\/2017\/11\/caputo.jpg?resize=350%2C200","width":350,"height":200,"srcset":"https:\/\/i0.wp.com\/www.24baires.com\/wp-content\/uploads\/2017\/11\/caputo.jpg?resize=350%2C200 1x, https:\/\/i0.wp.com\/www.24baires.com\/wp-content\/uploads\/2017\/11\/caputo.jpg?resize=525%2C300 1.5x, https:\/\/i0.wp.com\/www.24baires.com\/wp-content\/uploads\/2017\/11\/caputo.jpg?resize=700%2C400 2x"},"classes":[]},{"id":93996,"url":"https:\/\/www.24baires.com\/?p=93996","url_meta":{"origin":120747,"position":3},"title":"El ministro de Finanzas admiti\u00f3 que habr\u00e1 m\u00e1s ajuste despu\u00e9s de las elecciones","author":"GB","date":"21\/04\/2017","format":false,"excerpt":"A pesar de los malos resultados, el gobierno nacional no parece dar marcha atr\u00e1s y anuncia m\u00e1s recortes. Luis Caputo expres\u00f3 que si ahora \"atacamos el d\u00e9ficit, habr\u00e1 m\u00e1s piquetes y la vida ser\u00e1 imposible en Argentina\". Los Ministros de Hacienda y Finanzas, Nicol\u00e1s Dujovne y Luis Caputo, aseguraron a\u2026","rel":"","context":"En \u00abEconom\u00eda\u00bb","block_context":{"text":"Econom\u00eda","link":"https:\/\/www.24baires.com\/?cat=45"},"img":{"alt_text":"","src":"https:\/\/i0.wp.com\/www.24baires.com\/wp-content\/uploads\/2017\/04\/dujonve.jpg?resize=350%2C200","width":350,"height":200,"srcset":"https:\/\/i0.wp.com\/www.24baires.com\/wp-content\/uploads\/2017\/04\/dujonve.jpg?resize=350%2C200 1x, https:\/\/i0.wp.com\/www.24baires.com\/wp-content\/uploads\/2017\/04\/dujonve.jpg?resize=525%2C300 1.5x"},"classes":[]},{"id":120705,"url":"https:\/\/www.24baires.com\/?p=120705","url_meta":{"origin":120747,"position":4},"title":"Milei quiere liberar \u00abtodos los precios de la econom\u00eda\u00bb","author":"AF","date":"29\/11\/2023","format":false,"excerpt":"El presidente electo Javier Milei confirm\u00f3 este mi\u00e9rcoles, en la previa de la Asamblea Legislativa que proclam\u00f3 oficialmente la f\u00f3rmula que integra junto a Victoria Villarruel, que, durante su gesti\u00f3n, la Secretar\u00eda de Comercio Interior no existir\u00e1 \"en el sentido que le han dado hist\u00f3ricamente\" otros gobiernos. El organismo, que\u2026","rel":"","context":"En \u00abSociedad\u00bb","block_context":{"text":"Sociedad","link":"https:\/\/www.24baires.com\/?cat=1"},"img":{"alt_text":"","src":"https:\/\/i0.wp.com\/www.24baires.com\/wp-content\/uploads\/2023\/11\/ministerio-economia.jpeg?resize=350%2C200","width":350,"height":200,"srcset":"https:\/\/i0.wp.com\/www.24baires.com\/wp-content\/uploads\/2023\/11\/ministerio-economia.jpeg?resize=350%2C200 1x, https:\/\/i0.wp.com\/www.24baires.com\/wp-content\/uploads\/2023\/11\/ministerio-economia.jpeg?resize=525%2C300 1.5x, https:\/\/i0.wp.com\/www.24baires.com\/wp-content\/uploads\/2023\/11\/ministerio-economia.jpeg?resize=700%2C400 2x"},"classes":[]},{"id":102069,"url":"https:\/\/www.24baires.com\/?p=102069","url_meta":{"origin":120747,"position":5},"title":"Caputo anunci\u00f3 un nuevo endeudamiento: esta vez son Letes por 700 millones de d\u00f3lares","author":"GB","date":"10\/05\/2018","format":false,"excerpt":"Mientras Dujovne negocia un acuerdo con el Fondo Monetario Internacional, el ministro de Finanzas comunic\u00f3 a trav\u00e9s de una resoluci\u00f3n publicada en el Bolet\u00edn Oficial, la decisi\u00f3n de volver a emitir deuda en Letras del Tesoro. Seg\u00fan anunci\u00f3 el Ministerio de Finanzas en una resoluci\u00f3n que se public\u00f3 hoy en\u2026","rel":"","context":"En \u00abEconom\u00eda\u00bb","block_context":{"text":"Econom\u00eda","link":"https:\/\/www.24baires.com\/?cat=45"},"img":{"alt_text":"","src":"https:\/\/i0.wp.com\/www.24baires.com\/wp-content\/uploads\/2017\/01\/caputo-300x200.jpg?resize=350%2C200","width":350,"height":200},"classes":[]}],"jetpack_sharing_enabled":true,"jetpack_likes_enabled":true,"_links":{"self":[{"href":"https:\/\/www.24baires.com\/index.php?rest_route=\/wp\/v2\/posts\/120747","targetHints":{"allow":["GET"]}}],"collection":[{"href":"https:\/\/www.24baires.com\/index.php?rest_route=\/wp\/v2\/posts"}],"about":[{"href":"https:\/\/www.24baires.com\/index.php?rest_route=\/wp\/v2\/types\/post"}],"author":[{"embeddable":true,"href":"https:\/\/www.24baires.com\/index.php?rest_route=\/wp\/v2\/users\/4"}],"replies":[{"embeddable":true,"href":"https:\/\/www.24baires.com\/index.php?rest_route=%2Fwp%2Fv2%2Fcomments&post=120747"}],"version-history":[{"count":1,"href":"https:\/\/www.24baires.com\/index.php?rest_route=\/wp\/v2\/posts\/120747\/revisions"}],"predecessor-version":[{"id":120749,"href":"https:\/\/www.24baires.com\/index.php?rest_route=\/wp\/v2\/posts\/120747\/revisions\/120749"}],"wp:attachment":[{"href":"https:\/\/www.24baires.com\/index.php?rest_route=%2Fwp%2Fv2%2Fmedia&parent=120747"}],"wp:term":[{"taxonomy":"category","embeddable":true,"href":"https:\/\/www.24baires.com\/index.php?rest_route=%2Fwp%2Fv2%2Fcategories&post=120747"},{"taxonomy":"post_tag","embeddable":true,"href":"https:\/\/www.24baires.com\/index.php?rest_route=%2Fwp%2Fv2%2Ftags&post=120747"}],"curies":[{"name":"wp","href":"https:\/\/api.w.org\/{rel}","templated":true}]}}