{"id":120718,"date":"2023-12-04T09:13:50","date_gmt":"2023-12-04T12:13:50","guid":{"rendered":"http:\/\/www.24baires.com\/?p=120718"},"modified":"2023-12-04T09:13:50","modified_gmt":"2023-12-04T12:13:50","slug":"las-ventas-minoristas-volvieron-a-rectroceder-luego-del-salto-de-octubre","status":"publish","type":"post","link":"https:\/\/www.24baires.com\/?p=120718","title":{"rendered":"Las ventas minoristas volvieron a rectroceder luego del salto de octubre"},"content":{"rendered":"<p><img data-recalc-dims=\"1\" loading=\"lazy\" decoding=\"async\" class=\"aligncenter wp-image-97175\" src=\"https:\/\/i0.wp.com\/www.24baires.com\/wp-content\/uploads\/2017\/09\/disminuyen-las-ventas.jpg?resize=720%2C480\" alt=\"\" width=\"720\" height=\"480\" srcset=\"https:\/\/i0.wp.com\/www.24baires.com\/wp-content\/uploads\/2017\/09\/disminuyen-las-ventas.jpg?w=560&amp;ssl=1 560w, https:\/\/i0.wp.com\/www.24baires.com\/wp-content\/uploads\/2017\/09\/disminuyen-las-ventas.jpg?resize=300%2C200&amp;ssl=1 300w\" sizes=\"auto, (max-width: 720px) 100vw, 720px\" \/>Seg\u00fan el relevamiento de la CAME, las ventas minoristas bajaron 2,2 por ciento entre octubre y noviembre.<!--more--><\/p>\n<p>La Confederaci\u00f3n Argentina de la Mediana Empresa (CAME) public\u00f3 el informe sobre las ventas minoristas del sector pyme con datos actualizados a noviembre. El informe, hecho con informaci\u00f3n de m\u00e1s de 1.300 comercios de todo el pa\u00eds, muestra que la recuperaci\u00f3n de octubre fue ef\u00edmera. \u00bfQu\u00e9 va a pasar en los pr\u00f3ximos meses?<\/p>\n<p>Seg\u00fan el informe, la tendencia a la baja en las ventas podr\u00eda continuar si siguen registr\u00e1ndose los problemeas que hicieron que caiga el consumo en noviembre. \u00abEl clima electoral le puso extrema prudencia al consumo, pero lo que m\u00e1s incidi\u00f3 en el declive del mes fueron las fuertes subas de precios que generaron una p\u00e9rdida clara en el poder adquisitivo del ingreso familiar\u00bb, sostiene la CAME.<\/p>\n<p>A este factor le sumaron \u00ablos sobresaltos cambiarios\u00bb. Los vaivenes del d\u00f3lar \u00abno ayudaron a la din\u00e1mica de las ventas del comercio minorista, especialmente a la compra de bienes de mayor valor, porque el d\u00f3lar capt\u00f3 dinero que podr\u00eda haberse volcado a ese consumo\u00bb.<\/p>\n<p>El \u00cdndice de Ventas Minoristas elaborado por la CAME registr\u00f3 una baja interanual de 2,9% en noviembre.<br \/>\nEl \u00cdndice de Ventas Minoristas elaborado por la CAME registr\u00f3 una baja interanual de 2,9% en noviembre.<\/p>\n<p>El \u00cdndice de Ventas Minoristas Pymes de la CAME registr\u00f3 una ca\u00edda del 2,9 por ciento anual en noviembre y del 2,2% si se lo compara con octubre. En ese momento hab\u00eda dado un salto de 5 puntos cortando una racha a la baja de 6 meses consecutivos. De los siete rubros analizados, tres escaparon a la tendencia general y crecieron en la comparaci\u00f3n anual, y los cuatro restantes declinaron. Bazar, decoraci\u00f3n, textiles del hogar y muebles registr\u00f3 un crecimiento del 4,3 por ciento, mientras que Alimentos y bebidas cay\u00f3 en un 7,7% anual.<\/p>\n","protected":false},"excerpt":{"rendered":"<p>Seg\u00fan el relevamiento de la CAME, las ventas minoristas bajaron 2,2 por ciento entre octubre y noviembre.<\/p>\n","protected":false},"author":8,"featured_media":0,"comment_status":"closed","ping_status":"closed","sticky":false,"template":"","format":"standard","meta":{"_jetpack_newsletter_access":"","_jetpack_dont_email_post_to_subs":false,"_jetpack_newsletter_tier_id":0,"_jetpack_memberships_contains_paywalled_content":false,"_jetpack_memberships_contains_paid_content":false,"footnotes":""},"categories":[45],"tags":[],"class_list":["post-120718","post","type-post","status-publish","format-standard","hentry","category-economia"],"jetpack_featured_media_url":"","jetpack_shortlink":"https:\/\/wp.me\/p2JWE0-vp4","jetpack-related-posts":[{"id":113210,"url":"https:\/\/www.24baires.com\/?p=113210","url_meta":{"origin":120718,"position":0},"title":"Las ventas minoristas cayeron 7,1% interanual en noviembre","author":"GB","date":"02\/12\/2019","format":false,"excerpt":"Contin\u00faan los datos desalentadores. Un informe indic\u00f3 que las ventas acumulan en el a\u00f1o una baja de 12,3%. La Confederaci\u00f3n Argentina de la Mediana Empresa (CAME) revel\u00f3 que los n\u00fameros que alcanzaron las ventas minoristas del mes de noviembre, frente a igual mes del a\u00f1o pasado, son preocupantes, dado que\u2026","rel":"","context":"En \u00abEconom\u00eda\u00bb","block_context":{"text":"Econom\u00eda","link":"https:\/\/www.24baires.com\/?cat=45"},"img":{"alt_text":"","src":"https:\/\/i0.wp.com\/www.24baires.com\/wp-content\/uploads\/2016\/12\/supermercado.jpg?resize=350%2C200","width":350,"height":200,"srcset":"https:\/\/i0.wp.com\/www.24baires.com\/wp-content\/uploads\/2016\/12\/supermercado.jpg?resize=350%2C200 1x, https:\/\/i0.wp.com\/www.24baires.com\/wp-content\/uploads\/2016\/12\/supermercado.jpg?resize=525%2C300 1.5x"},"classes":[]},{"id":122752,"url":"https:\/\/www.24baires.com\/?p=122752","url_meta":{"origin":120718,"position":1},"title":"Las ventas minoristas PyME volvieron a caer en noviembre","author":"GB","date":"09\/12\/2025","format":false,"excerpt":"La entidad se\u00f1al\u00f3 que hubo retracci\u00f3n en seis de siete rubros. Las ventas minoristas PyMEs cayeron 4,1 por ciento en noviembre, seg\u00fan se desprende del \u00faltimo informe de la Confederaci\u00f3n Argentina de la Mediana Empresa (CAME). Las cifras, difundidas este lunes por la entidad, tambi\u00e9n informan que en la comparaci\u00f3n\u2026","rel":"","context":"En \u00abConsumidores\u00bb","block_context":{"text":"Consumidores","link":"https:\/\/www.24baires.com\/?cat=78"},"img":{"alt_text":"","src":"https:\/\/i0.wp.com\/www.24baires.com\/wp-content\/uploads\/2013\/10\/shopping.jpg?resize=350%2C200","width":350,"height":200,"srcset":"https:\/\/i0.wp.com\/www.24baires.com\/wp-content\/uploads\/2013\/10\/shopping.jpg?resize=350%2C200 1x, https:\/\/i0.wp.com\/www.24baires.com\/wp-content\/uploads\/2013\/10\/shopping.jpg?resize=525%2C300 1.5x, https:\/\/i0.wp.com\/www.24baires.com\/wp-content\/uploads\/2013\/10\/shopping.jpg?resize=700%2C400 2x"},"classes":[]},{"id":120842,"url":"https:\/\/www.24baires.com\/?p=120842","url_meta":{"origin":120718,"position":2},"title":"Las ventas minoristas cayeron tambi\u00e9n en diciembre","author":"GB","date":"08\/01\/2024","format":false,"excerpt":"Con el cambio de gobierno y a pesar de las festividades, las ventas minoristas cerraron el a\u00f1o con una ca\u00edda del 13,7% anual. Las primeras medidas econ\u00f3micas anunciadas por el Presidente de la Naci\u00f3n Argentina, Javier Milei, impactaron de lleno en las ventas minoristas y en el desarrollo del fin\u2026","rel":"","context":"En \u00abEconom\u00eda\u00bb","block_context":{"text":"Econom\u00eda","link":"https:\/\/www.24baires.com\/?cat=45"},"img":{"alt_text":"","src":"https:\/\/i0.wp.com\/www.24baires.com\/wp-content\/uploads\/2024\/01\/compras.webp?resize=350%2C200","width":350,"height":200,"srcset":"https:\/\/i0.wp.com\/www.24baires.com\/wp-content\/uploads\/2024\/01\/compras.webp?resize=350%2C200 1x, https:\/\/i0.wp.com\/www.24baires.com\/wp-content\/uploads\/2024\/01\/compras.webp?resize=525%2C300 1.5x, https:\/\/i0.wp.com\/www.24baires.com\/wp-content\/uploads\/2024\/01\/compras.webp?resize=700%2C400 2x"},"classes":[]},{"id":104560,"url":"https:\/\/www.24baires.com\/?p=104560","url_meta":{"origin":120718,"position":3},"title":"Durante agosto volvi\u00f3 a caer el consumo minorista","author":"AF","date":"19\/09\/2018","format":false,"excerpt":"El Indicador Mensual de Consumo (IMC), elaborado por la Fundaci\u00f3n Germ\u00e1n Abdala, se\u00f1ala adem\u00e1s que \u201cel consumo parece no encontrar piso\", afectado por la inflaci\u00f3n, que en agosto alcanz\u00f3 el 3,9 por ciento y que el propio Banco Central pronostica alrededor del 42 por ciento en todo el a\u00f1o. El\u2026","rel":"","context":"En \u00abSociedad\u00bb","block_context":{"text":"Sociedad","link":"https:\/\/www.24baires.com\/?cat=1"},"img":{"alt_text":"","src":"https:\/\/i0.wp.com\/www.24baires.com\/wp-content\/uploads\/2018\/08\/supermercado.jpg?resize=350%2C200","width":350,"height":200,"srcset":"https:\/\/i0.wp.com\/www.24baires.com\/wp-content\/uploads\/2018\/08\/supermercado.jpg?resize=350%2C200 1x, https:\/\/i0.wp.com\/www.24baires.com\/wp-content\/uploads\/2018\/08\/supermercado.jpg?resize=525%2C300 1.5x"},"classes":[]},{"id":111466,"url":"https:\/\/www.24baires.com\/?p=111466","url_meta":{"origin":120718,"position":4},"title":"Las ventas de comercios minoristas cayeron 7,5% interanual en julio","author":"AF","date":"05\/08\/2019","format":false,"excerpt":"As\u00ed lo inform\u00f3 la Confederaci\u00f3n Argentina de la Mediana Empresa (CAME). La disminuci\u00f3n en las ventas interanuales alcanz\u00f3 al 66,4% de los comercios consultados. Las ventas de comercios minoristas cayeron 7,5% interanual en julio, pero \"mejoraron\" con relaci\u00f3n a junio, inform\u00f3 la Confederaci\u00f3n Argentina de la Mediana Empresa (CAME). La\u2026","rel":"","context":"En \u00abEconom\u00eda\u00bb","block_context":{"text":"Econom\u00eda","link":"https:\/\/www.24baires.com\/?cat=45"},"img":{"alt_text":"","src":"https:\/\/i0.wp.com\/www.24baires.com\/wp-content\/uploads\/2018\/12\/comercio.jpg?resize=350%2C200","width":350,"height":200,"srcset":"https:\/\/i0.wp.com\/www.24baires.com\/wp-content\/uploads\/2018\/12\/comercio.jpg?resize=350%2C200 1x, https:\/\/i0.wp.com\/www.24baires.com\/wp-content\/uploads\/2018\/12\/comercio.jpg?resize=525%2C300 1.5x"},"classes":[]},{"id":106208,"url":"https:\/\/www.24baires.com\/?p=106208","url_meta":{"origin":120718,"position":5},"title":"Cayeron el consumo y las exportaciones de ropa","author":"AF","date":"04\/01\/2019","format":false,"excerpt":"De acuerdo con la c\u00e1mara del sector en 2018 se habr\u00e1 exportado cinco veces menos de indumentaria que en 2012 y en comparaci\u00f3n con el a\u00f1o pasado un 35 por ciento menos. El consumo interno tambi\u00e9n se vio afectado por la crisis y en diciembre disminuy\u00f3 un 11 por ciento.\u2026","rel":"","context":"En \u00abSociedad\u00bb","block_context":{"text":"Sociedad","link":"https:\/\/www.24baires.com\/?cat=1"},"img":{"alt_text":"","src":"https:\/\/i0.wp.com\/www.24baires.com\/wp-content\/uploads\/2013\/05\/ropa.jpg?resize=350%2C200","width":350,"height":200,"srcset":"https:\/\/i0.wp.com\/www.24baires.com\/wp-content\/uploads\/2013\/05\/ropa.jpg?resize=350%2C200 1x, https:\/\/i0.wp.com\/www.24baires.com\/wp-content\/uploads\/2013\/05\/ropa.jpg?resize=525%2C300 1.5x"},"classes":[]}],"jetpack_sharing_enabled":true,"jetpack_likes_enabled":true,"_links":{"self":[{"href":"https:\/\/www.24baires.com\/index.php?rest_route=\/wp\/v2\/posts\/120718","targetHints":{"allow":["GET"]}}],"collection":[{"href":"https:\/\/www.24baires.com\/index.php?rest_route=\/wp\/v2\/posts"}],"about":[{"href":"https:\/\/www.24baires.com\/index.php?rest_route=\/wp\/v2\/types\/post"}],"author":[{"embeddable":true,"href":"https:\/\/www.24baires.com\/index.php?rest_route=\/wp\/v2\/users\/8"}],"replies":[{"embeddable":true,"href":"https:\/\/www.24baires.com\/index.php?rest_route=%2Fwp%2Fv2%2Fcomments&post=120718"}],"version-history":[{"count":1,"href":"https:\/\/www.24baires.com\/index.php?rest_route=\/wp\/v2\/posts\/120718\/revisions"}],"predecessor-version":[{"id":120719,"href":"https:\/\/www.24baires.com\/index.php?rest_route=\/wp\/v2\/posts\/120718\/revisions\/120719"}],"wp:attachment":[{"href":"https:\/\/www.24baires.com\/index.php?rest_route=%2Fwp%2Fv2%2Fmedia&parent=120718"}],"wp:term":[{"taxonomy":"category","embeddable":true,"href":"https:\/\/www.24baires.com\/index.php?rest_route=%2Fwp%2Fv2%2Fcategories&post=120718"},{"taxonomy":"post_tag","embeddable":true,"href":"https:\/\/www.24baires.com\/index.php?rest_route=%2Fwp%2Fv2%2Ftags&post=120718"}],"curies":[{"name":"wp","href":"https:\/\/api.w.org\/{rel}","templated":true}]}}