{"id":120687,"date":"2023-11-23T09:54:58","date_gmt":"2023-11-23T12:54:58","guid":{"rendered":"http:\/\/www.24baires.com\/?p=120687"},"modified":"2023-11-23T09:54:58","modified_gmt":"2023-11-23T12:54:58","slug":"el-presidente-electo-aseguro-eliminacion-de-ganancias-y-la-reduccion-del-iva","status":"publish","type":"post","link":"https:\/\/www.24baires.com\/?p=120687","title":{"rendered":"El presidente electo asegur\u00f3 eliminaci\u00f3n de Ganancias y la reducci\u00f3n del IVA"},"content":{"rendered":"<p><img data-recalc-dims=\"1\" loading=\"lazy\" decoding=\"async\" class=\"aligncenter wp-image-120688\" src=\"https:\/\/i0.wp.com\/www.24baires.com\/wp-content\/uploads\/2023\/11\/milei.jpg?resize=720%2C404\" alt=\"\" width=\"720\" height=\"404\" srcset=\"https:\/\/i0.wp.com\/www.24baires.com\/wp-content\/uploads\/2023\/11\/milei.jpg?w=800&amp;ssl=1 800w, https:\/\/i0.wp.com\/www.24baires.com\/wp-content\/uploads\/2023\/11\/milei.jpg?resize=300%2C168&amp;ssl=1 300w, https:\/\/i0.wp.com\/www.24baires.com\/wp-content\/uploads\/2023\/11\/milei.jpg?resize=768%2C431&amp;ssl=1 768w\" sizes=\"auto, (max-width: 720px) 100vw, 720px\" \/>El presidente electo, Javier Milei, afirm\u00f3 que mantendr\u00e1 durante su gobierno la eliminaci\u00f3n del Impuesto a las Ganancias para la cuarta categor\u00eda y la reducci\u00f3n del IVA. Adem\u00e1s habl\u00f3 de su futuro Ministro de Econom\u00eda.<!--more--><\/p>\n<p>Tras los recientes anuncios de Javier Milei, presidente electo, sobre las privatizaciones de empresas del Estado, este mi\u00e9rcoles anunci\u00f3 que la eliminaci\u00f3n del Impuesto a las Ganancias para la cuarta categor\u00eda y la reducci\u00f3n del IVA, medidas impulsadas por el ministro de Econom\u00eda Sergio Massa, se mantendr\u00e1n durante su gobierno y ratific\u00f3 que el ajuste lo va a hacer el Estado y no el sector privado.<\/p>\n<p>Cabe mencionar que en el mes de septiembre, el ministro de Econom\u00eda impuls\u00f3 el proyecto para modificar la ley del Impuesto a las Ganancias, que consisti\u00f3, entre otras cuestiones, en eliminar la cuarta categor\u00eda del impuesto, con lo cual eximi\u00f3 del pago del Impuesto a las Ganancias a unos 700.000 empleados en relaci\u00f3n de dependencia.<\/p>\n<p>Antes de aprobarse en el Senado, este proyecto fue aprobado por 135 a 103 en Diputados y cont\u00f3, entre otros, con el apoyo del propio Javier Milei y su compa\u00f1era de f\u00f3rmula presidencial, Victoria Villarruel.<\/p>\n<p>\u00abLas bajas de impuestos siempre favorecen a la gente. As\u00ed que lo que hay que hacer es bajar el gasto p\u00fablico. Esas dos reducciones de impuestos se mantienen, por eso lo que vamos a hacer es bajar m\u00e1s el gasto p\u00fablico en otro lado\u00bb, explic\u00f3 el libertario.<\/p>\n<p>A su vez, Milei asegur\u00f3 que \u201cel ajuste va a venir de todas maneras. Entonces, la pregunta es, \u00bfqui\u00e9n hace el ajuste? Hist\u00f3ricamente, la pol\u00edtica hizo que el ajuste lo pague el sector privado. Bueno, esta vez el ajuste lo va a tener que pagar la pol\u00edtica. Va a recaer sobre el Estado, no sobre el sector privado\u201d.<\/p>\n<p>Consultado sobre la unificaci\u00f3n cambiaria explic\u00f3 que \u201cel problema es que para abrir el cepo se tiene que tener resuelto el problema de las Leliqs\u201d. Y, tal como hab\u00eda anunciado ni bien gan\u00f3 el balotaje, adelant\u00f3 que \u201cuna vez que se resuelve el problema de las Leliqs, se levantar\u00e1 el cepo y el d\u00f3lar ser\u00e1 el que el mercado determine\u201d.<\/p>\n<p>Por otro lado, respecto a una de las dudas sobre su futuro gabinete, m\u00e1s precisamente sobre su Ministro de Econom\u00eda, Milei dijo que el ex ministro de Finanzas y ex presidente del Banco Central durante el macrismo Luis Caputo \u00abest\u00e1 en condiciones\u00bb de ser titular de la cartera de Econom\u00eda durante su gobierno porque \u00abtiene la expertise necesaria\u00bb, aunque advirti\u00f3: \u00abYo soy el que imprime la visi\u00f3n\u00bb.<\/p>\n<p>El dirigente libertario indic\u00f3 que el titular del Palacio de Hacienda ser\u00e1 anunciado \u00abcuando lo tenga que anunciar, el 10 de diciembre lo van a conocer, cuando le est\u00e9 tomando juramento\u00bb, aunque admiti\u00f3 que el nombre \u00abno hace la diferencia porque la visi\u00f3n econ\u00f3mica la bajo yo\u00bb.<\/p>\n","protected":false},"excerpt":{"rendered":"<p>El presidente electo, Javier Milei, afirm\u00f3 que mantendr\u00e1 durante su gobierno la eliminaci\u00f3n del Impuesto a las Ganancias para la cuarta categor\u00eda y la reducci\u00f3n del IVA. Adem\u00e1s habl\u00f3 de su futuro Ministro de Econom\u00eda.<\/p>\n","protected":false},"author":8,"featured_media":0,"comment_status":"closed","ping_status":"closed","sticky":false,"template":"","format":"standard","meta":{"_jetpack_newsletter_access":"","_jetpack_dont_email_post_to_subs":false,"_jetpack_newsletter_tier_id":0,"_jetpack_memberships_contains_paywalled_content":false,"_jetpack_memberships_contains_paid_content":false,"footnotes":""},"categories":[78],"tags":[],"class_list":["post-120687","post","type-post","status-publish","format-standard","hentry","category-consumidores"],"jetpack_featured_media_url":"","jetpack_shortlink":"https:\/\/wp.me\/p2JWE0-voz","jetpack-related-posts":[{"id":120702,"url":"https:\/\/www.24baires.com\/?p=120702","url_meta":{"origin":120687,"position":0},"title":"Massa garantiz\u00f3 los fondos a las provincias para el pago de sueldos y aguinaldos","author":"AF","date":"29\/11\/2023","format":false,"excerpt":"La cita fue la continuidad de la convocatoria que el funcionario hiciera el martes con mandatarios de Uni\u00f3n por la Patria. El ministro se comprometi\u00f3 con la asistencia de las arcas nacionales para hacer frente a esos compromisos. El ministro de Econom\u00eda, Sergio Massa, afirm\u00f3 que est\u00e1n garantizados los fondos\u2026","rel":"","context":"En \u00abPol\u00edtica\u00bb","block_context":{"text":"Pol\u00edtica","link":"https:\/\/www.24baires.com\/?cat=51"},"img":{"alt_text":"","src":"https:\/\/i0.wp.com\/www.24baires.com\/wp-content\/uploads\/2023\/11\/a.jpg?resize=350%2C200","width":350,"height":200,"srcset":"https:\/\/i0.wp.com\/www.24baires.com\/wp-content\/uploads\/2023\/11\/a.jpg?resize=350%2C200 1x, https:\/\/i0.wp.com\/www.24baires.com\/wp-content\/uploads\/2023\/11\/a.jpg?resize=525%2C300 1.5x, https:\/\/i0.wp.com\/www.24baires.com\/wp-content\/uploads\/2023\/11\/a.jpg?resize=700%2C400 2x"},"classes":[]},{"id":120519,"url":"https:\/\/www.24baires.com\/?p=120519","url_meta":{"origin":120687,"position":1},"title":"Massa celebr\u00f3 ley que modifica ganancias y pidi\u00f3 apoyo para la de devoluci\u00f3n del IVA","author":"AF","date":"29\/09\/2023","format":false,"excerpt":"El ministro de Econom\u00eda y candidato presidencial de Uni\u00f3n por la Patria (UxP), Sergio Massa, consider\u00f3 hoy como \"un paso fundamental\" contra \"la injusticia\" la eliminaci\u00f3n de la cuarta categor\u00eda del impuesto a las Ganancias, al destacar la sanci\u00f3n de la ley que elimin\u00f3 ese gravamen, y pidi\u00f3 \"apoyo\" para\u2026","rel":"","context":"En \u00abPol\u00edtica\u00bb","block_context":{"text":"Pol\u00edtica","link":"https:\/\/www.24baires.com\/?cat=51"},"img":{"alt_text":"","src":"https:\/\/i0.wp.com\/www.24baires.com\/wp-content\/uploads\/2023\/09\/massa.jpg?resize=350%2C200","width":350,"height":200,"srcset":"https:\/\/i0.wp.com\/www.24baires.com\/wp-content\/uploads\/2023\/09\/massa.jpg?resize=350%2C200 1x, https:\/\/i0.wp.com\/www.24baires.com\/wp-content\/uploads\/2023\/09\/massa.jpg?resize=525%2C300 1.5x, https:\/\/i0.wp.com\/www.24baires.com\/wp-content\/uploads\/2023\/09\/massa.jpg?resize=700%2C400 2x"},"classes":[]},{"id":91291,"url":"https:\/\/www.24baires.com\/?p=91291","url_meta":{"origin":120687,"position":2},"title":"La recaudaci\u00f3n tributaria de 2016 creci\u00f3 34,6%","author":"AF","date":"03\/01\/2017","format":false,"excerpt":"Super\u00f3 los 2,07 billones de pesos, alentado por el ingreso extraordinario de fondos provenientes por el pago de penalidades del blanqueo de capitales, que compens\u00f3 la baja registrada en el Impuesto a las Ganancias, por devoluci\u00f3n del IVA y la eliminaci\u00f3n de las retenciones a las exportaciones de ma\u00edz y\u2026","rel":"","context":"En \u00abEconom\u00eda\u00bb","block_context":{"text":"Econom\u00eda","link":"https:\/\/www.24baires.com\/?cat=45"},"img":{"alt_text":"","src":"https:\/\/i0.wp.com\/www.24baires.com\/wp-content\/uploads\/2017\/01\/586ae301dba7f_645x362.jpg?resize=350%2C200","width":350,"height":200,"srcset":"https:\/\/i0.wp.com\/www.24baires.com\/wp-content\/uploads\/2017\/01\/586ae301dba7f_645x362.jpg?resize=350%2C200 1x, https:\/\/i0.wp.com\/www.24baires.com\/wp-content\/uploads\/2017\/01\/586ae301dba7f_645x362.jpg?resize=525%2C300 1.5x"},"classes":[]},{"id":120484,"url":"https:\/\/www.24baires.com\/?p=120484","url_meta":{"origin":120687,"position":3},"title":"Ganancias: el oficialismo consigui\u00f3 dictamen de mayor\u00eda","author":"AF","date":"18\/09\/2023","format":false,"excerpt":"El proyecto del Gobierno impulsado por Sergio Massa logr\u00f3 el apoyo de sectores de la oposici\u00f3n. El oficialismo lo tratar\u00e1 este martes en el recinto. Con el apoyo de sectores de la oposici\u00f3n, el oficialismo logr\u00f3 emitir un dictamen de mayor\u00eda en la Comisi\u00f3n de Presupuesto sobre el proyecto de\u2026","rel":"","context":"En \u00abEconom\u00eda\u00bb","block_context":{"text":"Econom\u00eda","link":"https:\/\/www.24baires.com\/?cat=45"},"img":{"alt_text":"","src":"https:\/\/i0.wp.com\/www.24baires.com\/wp-content\/uploads\/2023\/09\/WhatsApp-Image-2023-09-18-at-22.39.55.jpeg?resize=350%2C200","width":350,"height":200,"srcset":"https:\/\/i0.wp.com\/www.24baires.com\/wp-content\/uploads\/2023\/09\/WhatsApp-Image-2023-09-18-at-22.39.55.jpeg?resize=350%2C200 1x, https:\/\/i0.wp.com\/www.24baires.com\/wp-content\/uploads\/2023\/09\/WhatsApp-Image-2023-09-18-at-22.39.55.jpeg?resize=525%2C300 1.5x, https:\/\/i0.wp.com\/www.24baires.com\/wp-content\/uploads\/2023\/09\/WhatsApp-Image-2023-09-18-at-22.39.55.jpeg?resize=700%2C400 2x"},"classes":[]},{"id":120895,"url":"https:\/\/www.24baires.com\/?p=120895","url_meta":{"origin":120687,"position":4},"title":"Massa critic\u00f3 la vuelta del Impuesto a las Ganancias: \u00abRarezas de la libertad\u00bb","author":"AF","date":"23\/01\/2024","format":false,"excerpt":"Sergio Massa, exministro de Econom\u00eda y excandidato presidencial de Uni\u00f3n por la Patria, critic\u00f3 este martes la pol\u00edtica impositiva del Gobierno de Javier Milei, que beneficia a los evasores y perjudica a los trabajadores, luego de que se conociera que el Ejecutivo mandar\u00e1 al Congreso un proyecto de ley para\u2026","rel":"","context":"En \u00abPol\u00edtica\u00bb","block_context":{"text":"Pol\u00edtica","link":"https:\/\/www.24baires.com\/?cat=51"},"img":{"alt_text":"","src":"https:\/\/i0.wp.com\/www.24baires.com\/wp-content\/uploads\/2023\/07\/massa.jpg?resize=350%2C200","width":350,"height":200,"srcset":"https:\/\/i0.wp.com\/www.24baires.com\/wp-content\/uploads\/2023\/07\/massa.jpg?resize=350%2C200 1x, https:\/\/i0.wp.com\/www.24baires.com\/wp-content\/uploads\/2023\/07\/massa.jpg?resize=525%2C300 1.5x, https:\/\/i0.wp.com\/www.24baires.com\/wp-content\/uploads\/2023\/07\/massa.jpg?resize=700%2C400 2x"},"classes":[]},{"id":65335,"url":"https:\/\/www.24baires.com\/?p=65335","url_meta":{"origin":120687,"position":5},"title":"Kicillof: \u00abSolamente el 10% que m\u00e1s gana paga Ganancias\u00bb","author":"AF","date":"05\/05\/2015","format":false,"excerpt":"El ministro de Econom\u00eda asegur\u00f3 que la modificaci\u00f3n que\u00a0se anunci\u00f3 ayer tiene un costo fiscal elevado\". La reforma implica una reducci\u00f3n en la escala del Impuesto a las Ganancias, lo que representar\u00e1 una mejora en el salario de bolsillo que rondar\u00e1 el 6 por ciento. El ministro de Econom\u00eda y\u2026","rel":"","context":"En \u00abEconom\u00eda\u00bb","block_context":{"text":"Econom\u00eda","link":"https:\/\/www.24baires.com\/?cat=45"},"img":{"alt_text":"","src":"","width":0,"height":0},"classes":[]}],"jetpack_sharing_enabled":true,"jetpack_likes_enabled":true,"_links":{"self":[{"href":"https:\/\/www.24baires.com\/index.php?rest_route=\/wp\/v2\/posts\/120687","targetHints":{"allow":["GET"]}}],"collection":[{"href":"https:\/\/www.24baires.com\/index.php?rest_route=\/wp\/v2\/posts"}],"about":[{"href":"https:\/\/www.24baires.com\/index.php?rest_route=\/wp\/v2\/types\/post"}],"author":[{"embeddable":true,"href":"https:\/\/www.24baires.com\/index.php?rest_route=\/wp\/v2\/users\/8"}],"replies":[{"embeddable":true,"href":"https:\/\/www.24baires.com\/index.php?rest_route=%2Fwp%2Fv2%2Fcomments&post=120687"}],"version-history":[{"count":1,"href":"https:\/\/www.24baires.com\/index.php?rest_route=\/wp\/v2\/posts\/120687\/revisions"}],"predecessor-version":[{"id":120689,"href":"https:\/\/www.24baires.com\/index.php?rest_route=\/wp\/v2\/posts\/120687\/revisions\/120689"}],"wp:attachment":[{"href":"https:\/\/www.24baires.com\/index.php?rest_route=%2Fwp%2Fv2%2Fmedia&parent=120687"}],"wp:term":[{"taxonomy":"category","embeddable":true,"href":"https:\/\/www.24baires.com\/index.php?rest_route=%2Fwp%2Fv2%2Fcategories&post=120687"},{"taxonomy":"post_tag","embeddable":true,"href":"https:\/\/www.24baires.com\/index.php?rest_route=%2Fwp%2Fv2%2Ftags&post=120687"}],"curies":[{"name":"wp","href":"https:\/\/api.w.org\/{rel}","templated":true}]}}