{"id":120682,"date":"2023-11-22T08:11:12","date_gmt":"2023-11-22T11:11:12","guid":{"rendered":"http:\/\/www.24baires.com\/?p=120682"},"modified":"2023-11-22T08:11:12","modified_gmt":"2023-11-22T11:11:12","slug":"el-gobierno-logro-contener-los-aumentos-en-los-supermercados","status":"publish","type":"post","link":"https:\/\/www.24baires.com\/?p=120682","title":{"rendered":"El Gobierno logr\u00f3 contener los aumentos en los supermercados"},"content":{"rendered":"<p><img data-recalc-dims=\"1\" loading=\"lazy\" decoding=\"async\" class=\"aligncenter wp-image-119588\" src=\"https:\/\/i0.wp.com\/www.24baires.com\/wp-content\/uploads\/2022\/11\/sergio-massa-precios-justosjpg.jpg?resize=720%2C404\" alt=\"\" width=\"720\" height=\"404\" srcset=\"https:\/\/i0.wp.com\/www.24baires.com\/wp-content\/uploads\/2022\/11\/sergio-massa-precios-justosjpg.jpg?w=887&amp;ssl=1 887w, https:\/\/i0.wp.com\/www.24baires.com\/wp-content\/uploads\/2022\/11\/sergio-massa-precios-justosjpg.jpg?resize=300%2C168&amp;ssl=1 300w, https:\/\/i0.wp.com\/www.24baires.com\/wp-content\/uploads\/2022\/11\/sergio-massa-precios-justosjpg.jpg?resize=768%2C431&amp;ssl=1 768w\" sizes=\"auto, (max-width: 720px) 100vw, 720px\" \/>Luego de la negociaci\u00f3n entre la Secretar\u00eda de Comercio y las empresas, el Gobierno acord\u00f3 aumentos de hasta el 12% para noviembre y del 5% en diciembre.<!--more--><\/p>\n<p>Tras el aumento de precios de este martes, la Secretar\u00eda de Comercio de la Naci\u00f3n acord\u00f3 con supermercados y empresas de consumo masivo una suba de hasta 12% en los productos incluidos en el programa Precios Justos para esta semana y un 8% m\u00e1s en diciembre. Adem\u00e1s, inform\u00f3 que implementar\u00e1 una canasta popular de bienes b\u00e1sicos con un incremento del 5%, pero todav\u00eda defini\u00f3 los art\u00edculos que ser\u00e1n categorizados.<\/p>\n<p>El encuentro entre el Estado y los privados tuvo como fin garantizar el abastecimiento y evitar abusos en los precios en el marco de la transici\u00f3n de gobierno, sobre todo tras el alza del 50% registrada esta ma\u00f1ana. De esta forma, se espera un retroceso en las listas entregadas.<\/p>\n<p>Al respecto, desde la Secretar\u00eda expresaron: \u00abEstamos en una transici\u00f3n y los acuerdos son voluntarios hasta el 30 de noviembre y por eso las empresas tienen sus beneficios\u00bb.<\/p>\n<p>Y agregaron: \u00abEstamos protegiendo el bolsillo de la gente para llevar la transici\u00f3n de una manera ordenada\u00bb.<\/p>\n<p>Cabe recordar que el pasado 26 de octubre, el Gobierno prorrog\u00f3 hasta fin de a\u00f1o los beneficios fiscales para las empresas que forman parte de acuerdos de precios, a trav\u00e9s del decreto 551\/2023. Estas exenciones en favor de los privados implicaron la extensi\u00f3n de la suspensi\u00f3n el pago de impuestos para la compra de divisas en moneda extranjera para la importaci\u00f3n y la reducci\u00f3n a 0% de la al\u00edcuota de retenciones para mercader\u00edas comprendidas en una serie de posiciones arancelarias del Mercosur.<\/p>\n<p>Asimismo, para noviembre, el Gobierno acord\u00f3 con la mayor\u00eda de las empresas para extender el programa Precios Justos, que mantiene virtualmente congelados a 52.300 productos de consumo masivo, con subas de 5% mensual.<\/p>\n","protected":false},"excerpt":{"rendered":"<p>Luego de la negociaci\u00f3n entre la Secretar\u00eda de Comercio y las empresas, el Gobierno acord\u00f3 aumentos de hasta el 12% para noviembre y del 5% en diciembre.<\/p>\n","protected":false},"author":8,"featured_media":0,"comment_status":"closed","ping_status":"closed","sticky":false,"template":"","format":"standard","meta":{"_jetpack_newsletter_access":"","_jetpack_dont_email_post_to_subs":false,"_jetpack_newsletter_tier_id":0,"_jetpack_memberships_contains_paywalled_content":false,"_jetpack_memberships_contains_paid_content":false,"footnotes":""},"categories":[78],"tags":[],"class_list":["post-120682","post","type-post","status-publish","format-standard","hentry","category-consumidores"],"jetpack_featured_media_url":"","jetpack_shortlink":"https:\/\/wp.me\/p2JWE0-vou","jetpack-related-posts":[{"id":120125,"url":"https:\/\/www.24baires.com\/?p=120125","url_meta":{"origin":120682,"position":0},"title":"Suspenden al supermercado D\u00eda por incumplir con Precios Justos","author":"AF","date":"24\/05\/2023","format":false,"excerpt":"La decisi\u00f3n oficial se tom\u00f3 tras la realizaci\u00f3n de operativos de control en m\u00e1s de 120 sucursales, en los que se comprobaron aumentos del orden del 8,33% promedio en los productos que forman parte del programa, 3,33 puntos por encima del 5% acordado. La Secretar\u00eda de Comercio suspendi\u00f3 a la\u2026","rel":"","context":"En \u00abSociedad\u00bb","block_context":{"text":"Sociedad","link":"https:\/\/www.24baires.com\/?cat=1"},"img":{"alt_text":"","src":"https:\/\/i0.wp.com\/www.24baires.com\/wp-content\/uploads\/2023\/05\/afip.jpg?resize=350%2C200","width":350,"height":200,"srcset":"https:\/\/i0.wp.com\/www.24baires.com\/wp-content\/uploads\/2023\/05\/afip.jpg?resize=350%2C200 1x, https:\/\/i0.wp.com\/www.24baires.com\/wp-content\/uploads\/2023\/05\/afip.jpg?resize=525%2C300 1.5x, https:\/\/i0.wp.com\/www.24baires.com\/wp-content\/uploads\/2023\/05\/afip.jpg?resize=700%2C400 2x"},"classes":[]},{"id":119213,"url":"https:\/\/www.24baires.com\/?p=119213","url_meta":{"origin":120682,"position":1},"title":"Extienden hasta septiembre el programa \u00abCortes Cuidados\u00bb","author":"AF","date":"12\/08\/2022","format":false,"excerpt":"\"Buscamos recuperar el orden en los precios de la mesa de los argentinos. Gracias al compromiso y al trabajo conjunto del Gobierno nacional, la industria y los supermercados alcanzamos este acuerdo\", resalt\u00f3 el secretario de Comercio, Mat\u00edas Tombolini. La Secretar\u00eda de Comercio y las empresas frigor\u00edficas y supermercados acordaron este\u2026","rel":"","context":"En \u00abSociedad\u00bb","block_context":{"text":"Sociedad","link":"https:\/\/www.24baires.com\/?cat=1"},"img":{"alt_text":"","src":"https:\/\/i0.wp.com\/www.24baires.com\/wp-content\/uploads\/2022\/08\/cortes-cuidados.jpeg?resize=350%2C200","width":350,"height":200,"srcset":"https:\/\/i0.wp.com\/www.24baires.com\/wp-content\/uploads\/2022\/08\/cortes-cuidados.jpeg?resize=350%2C200 1x, https:\/\/i0.wp.com\/www.24baires.com\/wp-content\/uploads\/2022\/08\/cortes-cuidados.jpeg?resize=525%2C300 1.5x, https:\/\/i0.wp.com\/www.24baires.com\/wp-content\/uploads\/2022\/08\/cortes-cuidados.jpeg?resize=700%2C400 2x"},"classes":[]},{"id":119965,"url":"https:\/\/www.24baires.com\/?p=119965","url_meta":{"origin":120682,"position":2},"title":"Las alimenticias rompen el pacto con el Gobierno","author":"AF","date":"30\/03\/2023","format":false,"excerpt":"Los grandes supermercados rechazaron listas de Ledesma, Milkaut, Arcor harineras y Mondelez, entre otras, que pretenden subas por encima de la inflaci\u00f3n. En los barrios, los comercios no tienen margen para rechazarles aumentos. Las empresas productoras de alimentos y productos de la canasta b\u00e1sica le blanquearon al Gobierno, con acciones\u2026","rel":"","context":"En \u00abEconom\u00eda\u00bb","block_context":{"text":"Econom\u00eda","link":"https:\/\/www.24baires.com\/?cat=45"},"img":{"alt_text":"","src":"https:\/\/i0.wp.com\/www.24baires.com\/wp-content\/uploads\/2022\/04\/61b8c911edf0c_900.jpg?resize=350%2C200","width":350,"height":200,"srcset":"https:\/\/i0.wp.com\/www.24baires.com\/wp-content\/uploads\/2022\/04\/61b8c911edf0c_900.jpg?resize=350%2C200 1x, https:\/\/i0.wp.com\/www.24baires.com\/wp-content\/uploads\/2022\/04\/61b8c911edf0c_900.jpg?resize=525%2C300 1.5x, https:\/\/i0.wp.com\/www.24baires.com\/wp-content\/uploads\/2022\/04\/61b8c911edf0c_900.jpg?resize=700%2C400 2x"},"classes":[]},{"id":119536,"url":"https:\/\/www.24baires.com\/?p=119536","url_meta":{"origin":120682,"position":3},"title":"Comienza el congelamiento de 1500 precios por 120 d\u00edas","author":"AF","date":"10\/11\/2022","format":false,"excerpt":"El Gobierno dio a conocer las principales caracter\u00edsticas del programa Precios Justos, que lanzar\u00e1 ma\u00f1ana y abarcar\u00e1 a 1.500 productos elaborados por un centenar de empresas por un t\u00e9rmino de 120 d\u00edas. El programa abarcar\u00e1 a todo el pa\u00eds y desde el Ministerio de Econom\u00eda aclararon que no se trata\u2026","rel":"","context":"En \u00abSociedad\u00bb","block_context":{"text":"Sociedad","link":"https:\/\/www.24baires.com\/?cat=1"},"img":{"alt_text":"","src":"https:\/\/i0.wp.com\/www.24baires.com\/wp-content\/uploads\/2016\/12\/supermercado.jpg?resize=350%2C200","width":350,"height":200,"srcset":"https:\/\/i0.wp.com\/www.24baires.com\/wp-content\/uploads\/2016\/12\/supermercado.jpg?resize=350%2C200 1x, https:\/\/i0.wp.com\/www.24baires.com\/wp-content\/uploads\/2016\/12\/supermercado.jpg?resize=525%2C300 1.5x, https:\/\/i0.wp.com\/www.24baires.com\/wp-content\/uploads\/2016\/12\/supermercado.jpg?resize=700%2C400 2x"},"classes":[]},{"id":107737,"url":"https:\/\/www.24baires.com\/?p=107737","url_meta":{"origin":120682,"position":4},"title":"La Asociaci\u00f3n de Carnicer\u00edas considera que ser\u00e1 \u00abmuy dif\u00edcil\u00bb cumplir con el acuerdo de precios del Gobierno","author":"GB","date":"21\/04\/2019","format":false,"excerpt":"Lo advirti\u00f3 el titular de la entidad que agrupa a las carnicer\u00edas porte\u00f1as, al tiempo que enumer\u00f3 una lista de fallas en el plan oficial con el que se pretende ofrecer cortes a precio m\u00e1s barato, entre ellos la concentraci\u00f3n de la venta en el Mercado Central y la no\u2026","rel":"","context":"En \u00abConsumidores\u00bb","block_context":{"text":"Consumidores","link":"https:\/\/www.24baires.com\/?cat=78"},"img":{"alt_text":"","src":"https:\/\/i0.wp.com\/www.24baires.com\/wp-content\/uploads\/2015\/12\/carniceria.jpg?resize=350%2C200","width":350,"height":200,"srcset":"https:\/\/i0.wp.com\/www.24baires.com\/wp-content\/uploads\/2015\/12\/carniceria.jpg?resize=350%2C200 1x, https:\/\/i0.wp.com\/www.24baires.com\/wp-content\/uploads\/2015\/12\/carniceria.jpg?resize=525%2C300 1.5x"},"classes":[]},{"id":120393,"url":"https:\/\/www.24baires.com\/?p=120393","url_meta":{"origin":120682,"position":5},"title":"M\u00e1s de 300 empresas adhirieron al Precios Justos","author":"GB","date":"22\/08\/2023","format":false,"excerpt":"La devaluaci\u00f3n del lunes posterior a las elecciones PASO gener\u00f3 un cimbronazo en el mercado interno. Para desactivar este problema que derivar\u00eda en una escalada inflacionaria el Ministerio de Econom\u00eda sali\u00f3 a negociar la renovaci\u00f3n del programa Precios Justos. R\u00e1pidamente, logr\u00f3 retrotraer los aumentos en varios rubros, pero hay uno\u2026","rel":"","context":"En \u00abConsumidores\u00bb","block_context":{"text":"Consumidores","link":"https:\/\/www.24baires.com\/?cat=78"},"img":{"alt_text":"","src":"https:\/\/i0.wp.com\/www.24baires.com\/wp-content\/uploads\/2023\/08\/massa-precios.webp?resize=350%2C200","width":350,"height":200,"srcset":"https:\/\/i0.wp.com\/www.24baires.com\/wp-content\/uploads\/2023\/08\/massa-precios.webp?resize=350%2C200 1x, https:\/\/i0.wp.com\/www.24baires.com\/wp-content\/uploads\/2023\/08\/massa-precios.webp?resize=525%2C300 1.5x, https:\/\/i0.wp.com\/www.24baires.com\/wp-content\/uploads\/2023\/08\/massa-precios.webp?resize=700%2C400 2x"},"classes":[]}],"jetpack_sharing_enabled":true,"jetpack_likes_enabled":true,"_links":{"self":[{"href":"https:\/\/www.24baires.com\/index.php?rest_route=\/wp\/v2\/posts\/120682","targetHints":{"allow":["GET"]}}],"collection":[{"href":"https:\/\/www.24baires.com\/index.php?rest_route=\/wp\/v2\/posts"}],"about":[{"href":"https:\/\/www.24baires.com\/index.php?rest_route=\/wp\/v2\/types\/post"}],"author":[{"embeddable":true,"href":"https:\/\/www.24baires.com\/index.php?rest_route=\/wp\/v2\/users\/8"}],"replies":[{"embeddable":true,"href":"https:\/\/www.24baires.com\/index.php?rest_route=%2Fwp%2Fv2%2Fcomments&post=120682"}],"version-history":[{"count":1,"href":"https:\/\/www.24baires.com\/index.php?rest_route=\/wp\/v2\/posts\/120682\/revisions"}],"predecessor-version":[{"id":120683,"href":"https:\/\/www.24baires.com\/index.php?rest_route=\/wp\/v2\/posts\/120682\/revisions\/120683"}],"wp:attachment":[{"href":"https:\/\/www.24baires.com\/index.php?rest_route=%2Fwp%2Fv2%2Fmedia&parent=120682"}],"wp:term":[{"taxonomy":"category","embeddable":true,"href":"https:\/\/www.24baires.com\/index.php?rest_route=%2Fwp%2Fv2%2Fcategories&post=120682"},{"taxonomy":"post_tag","embeddable":true,"href":"https:\/\/www.24baires.com\/index.php?rest_route=%2Fwp%2Fv2%2Ftags&post=120682"}],"curies":[{"name":"wp","href":"https:\/\/api.w.org\/{rel}","templated":true}]}}