{"id":120673,"date":"2023-11-17T18:57:46","date_gmt":"2023-11-17T21:57:46","guid":{"rendered":"http:\/\/www.24baires.com\/?p=120673"},"modified":"2023-11-17T18:57:46","modified_gmt":"2023-11-17T21:57:46","slug":"la-camara-nacional-electoral-asegura-que-el-sistema-es-robusto-seguro-y-confiable","status":"publish","type":"post","link":"https:\/\/www.24baires.com\/?p=120673","title":{"rendered":"La C\u00e1mara Nacional Electoral asegura que \u00abEl sistema es robusto, seguro y confiable\u00bb"},"content":{"rendered":"<p><img data-recalc-dims=\"1\" loading=\"lazy\" decoding=\"async\" class=\"aligncenter wp-image-120674\" src=\"https:\/\/i0.wp.com\/www.24baires.com\/wp-content\/uploads\/2023\/11\/urna.jpg?resize=720%2C480\" alt=\"\" width=\"720\" height=\"480\" srcset=\"https:\/\/i0.wp.com\/www.24baires.com\/wp-content\/uploads\/2023\/11\/urna.jpg?w=960&amp;ssl=1 960w, https:\/\/i0.wp.com\/www.24baires.com\/wp-content\/uploads\/2023\/11\/urna.jpg?resize=300%2C200&amp;ssl=1 300w, https:\/\/i0.wp.com\/www.24baires.com\/wp-content\/uploads\/2023\/11\/urna.jpg?resize=768%2C512&amp;ssl=1 768w\" sizes=\"auto, (max-width: 720px) 100vw, 720px\" \/>El subsecretario de la CNE, Gustavo Mason, despej\u00f3 las dudas sobre las supuestas irregularidades denunciadas por el partido de ultraderecha. \u00abEs la primera vez desde 1983 que una agrupaci\u00f3n pol\u00edtica manifiesta una situaci\u00f3n de desconfianza\u00bb, afirm\u00f3 en di\u00e1logo con AM750. <!--more--><\/p>\n<p>\u00abLo primero que tiene que saber el ciudadano es que cuando nosotros decimos que el sistema es robusto, seguro y confiable es porque las palabras encuentran fundamentos en los hechos reales\u00bb, afirm\u00f3 el subsecretario de la C\u00e1mara Nacional Electoral, Gustavo Mason.<\/p>\n<p>Adem\u00e1s asegur\u00f3 que \u00abdesde 1983 es la primera vez que sucede una situaci\u00f3n de desconfianza de parte de una agrupaci\u00f3n pol\u00edtica\u00bb, en alusi\u00f3n a las sospechas de fraude difundidas medi\u00e1ticamente por La Libertad Avanza.<\/p>\n<p>En esa l\u00ednea, Mason aclar\u00f3 adem\u00e1s que el faltante de boletas no es una responsabilidad del ente electoral: \u00abEn realidad no nos corresponde a nosotros, pero colaboramos porque el poder judicial pretende asegurarle al votante que tenga boletas\u00bb, agreg\u00f3 en AM750.<\/p>\n<p>Ante las reiteradas manifestaciones de desconfianza del espacio de Javier Milei y la advertencia de la C\u00e1mara Nacional Electoral porque La Libertad Avanza no garantiz\u00f3 la cantidad m\u00ednima de boletas de su espacio, Mason se\u00f1al\u00f3 que este domingo se podr\u00e1 votar incluso con las que tienen fecha de la primera vuelta para ambos binomios presidenciales.<\/p>\n<p>En caso de no haber boletas en el cuarto oscuro, el votante debe denunciar sin mencionar cu\u00e1l falta y de inmediato se reponen: \u00abLo normal ser\u00eda que si alguien denuncia que faltan boletas, en ese momento se suspenda la votaci\u00f3n en la mesa hasta que se pueda poner lo faltante. Es decir, hasta que est\u00e9n en igualdad de condiciones ambas agrupaciones pol\u00edticas\u00bb, indic\u00f3 Mason en Mediod\u00eda 750.<\/p>\n<p>Esta ma\u00f1ana el apoderado de La Libertad Avanza, Santiago Viola, hab\u00eda asegurado que la presentaci\u00f3n que hizo ese partido ante la Justicia \u00abno se trat\u00f3 de una denuncia\u00bb sino de \u00abcomentarios en redes sociales y algunas notas period\u00edsticas\u00bb.<\/p>\n<p>Mason explic\u00f3 que el comando general electoral est\u00e1 conformado por las Fuerzas Armadas y las Fuerzas de Seguridad. Es decir, que no hay una \u00fanica fuerza a cargo de la custodia del material electoral (kits electorales, padrones, urnas, etc\u00e9tera). As\u00ed ech\u00f3 por tierra la acusaci\u00f3n del partido de ultraderecha por supuestas maniobras irregulares de Gendarmer\u00eda.<\/p>\n<p>FUENTE: P\u00e1gina 12<\/p>\n","protected":false},"excerpt":{"rendered":"<p>El subsecretario de la CNE, Gustavo Mason, despej\u00f3 las dudas sobre las supuestas irregularidades denunciadas por el partido de ultraderecha. \u00abEs la primera vez desde 1983 que una agrupaci\u00f3n pol\u00edtica manifiesta una situaci\u00f3n de desconfianza\u00bb, afirm\u00f3 en di\u00e1logo con AM750.<\/p>\n","protected":false},"author":4,"featured_media":0,"comment_status":"closed","ping_status":"closed","sticky":false,"template":"","format":"standard","meta":{"_jetpack_newsletter_access":"","_jetpack_dont_email_post_to_subs":false,"_jetpack_newsletter_tier_id":0,"_jetpack_memberships_contains_paywalled_content":false,"_jetpack_memberships_contains_paid_content":false,"footnotes":""},"categories":[1],"tags":[],"class_list":["post-120673","post","type-post","status-publish","format-standard","hentry","category-sociedad"],"jetpack_featured_media_url":"","jetpack_shortlink":"https:\/\/wp.me\/p2JWE0-vol","jetpack-related-posts":[{"id":111415,"url":"https:\/\/www.24baires.com\/?p=111415","url_meta":{"origin":120673,"position":0},"title":"Cuatro de cada diez argentinos creen que Mauricio Macri es \u00abineficaz\u00bb","author":"AF","date":"31\/07\/2019","format":false,"excerpt":"As\u00ed lo indica un estudio del Centro Estrat\u00e9gico Latinoamericano de Geopol\u00edtica. El 62% de los entrevistados desconf\u00eda del sistema electoral. Una encuesta de opini\u00f3n revela que la gesti\u00f3n Mauricio Macri tiene una evaluaci\u00f3n muy negativa. Un relevamiento del Centro Estrat\u00e9gico Latinoamericano de Geopol\u00edtica (CELAG) y su director, Alfredo Serrano, asegur\u00f3\u2026","rel":"","context":"En \u00abSociedad\u00bb","block_context":{"text":"Sociedad","link":"https:\/\/www.24baires.com\/?cat=1"},"img":{"alt_text":"","src":"https:\/\/i0.wp.com\/www.24baires.com\/wp-content\/uploads\/2019\/03\/MACRI-CONGRESO.png?resize=350%2C200","width":350,"height":200,"srcset":"https:\/\/i0.wp.com\/www.24baires.com\/wp-content\/uploads\/2019\/03\/MACRI-CONGRESO.png?resize=350%2C200 1x, https:\/\/i0.wp.com\/www.24baires.com\/wp-content\/uploads\/2019\/03\/MACRI-CONGRESO.png?resize=525%2C300 1.5x"},"classes":[]},{"id":46018,"url":"https:\/\/www.24baires.com\/?p=46018","url_meta":{"origin":120673,"position":1},"title":"Con el apoyo del Conicet se realiza el 2\u00ba Seminario de historia de las redes mas\u00f3nicas.","author":"GB","date":"14\/05\/2014","format":false,"excerpt":"Representantes del \u00e1mbito de las ciencias y la cultura de Am\u00e9rica y Europa participar\u00e1n el 22 y 23 de mayo del Segundo Seminario euro-argentino de historia de las redes mas\u00f3nicas atl\u00e1nticas, una organizaci\u00f3n, que en el plano local, pugna por dejar de lado la antigua imagen de estructura secreta y\u2026","rel":"","context":"En \u00abSociedad\u00bb","block_context":{"text":"Sociedad","link":"https:\/\/www.24baires.com\/?cat=1"},"img":{"alt_text":"masoneria","src":"https:\/\/i0.wp.com\/www.24baires.com\/wp-content\/uploads\/2014\/05\/masoneria.jpg?resize=350%2C200","width":350,"height":200,"srcset":"https:\/\/i0.wp.com\/www.24baires.com\/wp-content\/uploads\/2014\/05\/masoneria.jpg?resize=350%2C200 1x, https:\/\/i0.wp.com\/www.24baires.com\/wp-content\/uploads\/2014\/05\/masoneria.jpg?resize=525%2C300 1.5x"},"classes":[]},{"id":76439,"url":"https:\/\/www.24baires.com\/?p=76439","url_meta":{"origin":120673,"position":2},"title":"Bullrich desisti\u00f3 con el pol\u00e9mico integrante del Ministerio de Seguridad","author":"GB","date":"15\/12\/2015","format":false,"excerpt":"Tras las cr\u00edticas de distintos sectores y la carta en repudio de Charly Garc\u00eda, Carlos Manfroni, quien hab\u00eda sido nombrado subsecretario de Asuntos Legislativos del Ministerio de Seguridad de Patricia Bullrich, no ocupar\u00e1 ese cargo. Hab\u00eda generado pol\u00e9mica por sus declaraciones sobre el progresismo, el juda\u00edsmo y el rock. Tras\u2026","rel":"","context":"En \u00abPol\u00edtica\u00bb","block_context":{"text":"Pol\u00edtica","link":"https:\/\/www.24baires.com\/?cat=51"},"img":{"alt_text":"monfardini","src":"https:\/\/i0.wp.com\/www.24baires.com\/wp-content\/uploads\/2015\/12\/monfardini.jpg?resize=350%2C200","width":350,"height":200,"srcset":"https:\/\/i0.wp.com\/www.24baires.com\/wp-content\/uploads\/2015\/12\/monfardini.jpg?resize=350%2C200 1x, https:\/\/i0.wp.com\/www.24baires.com\/wp-content\/uploads\/2015\/12\/monfardini.jpg?resize=525%2C300 1.5x"},"classes":[]},{"id":112649,"url":"https:\/\/www.24baires.com\/?p=112649","url_meta":{"origin":120673,"position":3},"title":"Frigerio asegura que el escrutinio ser\u00e1 \u00ab\u00e1gil y r\u00e1pido\u00bb","author":"AF","date":"25\/10\/2019","format":false,"excerpt":"A pesar de los permanentes cuestionamientos a los sistemas de control y del escrutinio para las elecciones generales del pr\u00f3ximo domingo, el gobierno nacional rechaz\u00f3 las denuncias sobre posibles irregularidades detectadas en el sistema a cargo de la empresa Smartmatic y relativizaron las disconformidades expresadas ayer por representantes de partidos\u2026","rel":"","context":"En \u00abSociedad\u00bb","block_context":{"text":"Sociedad","link":"https:\/\/www.24baires.com\/?cat=1"},"img":{"alt_text":"","src":"https:\/\/i0.wp.com\/www.24baires.com\/wp-content\/uploads\/2013\/08\/escrutinio.jpg?resize=350%2C200","width":350,"height":200,"srcset":"https:\/\/i0.wp.com\/www.24baires.com\/wp-content\/uploads\/2013\/08\/escrutinio.jpg?resize=350%2C200 1x, https:\/\/i0.wp.com\/www.24baires.com\/wp-content\/uploads\/2013\/08\/escrutinio.jpg?resize=525%2C300 1.5x"},"classes":[]},{"id":111146,"url":"https:\/\/www.24baires.com\/?p=111146","url_meta":{"origin":120673,"position":4},"title":"El PJ ampli\u00f3 su denuncia contra el Gobierno por irregularidades de cara a los comicios","author":"AF","date":"11\/07\/2019","format":false,"excerpt":"Los dirigentes del peronismo alertaron sobre los cambios en las reglas electorales y en el escrutinio. \"En 36 a\u00f1os de democracia es la primera vez que tenemos estos inconvenientes\u201d, advirtieron. \"Son diez intentos de modificaci\u00f3n a las reglas electorales. Estos intentos de manipulaci\u00f3n ponen en riesgo la trasparencia electoral\u201d, dijo\u2026","rel":"","context":"En \u00abPol\u00edtica\u00bb","block_context":{"text":"Pol\u00edtica","link":"https:\/\/www.24baires.com\/?cat=51"},"img":{"alt_text":"","src":"https:\/\/i0.wp.com\/www.24baires.com\/wp-content\/uploads\/2019\/07\/congreso.jpg?resize=350%2C200","width":350,"height":200,"srcset":"https:\/\/i0.wp.com\/www.24baires.com\/wp-content\/uploads\/2019\/07\/congreso.jpg?resize=350%2C200 1x, https:\/\/i0.wp.com\/www.24baires.com\/wp-content\/uploads\/2019\/07\/congreso.jpg?resize=525%2C300 1.5x"},"classes":[]},{"id":104534,"url":"https:\/\/www.24baires.com\/?p=104534","url_meta":{"origin":120673,"position":5},"title":"Ordenan profundizar la investigaci\u00f3n de los aportantes truchos","author":"AF","date":"18\/09\/2018","format":false,"excerpt":"El esc\u00e1ndalo de Cambiemos en las Legislativas del a\u00f1o pasado llev\u00f3 a la C\u00e1mara Nacional Electoral a revisar tambi\u00e9n el proceso electoral de 2015 y c\u00f3mo se financiaron sus campa\u00f1as las principales agrupaciones pol\u00edticas. La C\u00e1mara Nacional Electoral orden\u00f3 este martes profundizar la investigaci\u00f3n sobre el financiamiento de la campa\u00f1a\u2026","rel":"","context":"En \u00abJUDICIALES\u00bb","block_context":{"text":"JUDICIALES","link":"https:\/\/www.24baires.com\/?cat=68"},"img":{"alt_text":"","src":"https:\/\/i0.wp.com\/www.24baires.com\/wp-content\/uploads\/2018\/03\/vidal-1.jpg?resize=350%2C200","width":350,"height":200,"srcset":"https:\/\/i0.wp.com\/www.24baires.com\/wp-content\/uploads\/2018\/03\/vidal-1.jpg?resize=350%2C200 1x, https:\/\/i0.wp.com\/www.24baires.com\/wp-content\/uploads\/2018\/03\/vidal-1.jpg?resize=525%2C300 1.5x"},"classes":[]}],"jetpack_sharing_enabled":true,"jetpack_likes_enabled":true,"_links":{"self":[{"href":"https:\/\/www.24baires.com\/index.php?rest_route=\/wp\/v2\/posts\/120673","targetHints":{"allow":["GET"]}}],"collection":[{"href":"https:\/\/www.24baires.com\/index.php?rest_route=\/wp\/v2\/posts"}],"about":[{"href":"https:\/\/www.24baires.com\/index.php?rest_route=\/wp\/v2\/types\/post"}],"author":[{"embeddable":true,"href":"https:\/\/www.24baires.com\/index.php?rest_route=\/wp\/v2\/users\/4"}],"replies":[{"embeddable":true,"href":"https:\/\/www.24baires.com\/index.php?rest_route=%2Fwp%2Fv2%2Fcomments&post=120673"}],"version-history":[{"count":1,"href":"https:\/\/www.24baires.com\/index.php?rest_route=\/wp\/v2\/posts\/120673\/revisions"}],"predecessor-version":[{"id":120675,"href":"https:\/\/www.24baires.com\/index.php?rest_route=\/wp\/v2\/posts\/120673\/revisions\/120675"}],"wp:attachment":[{"href":"https:\/\/www.24baires.com\/index.php?rest_route=%2Fwp%2Fv2%2Fmedia&parent=120673"}],"wp:term":[{"taxonomy":"category","embeddable":true,"href":"https:\/\/www.24baires.com\/index.php?rest_route=%2Fwp%2Fv2%2Fcategories&post=120673"},{"taxonomy":"post_tag","embeddable":true,"href":"https:\/\/www.24baires.com\/index.php?rest_route=%2Fwp%2Fv2%2Ftags&post=120673"}],"curies":[{"name":"wp","href":"https:\/\/api.w.org\/{rel}","templated":true}]}}