{"id":120653,"date":"2023-11-14T20:39:37","date_gmt":"2023-11-14T23:39:37","guid":{"rendered":"http:\/\/www.24baires.com\/?p=120653"},"modified":"2023-11-14T20:39:37","modified_gmt":"2023-11-14T23:39:37","slug":"villarruel-propuso-destinar-el-predio-de-la-exesma-a-algo-que-disfrute-todo-el-pueblo","status":"publish","type":"post","link":"https:\/\/www.24baires.com\/?p=120653","title":{"rendered":"Villarruel propuso destinar el predio de la exESMA a algo que \u201cdisfrute todo el pueblo\u201d"},"content":{"rendered":"<p><img data-recalc-dims=\"1\" loading=\"lazy\" decoding=\"async\" class=\"wp-image-120654 alignnone\" src=\"https:\/\/i0.wp.com\/www.24baires.com\/wp-content\/uploads\/2023\/11\/789098-villarruel-20ex-20esma.jpeg?resize=720%2C480\" alt=\"\" width=\"720\" height=\"480\" srcset=\"https:\/\/i0.wp.com\/www.24baires.com\/wp-content\/uploads\/2023\/11\/789098-villarruel-20ex-20esma.jpeg?w=1200&amp;ssl=1 1200w, https:\/\/i0.wp.com\/www.24baires.com\/wp-content\/uploads\/2023\/11\/789098-villarruel-20ex-20esma.jpeg?resize=300%2C200&amp;ssl=1 300w, https:\/\/i0.wp.com\/www.24baires.com\/wp-content\/uploads\/2023\/11\/789098-villarruel-20ex-20esma.jpeg?resize=1024%2C683&amp;ssl=1 1024w, https:\/\/i0.wp.com\/www.24baires.com\/wp-content\/uploads\/2023\/11\/789098-villarruel-20ex-20esma.jpeg?resize=768%2C512&amp;ssl=1 768w\" sizes=\"auto, (max-width: 720px) 100vw, 720px\" \/>En el excentro clandestino de la \u00faltima dictadura hoy funciona un Museo Sitio de Memoria, declarado como Patrimonio Mundial de la humanidad por Unesco. La candidata sostuvo que el predio de 17 hect\u00e1reas deber\u00eda tener otras funciones.<!--more--><\/p>\n<p>La candidata a vicepresidenta Victoria Villarruel, que acompa\u00f1a a Javier Milei en la f\u00f3rmula de La Libertad Avanza (LLA) de cara al balotaje de las elecciones presidenciales 2023, sum\u00f3 una nueva provocaci\u00f3n en t\u00e9rminos de derechos humanos. La abogada negacionista propuso destinar a otras funciones el predio de la ex-Escuela de Mec\u00e1nica de la Armada (exESMA), donde tuvo lugar el mayor Centro Clandestino de Detenci\u00f3n, Tortura y Exterminio durante la \u00faltima dictadura y, desde hace 19 a\u00f1os, es un Espacio para la Memoria.<\/p>\n<p>\u00abLa ESMA son 17 hect\u00e1reas que podr\u00edan ser disfrutadas por todo el pueblo\u00bb, plante\u00f3 Villarruel en di\u00e1logo con TN. \u201cSobre todo porque en su momento estaban destinadas a ser escuelas, y lo que m\u00e1s necesitamos son escuelas\u201d, agreg\u00f3 sobre el predio ubicado en avenida del Libertador 8151, en el barrio de N\u00fa\u00f1ez, donde funciona el Museo Sitio de Memoria ESMA, declarado Patrimonio Mundial de la humanidad por la Unesco en septiembre de 2023, por lo que existe un compromiso internacional de mantener su conservaci\u00f3n y protecci\u00f3n.<\/p>\n<p>Fuente: P\u00e1gina 12<\/p>\n","protected":false},"excerpt":{"rendered":"<p>En el excentro clandestino de la \u00faltima dictadura hoy funciona un Museo Sitio de Memoria, declarado como Patrimonio Mundial de la humanidad por Unesco. La candidata sostuvo que el predio de 17 hect\u00e1reas deber\u00eda tener otras funciones.<\/p>\n","protected":false},"author":4,"featured_media":0,"comment_status":"closed","ping_status":"closed","sticky":false,"template":"","format":"standard","meta":{"_jetpack_newsletter_access":"","_jetpack_dont_email_post_to_subs":false,"_jetpack_newsletter_tier_id":0,"_jetpack_memberships_contains_paywalled_content":false,"_jetpack_memberships_contains_paid_content":false,"footnotes":""},"categories":[1],"tags":[],"class_list":["post-120653","post","type-post","status-publish","format-standard","hentry","category-sociedad"],"jetpack_featured_media_url":"","jetpack_shortlink":"https:\/\/wp.me\/p2JWE0-vo1","jetpack-related-posts":[{"id":43595,"url":"https:\/\/www.24baires.com\/?p=43595","url_meta":{"origin":120653,"position":0},"title":"La exEsma pasa a manos de Naci\u00f3n","author":"Grupo Sierra","date":"09\/04\/2014","format":false,"excerpt":"La C\u00e1mara alta aprob\u00f3 y envi\u00f3 a Diputados un proyecto de ley que refrenda el acuerdo firmado entre la Ciudad y la Naci\u00f3n, seg\u00fan el cual el gobierno porte\u00f1o cede por 30 a\u00f1os el usufructo de los predios de la exESMA y de otros centros que funcionaron como sitios de\u2026","rel":"","context":"En \u00abSociedad\u00bb","block_context":{"text":"Sociedad","link":"https:\/\/www.24baires.com\/?cat=1"},"img":{"alt_text":"esma","src":"https:\/\/i0.wp.com\/www.24baires.com\/wp-content\/uploads\/2013\/03\/esma-300x200.jpg?resize=350%2C200","width":350,"height":200},"classes":[]},{"id":122822,"url":"https:\/\/www.24baires.com\/?p=122822","url_meta":{"origin":120653,"position":1},"title":"Ordenan frenar la conversi\u00f3n de un centro clandestino de detenci\u00f3n en un bar","author":"GB","date":"19\/01\/2026","format":false,"excerpt":"La instalaci\u00f3n de un bar de gin en un lugar que fue centro clandestino de detenci\u00f3n sigue generando rechazos en Mar del Plata. En tiempos en los que se relativiza el terrorismo de Estado y las pol\u00edticas de memoria, verdad y justicia fueron desmanteladas, la Asociaci\u00f3n de Familiares de Detenidos\u2026","rel":"","context":"En \u00abMemoria\u00bb","block_context":{"text":"Memoria","link":"https:\/\/www.24baires.com\/?cat=50"},"img":{"alt_text":"","src":"https:\/\/i0.wp.com\/www.24baires.com\/wp-content\/uploads\/2026\/01\/faro-mdp.webp?resize=350%2C200","width":350,"height":200,"srcset":"https:\/\/i0.wp.com\/www.24baires.com\/wp-content\/uploads\/2026\/01\/faro-mdp.webp?resize=350%2C200 1x, https:\/\/i0.wp.com\/www.24baires.com\/wp-content\/uploads\/2026\/01\/faro-mdp.webp?resize=525%2C300 1.5x, https:\/\/i0.wp.com\/www.24baires.com\/wp-content\/uploads\/2026\/01\/faro-mdp.webp?resize=700%2C400 2x"},"classes":[]},{"id":42662,"url":"https:\/\/www.24baires.com\/?p=42662","url_meta":{"origin":120653,"position":2},"title":"A partir de las 12, actos por el D\u00eda de la Memoria en todo el pa\u00eds","author":"Grupo Sierra","date":"24\/03\/2014","format":false,"excerpt":"Organismos de Derechos Humanos marchar\u00e1n desde Avenida 9 de Julio y Avenida de Mayo hacia la Plaza de Mayo, donde leer\u00e1n un documento bajo la consigna \"Democracia o Coorporaciones\". A las 18 se llevar\u00e1 a cabo el acto oficial por los diez a\u00f1os de la recuperaci\u00f3n del predio de la\u2026","rel":"","context":"En \u00abMemoria\u00bb","block_context":{"text":"Memoria","link":"https:\/\/www.24baires.com\/?cat=50"},"img":{"alt_text":"memoria verdad justicia","src":"https:\/\/i0.wp.com\/www.24baires.com\/wp-content\/uploads\/2013\/01\/memoria-verdad-justicia.jpg?resize=350%2C200","width":350,"height":200,"srcset":"https:\/\/i0.wp.com\/www.24baires.com\/wp-content\/uploads\/2013\/01\/memoria-verdad-justicia.jpg?resize=350%2C200 1x, https:\/\/i0.wp.com\/www.24baires.com\/wp-content\/uploads\/2013\/01\/memoria-verdad-justicia.jpg?resize=525%2C300 1.5x"},"classes":[]},{"id":119463,"url":"https:\/\/www.24baires.com\/?p=119463","url_meta":{"origin":120653,"position":3},"title":"Olavarr\u00eda tendr\u00e1 un nuevo Espacio de Memoria","author":"GB","date":"24\/10\/2022","format":false,"excerpt":"La Subsecretar\u00eda de Derechos Humanos de la provincia de Buenos Aires y la Agencia de Administraci\u00f3n de Bienes del Estado rubricaron un acuerdo para crear un nuevo sitio de memoria en el predio de Monte Pelloni Las autoridades de la Subsecretar\u00eda de Derechos Humanos de la provincia de Buenos Aires\u2026","rel":"","context":"En \u00abMemoria\u00bb","block_context":{"text":"Memoria","link":"https:\/\/www.24baires.com\/?cat=50"},"img":{"alt_text":"","src":"https:\/\/i0.wp.com\/www.24baires.com\/wp-content\/uploads\/2022\/10\/unnamed-5-1024x683-1.jpg?resize=350%2C200","width":350,"height":200,"srcset":"https:\/\/i0.wp.com\/www.24baires.com\/wp-content\/uploads\/2022\/10\/unnamed-5-1024x683-1.jpg?resize=350%2C200 1x, https:\/\/i0.wp.com\/www.24baires.com\/wp-content\/uploads\/2022\/10\/unnamed-5-1024x683-1.jpg?resize=525%2C300 1.5x, https:\/\/i0.wp.com\/www.24baires.com\/wp-content\/uploads\/2022\/10\/unnamed-5-1024x683-1.jpg?resize=700%2C400 2x"},"classes":[]},{"id":56064,"url":"https:\/\/www.24baires.com\/?p=56064","url_meta":{"origin":120653,"position":4},"title":"Realizan festival homenaje en la ex ESMA a cuatro a\u00f1os de la muerte de N\u00e9stor Kirchner","author":"AF","date":"27\/10\/2014","format":false,"excerpt":"Agrupaciones kirchneristas recordaron al expresidente, a cuatro a\u00f1os de su muerte, con un festival en el predio donde funcion\u00f3 el mayor centro clandestino de detenci\u00f3n, convertido en espacio de reflexi\u00f3n y expresi\u00f3n cultural por decisi\u00f3n del propio Kirchner en 2004. Unidos y Organizados cerr\u00f3 hoy las \"Jornadas Solidarias N\u00e9stor Kirchner\",\u2026","rel":"","context":"En \u00abSociedad\u00bb","block_context":{"text":"Sociedad","link":"https:\/\/www.24baires.com\/?cat=1"},"img":{"alt_text":"n\u00e9stor k","src":"https:\/\/i0.wp.com\/www.24baires.com\/wp-content\/uploads\/2013\/04\/n%C3%A9stor-k.jpg?resize=350%2C200","width":350,"height":200,"srcset":"https:\/\/i0.wp.com\/www.24baires.com\/wp-content\/uploads\/2013\/04\/n%C3%A9stor-k.jpg?resize=350%2C200 1x, https:\/\/i0.wp.com\/www.24baires.com\/wp-content\/uploads\/2013\/04\/n%C3%A9stor-k.jpg?resize=525%2C300 1.5x"},"classes":[]},{"id":120431,"url":"https:\/\/www.24baires.com\/?p=120431","url_meta":{"origin":120653,"position":5},"title":"Repudio al homenaje a las v\u00edctimas del terrorismo\u00bb de Victoria Villarruel","author":"GB","date":"04\/09\/2023","format":false,"excerpt":"De hecho, diversos sectores pidieron la cancelaci\u00f3n del evento previsto para este lunes en la Legislatura porte\u00f1a encabezado por la diputada Victoria Villarruel. Este lunes, la diputada por La Libertad Avanza y candidata a vicepresidenta, Victoria Villarruel, encabezar\u00e1 un acto impulsado por su espacio libertario que tiene como objetivo homenajear\u2026","rel":"","context":"En \u00abMemoria\u00bb","block_context":{"text":"Memoria","link":"https:\/\/www.24baires.com\/?cat=50"},"img":{"alt_text":"","src":"https:\/\/i0.wp.com\/www.24baires.com\/wp-content\/uploads\/2023\/09\/v.-villaruel.webp?resize=350%2C200","width":350,"height":200,"srcset":"https:\/\/i0.wp.com\/www.24baires.com\/wp-content\/uploads\/2023\/09\/v.-villaruel.webp?resize=350%2C200 1x, https:\/\/i0.wp.com\/www.24baires.com\/wp-content\/uploads\/2023\/09\/v.-villaruel.webp?resize=525%2C300 1.5x, https:\/\/i0.wp.com\/www.24baires.com\/wp-content\/uploads\/2023\/09\/v.-villaruel.webp?resize=700%2C400 2x"},"classes":[]}],"jetpack_sharing_enabled":true,"jetpack_likes_enabled":true,"_links":{"self":[{"href":"https:\/\/www.24baires.com\/index.php?rest_route=\/wp\/v2\/posts\/120653","targetHints":{"allow":["GET"]}}],"collection":[{"href":"https:\/\/www.24baires.com\/index.php?rest_route=\/wp\/v2\/posts"}],"about":[{"href":"https:\/\/www.24baires.com\/index.php?rest_route=\/wp\/v2\/types\/post"}],"author":[{"embeddable":true,"href":"https:\/\/www.24baires.com\/index.php?rest_route=\/wp\/v2\/users\/4"}],"replies":[{"embeddable":true,"href":"https:\/\/www.24baires.com\/index.php?rest_route=%2Fwp%2Fv2%2Fcomments&post=120653"}],"version-history":[{"count":1,"href":"https:\/\/www.24baires.com\/index.php?rest_route=\/wp\/v2\/posts\/120653\/revisions"}],"predecessor-version":[{"id":120655,"href":"https:\/\/www.24baires.com\/index.php?rest_route=\/wp\/v2\/posts\/120653\/revisions\/120655"}],"wp:attachment":[{"href":"https:\/\/www.24baires.com\/index.php?rest_route=%2Fwp%2Fv2%2Fmedia&parent=120653"}],"wp:term":[{"taxonomy":"category","embeddable":true,"href":"https:\/\/www.24baires.com\/index.php?rest_route=%2Fwp%2Fv2%2Fcategories&post=120653"},{"taxonomy":"post_tag","embeddable":true,"href":"https:\/\/www.24baires.com\/index.php?rest_route=%2Fwp%2Fv2%2Ftags&post=120653"}],"curies":[{"name":"wp","href":"https:\/\/api.w.org\/{rel}","templated":true}]}}