{"id":1206,"date":"2012-10-06T18:12:35","date_gmt":"2012-10-06T21:12:35","guid":{"rendered":"http:\/\/www.24baires.com\/?p=1206"},"modified":"2012-10-06T18:12:35","modified_gmt":"2012-10-06T21:12:35","slug":"la-peregrinacion-a-lujan-convoco-nuevamente-a-miles-de-jovenes","status":"publish","type":"post","link":"https:\/\/www.24baires.com\/?p=1206","title":{"rendered":"La peregrinaci\u00f3n a Luj\u00e1n convoc\u00f3 nuevamente a miles de j\u00f3venes"},"content":{"rendered":"<p><img data-recalc-dims=\"1\" loading=\"lazy\" decoding=\"async\" class=\"aligncenter size-full wp-image-1209\" title=\"lujan peregrinacion\" src=\"https:\/\/i0.wp.com\/www.24baires.com\/wp-content\/uploads\/2012\/10\/lujan-peregrinacion.jpg?resize=560%2C335\" alt=\"\" width=\"560\" height=\"335\" srcset=\"https:\/\/i0.wp.com\/www.24baires.com\/wp-content\/uploads\/2012\/10\/lujan-peregrinacion.jpg?w=560&amp;ssl=1 560w, https:\/\/i0.wp.com\/www.24baires.com\/wp-content\/uploads\/2012\/10\/lujan-peregrinacion.jpg?resize=300%2C179&amp;ssl=1 300w\" sizes=\"auto, (max-width: 560px) 100vw, 560px\" \/><\/p>\n<p>La 38a. Peregrinaci\u00f3n Juvenil a Pie a Luj\u00e1n parti\u00f3 desde el santuario de San Cayetano, en Liniers, donde la imagen de la virgen es acompa\u00f1ada por miles de j\u00f3venes que llegar\u00e1n ma\u00f1ana a la bas\u00edlica de Luj\u00e1n.<!--more--><\/p>\n<p>Los j\u00f3venes fueron despedidos en el santuario por monse\u00f1or Eduardo Garc\u00eda, obispo auxiliar de Buenos Aires, quien llam\u00f3 a \u00abreflexionar y ver al hermano necesitado en el camino de la vida\u00bb, y rescat\u00f3 el lema de la peregrinaci\u00f3n: \u00abMadre, ens\u00e9\u00f1anos a trabajar por la justicia\u00bb.<br \/>\nLos organizadores de la peregrinaci\u00f3n estimaron que los peregrinos arribar\u00e1n ma\u00f1ana a las 7 de la ma\u00f1ana a la Bas\u00edlica de Luj\u00e1n.<br \/>\nEn ese momento, el arzobispo de Buenos Aires y cardenal primado de la Argentina, Jorge Bergoglio, encabezar\u00e1 all\u00ed la misa central.<br \/>\nM\u00e1s de 5000 voluntarios colaboran en los m\u00e1s de 50 puestos de apoyo y sanitarios, para brindar atenci\u00f3n m\u00e9dica, bebidas y alimentos, as\u00ed como tambi\u00e9n atender las inquietudes de los peregrinos.<br \/>\nLos organizadores aclararon que los servicios de asistencia se ofrecen gratuitamente y que los puntos de referencia, tanto los sanitarios como los de apoyo, est\u00e1n visiblemente identificados con la imagen de la Virgen de Luj\u00e1n y el n\u00famero de puesto en rojo y los voluntarios permanecer\u00e1n hasta las 9 del domingo.<\/p>\n","protected":false},"excerpt":{"rendered":"<p>La 38a. Peregrinaci\u00f3n Juvenil a Pie a Luj\u00e1n parti\u00f3 desde el santuario de San Cayetano, en Liniers, donde la imagen de la virgen es acompa\u00f1ada por miles de j\u00f3venes que llegar\u00e1n ma\u00f1ana a la bas\u00edlica de Luj\u00e1n.<\/p>\n","protected":false},"author":11,"featured_media":0,"comment_status":"open","ping_status":"open","sticky":false,"template":"","format":"standard","meta":{"_jetpack_newsletter_access":"","_jetpack_dont_email_post_to_subs":false,"_jetpack_newsletter_tier_id":0,"_jetpack_memberships_contains_paywalled_content":false,"_jetpack_memberships_contains_paid_content":false,"footnotes":""},"categories":[1],"tags":[],"class_list":["post-1206","post","type-post","status-publish","format-standard","hentry","category-sociedad"],"jetpack_featured_media_url":"","jetpack_shortlink":"https:\/\/wp.me\/p2JWE0-js","jetpack-related-posts":[{"id":73085,"url":"https:\/\/www.24baires.com\/?p=73085","url_meta":{"origin":1206,"position":0},"title":"Peregrinaci\u00f3n a Luj\u00e1n: Multitudinaria misa en las puertas de la Bas\u00edlica","author":"GB","date":"04\/10\/2015","format":false,"excerpt":"Miles de fieles llegaron a la explanada, donde a las 7.00 el Arzobisbo de Buenos Aires, Mario Poli, encabez\u00f3 la misa. La 41\u00aa peregrinaci\u00f3n juvenil a Luj\u00e1n convoc\u00f3 a una multitud que recorri\u00f3 alrededor de 60 kil\u00f3metros para dar muestras de fe. La 41\u00aa peregrinaci\u00f3n juvenil a Luj\u00e1n fue multitudinaria.\u2026","rel":"","context":"En \u00abSociedad\u00bb","block_context":{"text":"Sociedad","link":"https:\/\/www.24baires.com\/?cat=1"},"img":{"alt_text":"peregrinacion lujan","src":"https:\/\/i0.wp.com\/www.24baires.com\/wp-content\/uploads\/2015\/10\/peregrinacion-lujan.jpg?resize=350%2C200","width":350,"height":200},"classes":[]},{"id":32972,"url":"https:\/\/www.24baires.com\/?p=32972","url_meta":{"origin":1206,"position":1},"title":"Una nueva peregrinaci\u00f3n juvenil a Luj\u00e1n parte este s\u00e1bado desde Liniers","author":"AF","date":"04\/10\/2013","format":false,"excerpt":"La celebraci\u00f3n se realiza bajo el lema \"Madre, cuida la fe de tu pueblo que camina\" y, como todos los a\u00f1os, la imagen cabecera partir\u00e1 a las 12 desde avenida Rivadavia y General Paz, y arribar\u00e1 a la bas\u00edlica el domingo, antes de las 7, para la misa centra. No\u2026","rel":"","context":"En \u00abSociedad\u00bb","block_context":{"text":"Sociedad","link":"https:\/\/www.24baires.com\/?cat=1"},"img":{"alt_text":"peregrinaci\u00f3n luj\u00e1n","src":"https:\/\/i0.wp.com\/www.24baires.com\/wp-content\/uploads\/2013\/10\/peregrinaci%C3%B3n-luj%C3%A1n-300x199.jpg?resize=350%2C200","width":350,"height":200},"classes":[]},{"id":63361,"url":"https:\/\/www.24baires.com\/?p=63361","url_meta":{"origin":1206,"position":2},"title":"Lleg\u00f3 a la Bas\u00edlica de Luj\u00e1n la \u00ababuela peregrina\u00bb","author":"AF","date":"19\/03\/2015","format":false,"excerpt":"Emma Morosini, de 91 a\u00f1os y conocida como la \u201cabuela peregrina\u201d, lleg\u00f3 hoy a la Bas\u00edlica de Luj\u00e1n en el final de su recorrido de m\u00e1s de 1.200 kil\u00f3metros por la paz que arranc\u00f3 a finales de diciembre en Tucum\u00e1n. \u201cEstoy muy feliz\u201d, se\u00f1al\u00f3 la mujer que a las 9.17\u2026","rel":"","context":"En \u00abSociedad\u00bb","block_context":{"text":"Sociedad","link":"https:\/\/www.24baires.com\/?cat=1"},"img":{"alt_text":"emma morosini","src":"https:\/\/i0.wp.com\/www.24baires.com\/wp-content\/uploads\/2015\/03\/emma-morosini.jpg?resize=350%2C200","width":350,"height":200,"srcset":"https:\/\/i0.wp.com\/www.24baires.com\/wp-content\/uploads\/2015\/03\/emma-morosini.jpg?resize=350%2C200 1x, https:\/\/i0.wp.com\/www.24baires.com\/wp-content\/uploads\/2015\/03\/emma-morosini.jpg?resize=525%2C300 1.5x"},"classes":[]},{"id":73058,"url":"https:\/\/www.24baires.com\/?p=73058","url_meta":{"origin":1206,"position":3},"title":"Miles de fieles participan de la peregrinaci\u00f3n a Luj\u00e1n","author":"AF","date":"03\/10\/2015","format":false,"excerpt":"Es la 41\u00b0. Este a\u00f1o se realiza bajo el lema \u201cGracias Madre por estar siempre, ay\u00fadanos a cuidar nuestra patria\u201d y bajo un fr\u00edo inusual para el inicio de la primavera. Un n\u00famero importante de creyentes ya inici\u00f3 desde temprano la caminata pero la gran columna se movilizar\u00e1 reci\u00e9n a\u2026","rel":"","context":"En \u00abLocales\u00bb","block_context":{"text":"Locales","link":"https:\/\/www.24baires.com\/?cat=38"},"img":{"alt_text":"peregrinaci\u00f3n luj\u00e1n3","src":"https:\/\/i0.wp.com\/www.24baires.com\/wp-content\/uploads\/2015\/10\/peregrinaci%C3%B3n-luj%C3%A1n3.jpg?resize=350%2C200","width":350,"height":200,"srcset":"https:\/\/i0.wp.com\/www.24baires.com\/wp-content\/uploads\/2015\/10\/peregrinaci%C3%B3n-luj%C3%A1n3.jpg?resize=350%2C200 1x, https:\/\/i0.wp.com\/www.24baires.com\/wp-content\/uploads\/2015\/10\/peregrinaci%C3%B3n-luj%C3%A1n3.jpg?resize=525%2C300 1.5x"},"classes":[]},{"id":54715,"url":"https:\/\/www.24baires.com\/?p=54715","url_meta":{"origin":1206,"position":4},"title":"Se acerca la XII Peregrinaci\u00f3n castrense a Luj\u00e1n","author":"AF","date":"03\/10\/2014","format":false,"excerpt":"El pueblo, perteneciente al partido de San Andr\u00e9s de Giles, realizar\u00e1 este domingo una misa en homenaje a la virgen Nuestra Se\u00f1ora del Rosario, patrona de la localidad bonaerense. El miercoles 8 de octubre a las 12 hs. en la Bas\u00edlica Nuestra Se\u00f1ora Luj\u00e1n se realizar\u00e1 la santa misa para\u2026","rel":"","context":"En \u00abLocales\u00bb","block_context":{"text":"Locales","link":"https:\/\/www.24baires.com\/?cat=38"},"img":{"alt_text":"peregrinaci\u00f3n luj\u00e1n2","src":"https:\/\/i0.wp.com\/www.24baires.com\/wp-content\/uploads\/2014\/10\/peregrinaci%C3%B3n-luj%C3%A1n2.jpg?resize=350%2C200","width":350,"height":200,"srcset":"https:\/\/i0.wp.com\/www.24baires.com\/wp-content\/uploads\/2014\/10\/peregrinaci%C3%B3n-luj%C3%A1n2.jpg?resize=350%2C200 1x, https:\/\/i0.wp.com\/www.24baires.com\/wp-content\/uploads\/2014\/10\/peregrinaci%C3%B3n-luj%C3%A1n2.jpg?resize=525%2C300 1.5x"},"classes":[]},{"id":33059,"url":"https:\/\/www.24baires.com\/?p=33059","url_meta":{"origin":1206,"position":5},"title":"Un multitud peregrin\u00f3 a Luj\u00e1n","author":"Grupo Sierra","date":"05\/10\/2013","format":false,"excerpt":"Miles de fieles de todo el pa\u00eds caminaron hacia Luj\u00e1n en una peregrinaci\u00f3n que se inici\u00f3 pasado el mediod\u00eda desde la Iglesia de San Cayetano, ubicada en el barrio porte\u00f1o de Liniers, y terminar\u00e1, estiman, cerca de las siete de la ma\u00f1ana del domingo. Bajo un sol primaveral, la Imagen\u2026","rel":"","context":"En \u00abSociedad\u00bb","block_context":{"text":"Sociedad","link":"https:\/\/www.24baires.com\/?cat=1"},"img":{"alt_text":"peregrinacion lujan","src":"https:\/\/i0.wp.com\/www.24baires.com\/wp-content\/uploads\/2013\/10\/peregrinacion-lujan.jpg?resize=350%2C200","width":350,"height":200,"srcset":"https:\/\/i0.wp.com\/www.24baires.com\/wp-content\/uploads\/2013\/10\/peregrinacion-lujan.jpg?resize=350%2C200 1x, https:\/\/i0.wp.com\/www.24baires.com\/wp-content\/uploads\/2013\/10\/peregrinacion-lujan.jpg?resize=525%2C300 1.5x"},"classes":[]}],"jetpack_sharing_enabled":true,"jetpack_likes_enabled":true,"_links":{"self":[{"href":"https:\/\/www.24baires.com\/index.php?rest_route=\/wp\/v2\/posts\/1206","targetHints":{"allow":["GET"]}}],"collection":[{"href":"https:\/\/www.24baires.com\/index.php?rest_route=\/wp\/v2\/posts"}],"about":[{"href":"https:\/\/www.24baires.com\/index.php?rest_route=\/wp\/v2\/types\/post"}],"author":[{"embeddable":true,"href":"https:\/\/www.24baires.com\/index.php?rest_route=\/wp\/v2\/users\/11"}],"replies":[{"embeddable":true,"href":"https:\/\/www.24baires.com\/index.php?rest_route=%2Fwp%2Fv2%2Fcomments&post=1206"}],"version-history":[{"count":0,"href":"https:\/\/www.24baires.com\/index.php?rest_route=\/wp\/v2\/posts\/1206\/revisions"}],"wp:attachment":[{"href":"https:\/\/www.24baires.com\/index.php?rest_route=%2Fwp%2Fv2%2Fmedia&parent=1206"}],"wp:term":[{"taxonomy":"category","embeddable":true,"href":"https:\/\/www.24baires.com\/index.php?rest_route=%2Fwp%2Fv2%2Fcategories&post=1206"},{"taxonomy":"post_tag","embeddable":true,"href":"https:\/\/www.24baires.com\/index.php?rest_route=%2Fwp%2Fv2%2Ftags&post=1206"}],"curies":[{"name":"wp","href":"https:\/\/api.w.org\/{rel}","templated":true}]}}