{"id":120596,"date":"2023-10-27T20:13:07","date_gmt":"2023-10-27T23:13:07","guid":{"rendered":"http:\/\/www.24baires.com\/?p=120596"},"modified":"2023-10-27T20:13:07","modified_gmt":"2023-10-27T23:13:07","slug":"massa-asegura-que-se-normalizara-rapido-el-abastecimiento-de-combustibles","status":"publish","type":"post","link":"https:\/\/www.24baires.com\/?p=120596","title":{"rendered":"Massa asegura que se normalizar\u00e1 r\u00e1pido el abastecimiento de combustibles"},"content":{"rendered":"<p><img data-recalc-dims=\"1\" loading=\"lazy\" decoding=\"async\" class=\"aligncenter wp-image-120597\" src=\"https:\/\/i0.wp.com\/www.24baires.com\/wp-content\/uploads\/2023\/10\/WhatsApp-Image-2023-10-27-at-20.12.04.jpeg?resize=720%2C405\" alt=\"\" width=\"720\" height=\"405\" srcset=\"https:\/\/i0.wp.com\/www.24baires.com\/wp-content\/uploads\/2023\/10\/WhatsApp-Image-2023-10-27-at-20.12.04.jpeg?w=655&amp;ssl=1 655w, https:\/\/i0.wp.com\/www.24baires.com\/wp-content\/uploads\/2023\/10\/WhatsApp-Image-2023-10-27-at-20.12.04.jpeg?resize=300%2C169&amp;ssl=1 300w\" sizes=\"auto, (max-width: 720px) 100vw, 720px\" \/>\u201cEl origen del problema es que el fin de semana pasado hubo un 15% mayor de consumo que el mismo fin de semana que el a\u00f1o anterior y se produjo un quiebre de stocks para las empresas\u201d, dijo Massa.<!--more--><\/p>\n<p>El ministro de Econom\u00eda, Sergio Massa, ratific\u00f3 hoy que el Gobierno nacional tom\u00f3 la decisi\u00f3n de importar 10 barcos de combustible para normalizar r\u00e1pidamente el abastecimiento, ante el pico de demanda del \u00faltimo fin de semana que provoc\u00f3 un quiebre de stocks en varias estaciones de servicio.<\/p>\n<p>\u201cEl origen del problema es que el fin de semana pasado hubo un 15% mayor de consumo que el mismo fin de semana que el a\u00f1o anterior y se produjo un quiebre de stocks para las empresas. Aspiramos a que se normalice r\u00e1pidamente\u201d, dijo Massa, en breve encuentro con periodistas a la salida del Ministerio de Econom\u00eda.<\/p>\n<p>\u201cAyer tomamos la decisi\u00f3n de hacer la compra de 10 barcos de combustible. Hoy se pagaron 40 millones de d\u00f3lares y el lunes se pagar\u00e1n otros 40 millones, para garantizar el abastecimiento\u201d, agreg\u00f3 el ministro.<\/p>\n<p>Este mediod\u00eda, la secretaria de Energ\u00eda, Flavia Royon, recibi\u00f3 a los directivos de las principales operadoras de combustibles del pa\u00eds, Pablo Gonz\u00e1lez (YPF), Mart\u00edn Urdapilleta (Trafigura), Marcos Bulgheroni (PAE) y Andr\u00e9s Cavallari (Ra\u00edzen), con quienes analizaron la situaci\u00f3n actual en materia de combustibles.<\/p>\n<p>Seg\u00fan se inform\u00f3 oficialmente, el aumento de la demanda responde a consumos inusuales en las \u00faltimas semanas, producto de que el fin de semana largo marc\u00f3 un r\u00e9cord de turismo en todo el pa\u00eds, una mayor actividad del campo (sector agropecuario) y que el fin de semana del 22\/10 -elecciones presidenciales- hubo consumos inusuales, alentados por la expectativa de una devaluaci\u00f3n post-electoral.<\/p>\n<p>En ese sentido, se acord\u00f3 la importaci\u00f3n de 10 barcos de combustible, terminar las paradas t\u00e9cnicas en los pr\u00f3ximos 10 d\u00edas y aumentar la capacidad de refino de las principales refiner\u00edas del pa\u00eds para solucionar las faltantes en los pr\u00f3ximos d\u00edas.<\/p>\n","protected":false},"excerpt":{"rendered":"<p>\u201cEl origen del problema es que el fin de semana pasado hubo un 15% mayor de consumo que el mismo fin de semana que el a\u00f1o anterior y se produjo un quiebre de stocks para las empresas\u201d, dijo Massa.<\/p>\n","protected":false},"author":4,"featured_media":0,"comment_status":"closed","ping_status":"closed","sticky":false,"template":"","format":"standard","meta":{"_jetpack_newsletter_access":"","_jetpack_dont_email_post_to_subs":false,"_jetpack_newsletter_tier_id":0,"_jetpack_memberships_contains_paywalled_content":false,"_jetpack_memberships_contains_paid_content":false,"footnotes":""},"categories":[1],"tags":[],"class_list":["post-120596","post","type-post","status-publish","format-standard","hentry","category-sociedad"],"jetpack_featured_media_url":"","jetpack_shortlink":"https:\/\/wp.me\/p2JWE0-vn6","jetpack-related-posts":[{"id":120752,"url":"https:\/\/www.24baires.com\/?p=120752","url_meta":{"origin":120596,"position":0},"title":"Aument\u00f3 un 37% el precio de los combustibles","author":"AF","date":"13\/12\/2023","format":false,"excerpt":"Seg\u00fan fuentes del sector, el incremento responde al movimiento del tipo de cambio oficial y al proceso de recuperaci\u00f3n de precios por el atraso acumulado en lo que va del corriente a\u00f1o. La petrolera Shell, la marca gerenciada por Raizen en la Argentina, aument\u00f3 hoy un 37% promedio el precio\u2026","rel":"","context":"En \u00abEconom\u00eda\u00bb","block_context":{"text":"Econom\u00eda","link":"https:\/\/www.24baires.com\/?cat=45"},"img":{"alt_text":"","src":"https:\/\/i0.wp.com\/www.24baires.com\/wp-content\/uploads\/2013\/02\/surtidor-nafta.jpg?resize=350%2C200","width":350,"height":200,"srcset":"https:\/\/i0.wp.com\/www.24baires.com\/wp-content\/uploads\/2013\/02\/surtidor-nafta.jpg?resize=350%2C200 1x, https:\/\/i0.wp.com\/www.24baires.com\/wp-content\/uploads\/2013\/02\/surtidor-nafta.jpg?resize=525%2C300 1.5x, https:\/\/i0.wp.com\/www.24baires.com\/wp-content\/uploads\/2013\/02\/surtidor-nafta.jpg?resize=700%2C400 2x"},"classes":[]},{"id":39528,"url":"https:\/\/www.24baires.com\/?p=39528","url_meta":{"origin":120596,"position":1},"title":"\u00abVamos a sostener un nivel de reservas adecuado\u00bb, asegur\u00f3 Kicillof","author":"GB","date":"30\/01\/2014","format":false,"excerpt":"Tras conseguir estabilizar el precio del d\u00f3lar, el ministro de Econom\u00eda conf\u00eda en que los exportadores liquidar\u00e1n sus stocks. Una semana despu\u00e9s de la mayor devaluaci\u00f3n de la \u00faltima d\u00e9cada, el ministro de Econom\u00eda, Axel Kicillof, piensa que se cumpli\u00f3 el primer objetivo: clavar el precio del d\u00f3lar en 8\u2026","rel":"","context":"En \u00abEconom\u00eda\u00bb","block_context":{"text":"Econom\u00eda","link":"https:\/\/www.24baires.com\/?cat=45"},"img":{"alt_text":"axelkicillof","src":"https:\/\/i0.wp.com\/www.24baires.com\/wp-content\/uploads\/2014\/01\/axelkicillof.jpg?resize=350%2C200","width":350,"height":200,"srcset":"https:\/\/i0.wp.com\/www.24baires.com\/wp-content\/uploads\/2014\/01\/axelkicillof.jpg?resize=350%2C200 1x, https:\/\/i0.wp.com\/www.24baires.com\/wp-content\/uploads\/2014\/01\/axelkicillof.jpg?resize=525%2C300 1.5x"},"classes":[]},{"id":107900,"url":"https:\/\/www.24baires.com\/?p=107900","url_meta":{"origin":120596,"position":2},"title":"Por la ca\u00edda del consumo, ARCOR dejar\u00e1 de producir en una de sus plantas.","author":"AF","date":"29\/04\/2019","format":false,"excerpt":"Es por la fuerte ca\u00edda del consumo, la peor desde 2002. Por el momento, no habr\u00eda despidos, aunque s\u00ed reacomodamiento de personal hacia otras \u00e1reas. La alimenticia Arcor anunci\u00f3 la suspensi\u00f3n de las operaciones de su planta de alcohol de San Pedro para hacer frente a la acumulaci\u00f3n de stocks\u2026","rel":"","context":"En \u00abSociedad\u00bb","block_context":{"text":"Sociedad","link":"https:\/\/www.24baires.com\/?cat=1"},"img":{"alt_text":"","src":"https:\/\/i0.wp.com\/www.24baires.com\/wp-content\/uploads\/2019\/04\/arcor.jpg?resize=350%2C200","width":350,"height":200,"srcset":"https:\/\/i0.wp.com\/www.24baires.com\/wp-content\/uploads\/2019\/04\/arcor.jpg?resize=350%2C200 1x, https:\/\/i0.wp.com\/www.24baires.com\/wp-content\/uploads\/2019\/04\/arcor.jpg?resize=525%2C300 1.5x"},"classes":[]},{"id":119035,"url":"https:\/\/www.24baires.com\/?p=119035","url_meta":{"origin":120596,"position":3},"title":"El Gobierno asegur\u00f3 que se ir\u00e1 \u00abnormalizando progresivamente\u00bb el abastecimiento de gasoil","author":"AF","date":"29\/06\/2022","format":false,"excerpt":"El abastecimiento ser\u00e1 \"a lo largo y ancho del pa\u00eds\" mediante una cargamento importado que est\u00e1 en manos de YPF y Shell, entre otras medidas adoptadas por el secretario de Energ\u00eda de la Naci\u00f3n y el jefe de Gabinete de Ministros. La provisi\u00f3n de gasoil \"se ir\u00e1 normalizando progresivamente a\u2026","rel":"","context":"En \u00abSociedad\u00bb","block_context":{"text":"Sociedad","link":"https:\/\/www.24baires.com\/?cat=1"},"img":{"alt_text":"","src":"https:\/\/i0.wp.com\/www.24baires.com\/wp-content\/uploads\/2022\/06\/ypf.jpg?resize=350%2C200","width":350,"height":200,"srcset":"https:\/\/i0.wp.com\/www.24baires.com\/wp-content\/uploads\/2022\/06\/ypf.jpg?resize=350%2C200 1x, https:\/\/i0.wp.com\/www.24baires.com\/wp-content\/uploads\/2022\/06\/ypf.jpg?resize=525%2C300 1.5x, https:\/\/i0.wp.com\/www.24baires.com\/wp-content\/uploads\/2022\/06\/ypf.jpg?resize=700%2C400 2x"},"classes":[]},{"id":120047,"url":"https:\/\/www.24baires.com\/?p=120047","url_meta":{"origin":120596,"position":4},"title":"Sergio Massa convocar\u00e1 a un acuerdo de precios y salarios por 90 d\u00edas","author":"GB","date":"27\/04\/2023","format":false,"excerpt":"Tras ponerle un freno a la corrida cambiaria, Sergio Massa se reuni\u00f3 junto a la c\u00fapula de la CGT y cont\u00f3 que realizar\u00e1 un acuerdo de precios y salarios. Luego de una semana caliente en el mercado cambiario, el ministro de Econom\u00eda de la Naci\u00f3n, Sergio Massa, anunci\u00f3 este mi\u00e9rcoles\u2026","rel":"","context":"En \u00abEconom\u00eda\u00bb","block_context":{"text":"Econom\u00eda","link":"https:\/\/www.24baires.com\/?cat=45"},"img":{"alt_text":"","src":"https:\/\/i0.wp.com\/www.24baires.com\/wp-content\/uploads\/2023\/04\/argenchina.jpeg?resize=350%2C200","width":350,"height":200,"srcset":"https:\/\/i0.wp.com\/www.24baires.com\/wp-content\/uploads\/2023\/04\/argenchina.jpeg?resize=350%2C200 1x, https:\/\/i0.wp.com\/www.24baires.com\/wp-content\/uploads\/2023\/04\/argenchina.jpeg?resize=525%2C300 1.5x, https:\/\/i0.wp.com\/www.24baires.com\/wp-content\/uploads\/2023\/04\/argenchina.jpeg?resize=700%2C400 2x"},"classes":[]},{"id":119752,"url":"https:\/\/www.24baires.com\/?p=119752","url_meta":{"origin":120596,"position":5},"title":"Precios Justos se extiende hasta julio y suma 124 empresas","author":"AF","date":"27\/01\/2023","format":false,"excerpt":"El secretario de Comercio, Mat\u00edas Tombolini, inform\u00f3 que pr\u00f3ximamente ser\u00e1n 482 las empresas participantes del programa \u201cPrecios Justos\u201d. Este viernes, el secretario de Comercio, Mat\u00edas Tombolini, destac\u00f3 que el programa Precios Justos sumar\u00e1 en pocos d\u00edas a unas 124 empresas con lo cual alcanzar\u00e1 a 482 participantes. \u201cVamos camino a\u2026","rel":"","context":"En \u00abEconom\u00eda\u00bb","block_context":{"text":"Econom\u00eda","link":"https:\/\/www.24baires.com\/?cat=45"},"img":{"alt_text":"","src":"https:\/\/i0.wp.com\/www.24baires.com\/wp-content\/uploads\/2015\/02\/precios-acordados-g%C3%B3ndola-super.jpg?resize=350%2C200","width":350,"height":200,"srcset":"https:\/\/i0.wp.com\/www.24baires.com\/wp-content\/uploads\/2015\/02\/precios-acordados-g%C3%B3ndola-super.jpg?resize=350%2C200 1x, https:\/\/i0.wp.com\/www.24baires.com\/wp-content\/uploads\/2015\/02\/precios-acordados-g%C3%B3ndola-super.jpg?resize=525%2C300 1.5x, https:\/\/i0.wp.com\/www.24baires.com\/wp-content\/uploads\/2015\/02\/precios-acordados-g%C3%B3ndola-super.jpg?resize=700%2C400 2x"},"classes":[]}],"jetpack_sharing_enabled":true,"jetpack_likes_enabled":true,"_links":{"self":[{"href":"https:\/\/www.24baires.com\/index.php?rest_route=\/wp\/v2\/posts\/120596","targetHints":{"allow":["GET"]}}],"collection":[{"href":"https:\/\/www.24baires.com\/index.php?rest_route=\/wp\/v2\/posts"}],"about":[{"href":"https:\/\/www.24baires.com\/index.php?rest_route=\/wp\/v2\/types\/post"}],"author":[{"embeddable":true,"href":"https:\/\/www.24baires.com\/index.php?rest_route=\/wp\/v2\/users\/4"}],"replies":[{"embeddable":true,"href":"https:\/\/www.24baires.com\/index.php?rest_route=%2Fwp%2Fv2%2Fcomments&post=120596"}],"version-history":[{"count":1,"href":"https:\/\/www.24baires.com\/index.php?rest_route=\/wp\/v2\/posts\/120596\/revisions"}],"predecessor-version":[{"id":120598,"href":"https:\/\/www.24baires.com\/index.php?rest_route=\/wp\/v2\/posts\/120596\/revisions\/120598"}],"wp:attachment":[{"href":"https:\/\/www.24baires.com\/index.php?rest_route=%2Fwp%2Fv2%2Fmedia&parent=120596"}],"wp:term":[{"taxonomy":"category","embeddable":true,"href":"https:\/\/www.24baires.com\/index.php?rest_route=%2Fwp%2Fv2%2Fcategories&post=120596"},{"taxonomy":"post_tag","embeddable":true,"href":"https:\/\/www.24baires.com\/index.php?rest_route=%2Fwp%2Fv2%2Ftags&post=120596"}],"curies":[{"name":"wp","href":"https:\/\/api.w.org\/{rel}","templated":true}]}}