{"id":120548,"date":"2023-10-11T23:07:01","date_gmt":"2023-10-12T02:07:01","guid":{"rendered":"http:\/\/www.24baires.com\/?p=120548"},"modified":"2023-10-11T23:07:01","modified_gmt":"2023-10-12T02:07:01","slug":"alberto-fernandez-denuncio-a-milei-y-a-marra-por-sus-dichos-contra-el-peso","status":"publish","type":"post","link":"https:\/\/www.24baires.com\/?p=120548","title":{"rendered":"Alberto Fern\u00e1ndez denunci\u00f3 a Milei y a Marra por sus dichos contra el peso"},"content":{"rendered":"<p><img data-recalc-dims=\"1\" loading=\"lazy\" decoding=\"async\" class=\"aligncenter wp-image-116604\" src=\"https:\/\/i0.wp.com\/www.24baires.com\/wp-content\/uploads\/2020\/11\/alberto-fernandez-anuncia-la-construccion-centros-la-ninez.jpg?resize=720%2C480\" alt=\"\" width=\"720\" height=\"480\" srcset=\"https:\/\/i0.wp.com\/www.24baires.com\/wp-content\/uploads\/2020\/11\/alberto-fernandez-anuncia-la-construccion-centros-la-ninez.jpg?w=540&amp;ssl=1 540w, https:\/\/i0.wp.com\/www.24baires.com\/wp-content\/uploads\/2020\/11\/alberto-fernandez-anuncia-la-construccion-centros-la-ninez.jpg?resize=300%2C200&amp;ssl=1 300w\" sizes=\"auto, (max-width: 720px) 100vw, 720px\" \/>La denuncia, que recay\u00f3 en el juzgado federal de Mar\u00eda Servini, est\u00e1 apoyada en el art\u00edculo 211 del C\u00f3digo Penal, que define el delito de intimidaci\u00f3n p\u00fablica como \u201cdar voces de alarma, hacer se\u00f1ales o utilizar otros medios materiales para infundir temor p\u00fablico o suscitar tumultos o des\u00f3rdenes\u201d.<!--more--><\/p>\n<p>El Presidente Alberto Fern\u00e1ndez denunci\u00f3 el mi\u00e9rcoles por \u201cintimidaci\u00f3n p\u00fablica\u201d al candidato presidencial de La Libertad Avanza (LLA), Javier Milei, por considerar que su persistente desacreditaci\u00f3n de la moneda nacional caus\u00f3 \u201ctemor\u201d en la ciudadan\u00eda y favoreci\u00f3 el desarrollo de una \u201ccorrida\u201d bancaria en los \u00faltimos d\u00edas. Adem\u00e1s, el Presidente denunci\u00f3 al legislador y candidato a jefe de Gobierno porte\u00f1o, Ramiro Marra, por recomendar a la ciudadan\u00eda a no ahorrar en pesos.<\/p>\n<p>\u201cComo consecuencia directa e inexorable de ese grupo de manifestaciones p\u00fablicas y masivas, y del temor consecuente, el valor de dicha moneda extranjera para el mercado paralelo ascendi\u00f3 estrepitosamente y en menos de un d\u00eda, desde los ochocientos setenta ($870) hasta los mil diez pesos ($1.010)\u201d, dice el texto presentado ante la justicia por el jefe de Estado.<\/p>\n<p>El aspirante libertario a gobernar la Argentina recomend\u00f3, en una entrevista, no ahorrar en la moneda nacional: \u201cJam\u00e1s en pesos, jam\u00e1s en pesos. El peso es la moneda que emite el pol\u00edtico argentino, por ende no puede valer ni excremento porque esas basuras no sirven ni para abono\u201d.<\/p>\n<p>La denuncia del Presidente, que recay\u00f3 en el juzgado federal de Mar\u00eda Servini, est\u00e1 apoyada en el art\u00edculo 211 del C\u00f3digo Penal, que define el delito de intimidaci\u00f3n p\u00fablica como \u201cdar voces de alarma, hacer se\u00f1ales o utilizar otros medios materiales para infundir temor p\u00fablico o suscitar tumultos o des\u00f3rdenes\u201d, con penas que van de los 2 a los 6 a\u00f1os de prisi\u00f3n.<\/p>\n<p>La denuncia<\/p>\n<p>En su presentaci\u00f3n, Fern\u00e1ndez argument\u00f3 que la \u201ccorrida\u201d experimentada en el mercado cambiario en los \u00faltimos d\u00edas fue \u201cconsecuencia directa de estas afirmaciones p\u00fablicas y masivas de un grupo de personas con responsabilidad institucional definida, a trav\u00e9s de las cuales en primer lugar compararon la moneda nacional con excremento y \u2014a trav\u00e9s de un error conceptual\u2014 afirmaron que presentaba un mecanismo de emisi\u00f3n que no es ver\u00eddico ni acertado\u201d.<\/p>\n<p>\u201cSe trata en definitiva no de hechos aislados de personas comunes, sin responsabilidad institucional actual o futura, y sin significancia jur\u00eddica alguna; por el contrario, estos sucesos fueron llevados a cabo por individuos que o bien gozan de un cargo p\u00fablico electivo en ejercicio o bien se encuentran postulados para asumir otros similares\u201d, consider\u00f3 Fern\u00e1ndez.<\/p>\n<p>Fuente: DIARIOHOY.NET<\/p>\n","protected":false},"excerpt":{"rendered":"<p>La denuncia, que recay\u00f3 en el juzgado federal de Mar\u00eda Servini, est\u00e1 apoyada en el art\u00edculo 211 del C\u00f3digo Penal, que define el delito de intimidaci\u00f3n p\u00fablica como \u201cdar voces de alarma, hacer se\u00f1ales o utilizar otros medios materiales para infundir temor p\u00fablico o suscitar tumultos o des\u00f3rdenes\u201d.<\/p>\n","protected":false},"author":4,"featured_media":0,"comment_status":"closed","ping_status":"closed","sticky":false,"template":"","format":"standard","meta":{"_jetpack_newsletter_access":"","_jetpack_dont_email_post_to_subs":false,"_jetpack_newsletter_tier_id":0,"_jetpack_memberships_contains_paywalled_content":false,"_jetpack_memberships_contains_paid_content":false,"footnotes":""},"categories":[1],"tags":[],"class_list":["post-120548","post","type-post","status-publish","format-standard","hentry","category-sociedad"],"jetpack_featured_media_url":"","jetpack_shortlink":"https:\/\/wp.me\/p2JWE0-vmk","jetpack-related-posts":[{"id":120545,"url":"https:\/\/www.24baires.com\/?p=120545","url_meta":{"origin":120548,"position":0},"title":"Acusan a Milei de hacer \u00abterrorismo econ\u00f3mico\u00bb para desestabilizar el sistema","author":"AF","date":"10\/10\/2023","format":false,"excerpt":"Desde Agust\u00edn Rossi y Axel Kicillof a Daniel Men\u00e9ndez, Myriam Bregman y Patricia Bullrich rechazaron las declaraciones del candidato de LLA sobre el peso, los plazos fijos y el funcionamiento del sistema financiero. \u00abTiene una clara intenci\u00f3n de generar zozobra y provocar una crisis financiera\u00bb, denunci\u00f3 la Asociaci\u00f3n Bancaria. Las\u2026","rel":"","context":"En \u00abPol\u00edtica\u00bb","block_context":{"text":"Pol\u00edtica","link":"https:\/\/www.24baires.com\/?cat=51"},"img":{"alt_text":"","src":"https:\/\/i0.wp.com\/www.24baires.com\/wp-content\/uploads\/2023\/08\/milei-2.webp?resize=350%2C200","width":350,"height":200,"srcset":"https:\/\/i0.wp.com\/www.24baires.com\/wp-content\/uploads\/2023\/08\/milei-2.webp?resize=350%2C200 1x, https:\/\/i0.wp.com\/www.24baires.com\/wp-content\/uploads\/2023\/08\/milei-2.webp?resize=525%2C300 1.5x, https:\/\/i0.wp.com\/www.24baires.com\/wp-content\/uploads\/2023\/08\/milei-2.webp?resize=700%2C400 2x"},"classes":[]},{"id":122492,"url":"https:\/\/www.24baires.com\/?p=122492","url_meta":{"origin":120548,"position":1},"title":"La libertad de expresi\u00f3n \u201cdebe ceder\u201d","author":"GB","date":"02\/09\/2025","format":false,"excerpt":"Se conocieron los pormenores de la cautelar que el pol\u00e9mico Juez Federal, Patricio Maraniello, favoreci\u00f3 al gobierno nacional para que no se difundan nuevos audios. Se conocieron m\u00e1s detalles de la pol\u00e9mica medida cautelar dictada este lunes por el juez federal, Patricio Maraniello, para evitar la difusi\u00f3n de los audios\u2026","rel":"","context":"En \u00abPol\u00edtica\u00bb","block_context":{"text":"Pol\u00edtica","link":"https:\/\/www.24baires.com\/?cat=51"},"img":{"alt_text":"","src":"https:\/\/i0.wp.com\/www.24baires.com\/wp-content\/uploads\/2025\/09\/milei-y-karina.jpeg?resize=350%2C200","width":350,"height":200,"srcset":"https:\/\/i0.wp.com\/www.24baires.com\/wp-content\/uploads\/2025\/09\/milei-y-karina.jpeg?resize=350%2C200 1x, https:\/\/i0.wp.com\/www.24baires.com\/wp-content\/uploads\/2025\/09\/milei-y-karina.jpeg?resize=525%2C300 1.5x, https:\/\/i0.wp.com\/www.24baires.com\/wp-content\/uploads\/2025\/09\/milei-y-karina.jpeg?resize=700%2C400 2x"},"classes":[]},{"id":120608,"url":"https:\/\/www.24baires.com\/?p=120608","url_meta":{"origin":120548,"position":2},"title":"El Partido Socialista explicit\u00f3 su apoyo a Massa","author":"AF","date":"01\/11\/2023","format":false,"excerpt":"Espantado por Milei, el espacio que hasta hace unos d\u00edas segu\u00eda siendo parte integrante de Juntos por el Cambio, se pronunci\u00f3 por el candidato de Uni\u00f3n por la Patria. En contraste con la neutralidad expl\u00edcita manifestada por el Frente de Izquierda y parte de la UCR, el Partido Socialista anunci\u00f3\u2026","rel":"","context":"En \u00abPol\u00edtica\u00bb","block_context":{"text":"Pol\u00edtica","link":"https:\/\/www.24baires.com\/?cat=51"},"img":{"alt_text":"","src":"https:\/\/i0.wp.com\/www.24baires.com\/wp-content\/uploads\/2023\/11\/WhatsApp-Image-2023-11-01-at-20.46.14.jpeg?resize=350%2C200","width":350,"height":200,"srcset":"https:\/\/i0.wp.com\/www.24baires.com\/wp-content\/uploads\/2023\/11\/WhatsApp-Image-2023-11-01-at-20.46.14.jpeg?resize=350%2C200 1x, https:\/\/i0.wp.com\/www.24baires.com\/wp-content\/uploads\/2023\/11\/WhatsApp-Image-2023-11-01-at-20.46.14.jpeg?resize=525%2C300 1.5x, https:\/\/i0.wp.com\/www.24baires.com\/wp-content\/uploads\/2023\/11\/WhatsApp-Image-2023-11-01-at-20.46.14.jpeg?resize=700%2C400 2x"},"classes":[]},{"id":122004,"url":"https:\/\/www.24baires.com\/?p=122004","url_meta":{"origin":120548,"position":3},"title":"LLA ech\u00f3 a Ramiro Marra","author":"GB","date":"30\/01\/2025","format":false,"excerpt":"Cay\u00f3 otro \u201cle\u00f3n\u201d: Ramiro Marra, expulsado de La Libertad Avanza. El legislador porte\u00f1o se enter\u00f3 en vivo que lo hab\u00edan echado. La Libertad Avanza (LLA) anunci\u00f3 este mi\u00e9rcoles que el legislador porte\u00f1o Ramiro Marra ya no forma parte del partido. La noticia se dio a conocer primero en una entrevista\u2026","rel":"","context":"En \u00abPol\u00edtica\u00bb","block_context":{"text":"Pol\u00edtica","link":"https:\/\/www.24baires.com\/?cat=51"},"img":{"alt_text":"","src":"https:\/\/i0.wp.com\/www.24baires.com\/wp-content\/uploads\/2025\/01\/ramiro-marra-m-1jpg.jpg?resize=350%2C200","width":350,"height":200,"srcset":"https:\/\/i0.wp.com\/www.24baires.com\/wp-content\/uploads\/2025\/01\/ramiro-marra-m-1jpg.jpg?resize=350%2C200 1x, https:\/\/i0.wp.com\/www.24baires.com\/wp-content\/uploads\/2025\/01\/ramiro-marra-m-1jpg.jpg?resize=525%2C300 1.5x, https:\/\/i0.wp.com\/www.24baires.com\/wp-content\/uploads\/2025\/01\/ramiro-marra-m-1jpg.jpg?resize=700%2C400 2x"},"classes":[]},{"id":120013,"url":"https:\/\/www.24baires.com\/?p=120013","url_meta":{"origin":120548,"position":4},"title":"Milei sum\u00f3 a su espacio a un candidato acusado de pedofilia y trata de personas","author":"GB","date":"18\/04\/2023","format":false,"excerpt":"Javier Milei le dio su apoyo a un candidato que fue condenado por graves delitos sexuales. El l\u00edder de los libertarios y precandidato presidencial, Javier Milei, est\u00e1 aliado con el frente Desarrollo y Libertad de la provincia de San juan, quienes a su vez decidieron incorporar como candidato a intendente\u2026","rel":"","context":"En \u00abPol\u00edtica\u00bb","block_context":{"text":"Pol\u00edtica","link":"https:\/\/www.24baires.com\/?cat=51"},"img":{"alt_text":"","src":"https:\/\/i0.wp.com\/www.24baires.com\/wp-content\/uploads\/2023\/03\/211002065354-c2-milei-vacunas-full-169-1024x576-1.webp?resize=350%2C200","width":350,"height":200,"srcset":"https:\/\/i0.wp.com\/www.24baires.com\/wp-content\/uploads\/2023\/03\/211002065354-c2-milei-vacunas-full-169-1024x576-1.webp?resize=350%2C200 1x, https:\/\/i0.wp.com\/www.24baires.com\/wp-content\/uploads\/2023\/03\/211002065354-c2-milei-vacunas-full-169-1024x576-1.webp?resize=525%2C300 1.5x, https:\/\/i0.wp.com\/www.24baires.com\/wp-content\/uploads\/2023\/03\/211002065354-c2-milei-vacunas-full-169-1024x576-1.webp?resize=700%2C400 2x"},"classes":[]},{"id":120690,"url":"https:\/\/www.24baires.com\/?p=120690","url_meta":{"origin":120548,"position":5},"title":"Bullrich vuelve a Seguridad y crece la influencia de Macri","author":"AF","date":"24\/11\/2023","format":false,"excerpt":"La excandidata a presidente de Juntos por el Cambio volver\u00e1 a estar al frente de la cartera que ejerci\u00f3 entre 2015 y 2019. Tambi\u00e9n, este jueves se inform\u00f3 que Carolina P\u00edparo no estar\u00e1 al frente de la ANSES, tal como se hab\u00eda anunciado. El presidente electo Javier Milei continu\u00f3 en\u2026","rel":"","context":"En \u00abPol\u00edtica\u00bb","block_context":{"text":"Pol\u00edtica","link":"https:\/\/www.24baires.com\/?cat=51"},"img":{"alt_text":"","src":"https:\/\/i0.wp.com\/www.24baires.com\/wp-content\/uploads\/2023\/11\/bullrich.jpg?resize=350%2C200","width":350,"height":200,"srcset":"https:\/\/i0.wp.com\/www.24baires.com\/wp-content\/uploads\/2023\/11\/bullrich.jpg?resize=350%2C200 1x, https:\/\/i0.wp.com\/www.24baires.com\/wp-content\/uploads\/2023\/11\/bullrich.jpg?resize=525%2C300 1.5x, https:\/\/i0.wp.com\/www.24baires.com\/wp-content\/uploads\/2023\/11\/bullrich.jpg?resize=700%2C400 2x"},"classes":[]}],"jetpack_sharing_enabled":true,"jetpack_likes_enabled":true,"_links":{"self":[{"href":"https:\/\/www.24baires.com\/index.php?rest_route=\/wp\/v2\/posts\/120548","targetHints":{"allow":["GET"]}}],"collection":[{"href":"https:\/\/www.24baires.com\/index.php?rest_route=\/wp\/v2\/posts"}],"about":[{"href":"https:\/\/www.24baires.com\/index.php?rest_route=\/wp\/v2\/types\/post"}],"author":[{"embeddable":true,"href":"https:\/\/www.24baires.com\/index.php?rest_route=\/wp\/v2\/users\/4"}],"replies":[{"embeddable":true,"href":"https:\/\/www.24baires.com\/index.php?rest_route=%2Fwp%2Fv2%2Fcomments&post=120548"}],"version-history":[{"count":1,"href":"https:\/\/www.24baires.com\/index.php?rest_route=\/wp\/v2\/posts\/120548\/revisions"}],"predecessor-version":[{"id":120549,"href":"https:\/\/www.24baires.com\/index.php?rest_route=\/wp\/v2\/posts\/120548\/revisions\/120549"}],"wp:attachment":[{"href":"https:\/\/www.24baires.com\/index.php?rest_route=%2Fwp%2Fv2%2Fmedia&parent=120548"}],"wp:term":[{"taxonomy":"category","embeddable":true,"href":"https:\/\/www.24baires.com\/index.php?rest_route=%2Fwp%2Fv2%2Fcategories&post=120548"},{"taxonomy":"post_tag","embeddable":true,"href":"https:\/\/www.24baires.com\/index.php?rest_route=%2Fwp%2Fv2%2Ftags&post=120548"}],"curies":[{"name":"wp","href":"https:\/\/api.w.org\/{rel}","templated":true}]}}