{"id":120539,"date":"2023-10-06T17:29:49","date_gmt":"2023-10-06T20:29:49","guid":{"rendered":"http:\/\/www.24baires.com\/?p=120539"},"modified":"2023-10-06T17:29:49","modified_gmt":"2023-10-06T20:29:49","slug":"mar-del-plata-realizan-encuentro-tech-para-toda-la-comunidad","status":"publish","type":"post","link":"https:\/\/www.24baires.com\/?p=120539","title":{"rendered":"Mar del Plata: realizan encuentro \u00abtech\u00bb para toda la comunidad"},"content":{"rendered":"<p><img data-recalc-dims=\"1\" loading=\"lazy\" decoding=\"async\" class=\"aligncenter wp-image-120540\" src=\"https:\/\/i0.wp.com\/www.24baires.com\/wp-content\/uploads\/2023\/10\/WhatsApp-Image-2023-10-06-at-17.26.03.jpeg?resize=720%2C405\" alt=\"\" width=\"720\" height=\"405\" srcset=\"https:\/\/i0.wp.com\/www.24baires.com\/wp-content\/uploads\/2023\/10\/WhatsApp-Image-2023-10-06-at-17.26.03.jpeg?w=1280&amp;ssl=1 1280w, https:\/\/i0.wp.com\/www.24baires.com\/wp-content\/uploads\/2023\/10\/WhatsApp-Image-2023-10-06-at-17.26.03.jpeg?resize=300%2C169&amp;ssl=1 300w, https:\/\/i0.wp.com\/www.24baires.com\/wp-content\/uploads\/2023\/10\/WhatsApp-Image-2023-10-06-at-17.26.03.jpeg?resize=1024%2C576&amp;ssl=1 1024w, https:\/\/i0.wp.com\/www.24baires.com\/wp-content\/uploads\/2023\/10\/WhatsApp-Image-2023-10-06-at-17.26.03.jpeg?resize=768%2C432&amp;ssl=1 768w\" sizes=\"auto, (max-width: 720px) 100vw, 720px\" \/>El s\u00e1bado 7 de octubre de 17 a 20 se desarrollar\u00e1 en Mar del Plata el \u00abEncuentro Tech Marplatense 2023\u00bb, un evento especial que promete ser un punto de encuentro clave para debatir y promover ideas y proyectos destinados a potenciar la comunidad inform\u00e1tica de la regi\u00f3n. El ingreso es libre y gratuito, con inscripci\u00f3n previa.<!--more--><\/p>\n<p>Esta iniciativa, organizada por AGC, Internauta Argentina, Criptomonedas &amp; Blockhain y empresarios PyME de la ciudad nucleados en Nodo Tech Mar del Plata, busca fomentar a partir del empoderamiento y la participaci\u00f3n, la generaci\u00f3n de pol\u00edticas p\u00fablicas que impulsen y respalden ciudades inteligentes, sustentables, sostenibles y resilentes, alineadas con la econom\u00eda del conocimiento.<\/p>\n<p>En ese sentido, Leonardo Tadei de OrionPagos, empresario tech y expositor, anticip\u00f3 que se trata de un encuentro abierto a la comunidad, donde se \u00abentrecruzan lo tecnol\u00f3gico, lo pol\u00edtico y lo social\u00bb. Se busca conectar a trabajadores del \u00e1rea con las empresas y los actores pol\u00edticos vinculados a la tem\u00e1tica. \u00abNo es un encuentro tecnol\u00f3gico, es un encuentro de trabajadores de la tecnolog\u00eda\u00bb, aclar\u00f3 Tadei, quien remarc\u00f3 la importancia de que todos los actores sociales participen y as\u00ed, generar comunidad.<\/p>\n<p>Habr\u00e1 paneles en donde se tratar\u00e1n tem\u00e1ticas diversas, que van desde la visi\u00f3n local de la actividad con las pol\u00edticas de desarrollo existentes; informaci\u00f3n sobre beneficios fiscales; particularidades de las importaciones y las exportaciones; hasta discusiones sobre una posible sindicatura.<\/p>\n<p>Adem\u00e1s, habr\u00e1 stands de PyMEs y de empresas de desarrollo, en un escenario ideal, como lo es el de Theos Bar y Caf\u00e9 Crypto de Mitre 2254, Mar del Plata. Quienes quieran participar del encuentro, deben ingresar a www.encuentrotech.com.ar y registrarse.<\/p>\n","protected":false},"excerpt":{"rendered":"<p>El s\u00e1bado 7 de octubre de 17 a 20 se desarrollar\u00e1 en Mar del Plata el \u00abEncuentro Tech Marplatense 2023\u00bb, un evento especial que promete ser un punto de encuentro clave para debatir y promover ideas y proyectos destinados a potenciar la comunidad inform\u00e1tica de la regi\u00f3n. El ingreso es libre y gratuito, con inscripci\u00f3n previa.<\/p>\n","protected":false},"author":4,"featured_media":0,"comment_status":"closed","ping_status":"closed","sticky":false,"template":"","format":"standard","meta":{"_jetpack_newsletter_access":"","_jetpack_dont_email_post_to_subs":false,"_jetpack_newsletter_tier_id":0,"_jetpack_memberships_contains_paywalled_content":false,"_jetpack_memberships_contains_paid_content":false,"footnotes":""},"categories":[1],"tags":[],"class_list":["post-120539","post","type-post","status-publish","format-standard","hentry","category-sociedad"],"jetpack_featured_media_url":"","jetpack_shortlink":"https:\/\/wp.me\/p2JWE0-vmb","jetpack-related-posts":[{"id":106686,"url":"https:\/\/www.24baires.com\/?p=106686","url_meta":{"origin":120539,"position":0},"title":"Dos j\u00f3venes graves tras recibir una descarga el\u00e9ctrica en el tren Roca","author":"GB","date":"05\/02\/2019","format":false,"excerpt":"Dos personas que viajaban en el techo del tren Roca recibieron una fuerte descarga el\u00e9ctrica y debieron ser atendidos de urgencia. Por el hecho, el servicio a Mar del Plata se encuentra interrumpido y en los ramales La Plata y Bosques v\u00eda Quilmes presenta demoras por falta de energ\u00eda. Al\u2026","rel":"","context":"En \u00abSociedad\u00bb","block_context":{"text":"Sociedad","link":"https:\/\/www.24baires.com\/?cat=1"},"img":{"alt_text":"","src":"https:\/\/i0.wp.com\/www.24baires.com\/wp-content\/uploads\/2019\/02\/electrocutados.jpg?resize=350%2C200","width":350,"height":200,"srcset":"https:\/\/i0.wp.com\/www.24baires.com\/wp-content\/uploads\/2019\/02\/electrocutados.jpg?resize=350%2C200 1x, https:\/\/i0.wp.com\/www.24baires.com\/wp-content\/uploads\/2019\/02\/electrocutados.jpg?resize=525%2C300 1.5x"},"classes":[]},{"id":106725,"url":"https:\/\/www.24baires.com\/?p=106725","url_meta":{"origin":120539,"position":1},"title":"Muri\u00f3 el joven que sufri\u00f3 una descarga el\u00e9ctrica en el techo del Tren Roca","author":"GB","date":"07\/02\/2019","format":false,"excerpt":"Viajaba con otro amigo una formaci\u00f3n que volv\u00eda de Mar del Plata a Constituci\u00f3n. El joven ten\u00eda el 80 por ciento del cuerpo quemado. Falleci\u00f3 de un paro cardiorespiratorio. El joven de 18 a\u00f1os que viajaba en el techo de una formaci\u00f3n del Tren Roca el martes cuando sufri\u00f3 una\u2026","rel":"","context":"En \u00abSociedad\u00bb","block_context":{"text":"Sociedad","link":"https:\/\/www.24baires.com\/?cat=1"},"img":{"alt_text":"","src":"https:\/\/i0.wp.com\/www.24baires.com\/wp-content\/uploads\/2019\/02\/electrocutados.jpg?resize=350%2C200","width":350,"height":200,"srcset":"https:\/\/i0.wp.com\/www.24baires.com\/wp-content\/uploads\/2019\/02\/electrocutados.jpg?resize=350%2C200 1x, https:\/\/i0.wp.com\/www.24baires.com\/wp-content\/uploads\/2019\/02\/electrocutados.jpg?resize=525%2C300 1.5x"},"classes":[]},{"id":36152,"url":"https:\/\/www.24baires.com\/?p=36152","url_meta":{"origin":120539,"position":2},"title":"Contin\u00faan los cortes de luz en La Plata y hubo rajaduras en el techo del Estadio \u00danico","author":"AF","date":"03\/12\/2013","format":false,"excerpt":"Un 40% de la ciudad de La Plata se encontraba esta ma\u00f1ana sin servicio de energ\u00eda el\u00e9ctrica como consecuencia del violento temporal que azot\u00f3 ayer la zona y que adem\u00e1s provoc\u00f3 rajaduras en parte del techo del estadio \u00fanico platense. La empresa prestadora de energ\u00eda el\u00e9ctrica, EDELAP, confirm\u00f3 que hasta\u2026","rel":"","context":"En \u00abLocales\u00bb","block_context":{"text":"Locales","link":"https:\/\/www.24baires.com\/?cat=38"},"img":{"alt_text":"","src":"","width":0,"height":0},"classes":[]},{"id":48357,"url":"https:\/\/www.24baires.com\/?p=48357","url_meta":{"origin":120539,"position":3},"title":"Mar del Plata: piden que Pulti declare cuanto antes la emergencia educativa","author":"Grupo Sierra","date":"19\/06\/2014","format":false,"excerpt":"As\u00ed se lo reclam\u00f3 el radicalismo ante la visita del secretario de Hacienda de Mar del Plata para explicar la utilizaci\u00f3n del Fondo de Financiamiento Educativo. \u201cLa soluci\u00f3n a esta problem\u00e1tica es declarar la emergencia educativa. De esa manera la Secretar\u00eda de Hacienda podr\u00eda ser m\u00e1s \u00e1gil para solucionar las\u2026","rel":"","context":"En \u00abLocales\u00bb","block_context":{"text":"Locales","link":"https:\/\/www.24baires.com\/?cat=38"},"img":{"alt_text":"pulti gustavo arnaldo","src":"https:\/\/i0.wp.com\/www.24baires.com\/wp-content\/uploads\/2013\/06\/pulti-gustavo-arnaldo.jpg?resize=350%2C200","width":350,"height":200,"srcset":"https:\/\/i0.wp.com\/www.24baires.com\/wp-content\/uploads\/2013\/06\/pulti-gustavo-arnaldo.jpg?resize=350%2C200 1x, https:\/\/i0.wp.com\/www.24baires.com\/wp-content\/uploads\/2013\/06\/pulti-gustavo-arnaldo.jpg?resize=525%2C300 1.5x"},"classes":[]},{"id":17595,"url":"https:\/\/www.24baires.com\/?p=17595","url_meta":{"origin":120539,"position":4},"title":"Mar del Plata: entregar\u00e1n subsidios a clubes afectados por el temporal de granizo","author":"AF","date":"06\/03\/2013","format":false,"excerpt":"Entregan subsidios por 300 mil pesos, para los clubes de Mar del Plata, afectados por el temporal de granizo del pasado 24 de febrero. Seg\u00fan una ordenanza aprobada por el Concejo Deliberante de General Pueyrred\u00f3n, entregar\u00e1n un subsidio de 300 mil pesos para los clubes deportivos de la ciudad de\u2026","rel":"","context":"En \u00abLocales\u00bb","block_context":{"text":"Locales","link":"https:\/\/www.24baires.com\/?cat=38"},"img":{"alt_text":"granizo adriaspe","src":"https:\/\/i0.wp.com\/www.24baires.com\/wp-content\/uploads\/2013\/02\/granizo-adriaspe-300x225.jpg?resize=350%2C200","width":350,"height":200},"classes":[]},{"id":24883,"url":"https:\/\/www.24baires.com\/?p=24883","url_meta":{"origin":120539,"position":5},"title":"Militantes y vecinos contin\u00faan colaborando para reparar barrios en La Plata","author":"AF","date":"01\/06\/2013","format":false,"excerpt":"Militantes de Unidos y Organizados y vecinos continuaron como todos los s\u00e1bados las tareas para reconstrucci\u00f3n de viviendas de las personas afectados y brindarles informaci\u00f3n para la prevenci\u00f3n de enfermedades. Los testimonios de los ciudadanos que padecieron la destrucci\u00f3n de sus casas pueden graficar la importancia que tienen esa ayuda\u2026","rel":"","context":"En \u00abSociedad\u00bb","block_context":{"text":"Sociedad","link":"https:\/\/www.24baires.com\/?cat=1"},"img":{"alt_text":"la plata arreglos","src":"https:\/\/i0.wp.com\/www.24baires.com\/wp-content\/uploads\/2013\/06\/la-plata-arreglos.jpg?resize=350%2C200","width":350,"height":200,"srcset":"https:\/\/i0.wp.com\/www.24baires.com\/wp-content\/uploads\/2013\/06\/la-plata-arreglos.jpg?resize=350%2C200 1x, https:\/\/i0.wp.com\/www.24baires.com\/wp-content\/uploads\/2013\/06\/la-plata-arreglos.jpg?resize=525%2C300 1.5x"},"classes":[]}],"jetpack_sharing_enabled":true,"jetpack_likes_enabled":true,"_links":{"self":[{"href":"https:\/\/www.24baires.com\/index.php?rest_route=\/wp\/v2\/posts\/120539","targetHints":{"allow":["GET"]}}],"collection":[{"href":"https:\/\/www.24baires.com\/index.php?rest_route=\/wp\/v2\/posts"}],"about":[{"href":"https:\/\/www.24baires.com\/index.php?rest_route=\/wp\/v2\/types\/post"}],"author":[{"embeddable":true,"href":"https:\/\/www.24baires.com\/index.php?rest_route=\/wp\/v2\/users\/4"}],"replies":[{"embeddable":true,"href":"https:\/\/www.24baires.com\/index.php?rest_route=%2Fwp%2Fv2%2Fcomments&post=120539"}],"version-history":[{"count":1,"href":"https:\/\/www.24baires.com\/index.php?rest_route=\/wp\/v2\/posts\/120539\/revisions"}],"predecessor-version":[{"id":120541,"href":"https:\/\/www.24baires.com\/index.php?rest_route=\/wp\/v2\/posts\/120539\/revisions\/120541"}],"wp:attachment":[{"href":"https:\/\/www.24baires.com\/index.php?rest_route=%2Fwp%2Fv2%2Fmedia&parent=120539"}],"wp:term":[{"taxonomy":"category","embeddable":true,"href":"https:\/\/www.24baires.com\/index.php?rest_route=%2Fwp%2Fv2%2Fcategories&post=120539"},{"taxonomy":"post_tag","embeddable":true,"href":"https:\/\/www.24baires.com\/index.php?rest_route=%2Fwp%2Fv2%2Ftags&post=120539"}],"curies":[{"name":"wp","href":"https:\/\/api.w.org\/{rel}","templated":true}]}}