{"id":120519,"date":"2023-09-29T23:40:45","date_gmt":"2023-09-30T02:40:45","guid":{"rendered":"http:\/\/www.24baires.com\/?p=120519"},"modified":"2023-09-29T23:40:45","modified_gmt":"2023-09-30T02:40:45","slug":"massa-celebro-ley-que-modifica-ganancias-y-pidio-apoyo-para-la-de-devolucion-del-iva","status":"publish","type":"post","link":"https:\/\/www.24baires.com\/?p=120519","title":{"rendered":"Massa celebr\u00f3 ley que modifica ganancias y pidi\u00f3 apoyo para la de devoluci\u00f3n del IVA"},"content":{"rendered":"<p><img data-recalc-dims=\"1\" loading=\"lazy\" decoding=\"async\" class=\"aligncenter wp-image-120521\" src=\"https:\/\/i0.wp.com\/www.24baires.com\/wp-content\/uploads\/2023\/09\/massa.jpg?resize=720%2C480\" alt=\"\" width=\"720\" height=\"480\" srcset=\"https:\/\/i0.wp.com\/www.24baires.com\/wp-content\/uploads\/2023\/09\/massa.jpg?w=800&amp;ssl=1 800w, https:\/\/i0.wp.com\/www.24baires.com\/wp-content\/uploads\/2023\/09\/massa.jpg?resize=300%2C200&amp;ssl=1 300w, https:\/\/i0.wp.com\/www.24baires.com\/wp-content\/uploads\/2023\/09\/massa.jpg?resize=768%2C512&amp;ssl=1 768w\" sizes=\"auto, (max-width: 720px) 100vw, 720px\" \/>El ministro de Econom\u00eda y candidato presidencial de Uni\u00f3n por la Patria (UxP), Sergio Massa, consider\u00f3 hoy como \u00abun paso fundamental\u00bb contra \u00abla injusticia\u00bb la eliminaci\u00f3n de la cuarta categor\u00eda del impuesto a las Ganancias, al destacar la sanci\u00f3n de la ley que elimin\u00f3 ese gravamen, y pidi\u00f3 \u00abapoyo\u00bb para que se apruebe en el Congreso el proyecto que envi\u00f3 el Ejecutivo para \u00abdevolver el IVA a sectores de menores ingresos\u00bb, al pronunciar un discurso en un acto organizado por la CGT, las dos CTA y los movimientos sociales en Plaza Congreso.<!--more--><\/p>\n<p>En un escenario colmado de dirigentes de organizaciones sindicales y de movimientos sociales montado frente al Congreso nacional, Massa sostuvo que \u00abavanzamos en un paso fundamental para empezar a reparar los errores, lastimaduras que tiene nuestra econom\u00eda y que tiene el sistema de redistribuci\u00f3n y para terminar con la injusticia que es el impuesto por trabajar\u00bb, se\u00f1al\u00f3 sobre la aprobaci\u00f3n de la ley que modifica el impuesto a las Ganancias.<\/p>\n<p>En este sentido, el ministro de Econom\u00eda agradeci\u00f3 a los trabajadores presentes, a diputados y senadores, as\u00ed como a las presidentas de la C\u00e1mara de Diputados y de Senadores, con una especial menci\u00f3n a la vicepresidenta Cristina Fern\u00e1ndez de Kirchner, por haber dado \u00abeste paso fundamental\u00bb.<\/p>\n<p>Minutos antes de subir al escenario, el titular de la cartera econ\u00f3mica comparti\u00f3 en sus redes sociales una copia del texto completo de la Ley 27.725, aprobada ayer por la noche en el Senado.<\/p>\n<p>Asimismo, el candidato presidencial de UxP pidi\u00f3 a los presentes que acompa\u00f1en el proyecto de ley que envi\u00f3 al Congreso el 22 de septiembre sobre devoluci\u00f3n del IVA para los productos de la canasta b\u00e1sica y que est\u00e1 destinado a los sectores con menores ingresos.<\/p>\n<p>En este marco, Massa pidi\u00f3 desde el escenario y ante una plaza colmada de manifestantes: \u00abLes quiero pedir para acompa\u00f1ar a nuestros jubilados, beneficiarios del salario universal y a los trabajadores de la econom\u00eda popular que tambi\u00e9n nos movilicemos para pedirle al Congreso que trate la ley que le devuelve el IVA a trabajadores que no llegan con su salario\u00bb.<\/p>\n<p>Y agreg\u00f3: \u00abEl esfuerzo no lo tienen que hacer los que trabajan sino los que timbean, los que especulan, los que atentan contra la Argentina\u00bb.<\/p>\n<p>En otro tramo de su discurso, el ministro sostuvo que \u00absin empresas no hay trabajadores y que sin trabajadores no hay empresas\u00bb y asever\u00f3 que \u00abla producci\u00f3n y el trabajo son aliados definitivos para la construcci\u00f3n de riqueza de nuestra Patria\u00bb.<\/p>\n<p>En este sentido, resalt\u00f3 que \u00aben esa misma unidad y mancomuni\u00f3n entendamos tambi\u00e9n que tenemos la responsabilidad de construir un tiempo nuevo en la Argentina\u00bb.<\/p>\n<p>\u00abEn tres semanas se define el futuro de la Argentina, decidimos si somos un pa\u00eds con derechos laborales, con vacaciones pagas, con derecho a la indemnizaci\u00f3n, que pelea para mejorar el ingreso de nuestros trabajadores o si volvemos al pasado\u00bb, evalu\u00f3 Massa a 23 d\u00edas de las elecciones generales.<\/p>\n<p>Tambi\u00e9n expres\u00f3 que \u00ablo peor ya pas\u00f3\u00bb y vaticin\u00f3 que a partir del 10 de diciembre \u00abva a haber en Argentina un Gobierno que ponga en su lugar al Fondo Monetario Internacional para que no nos ponga m\u00e1s condiciones que nos lleven a la inflaci\u00f3n\u00bb.<\/p>\n<p>Adem\u00e1s, Massa asegur\u00f3 que de ganar las elecciones el pr\u00f3ximo 22 de octubre los argentinos \u00abvan a tener un presidente dialogando al lado de cada uno de ustedes para resolver los problemas\u00bb.<\/p>\n<p>\u00abVan a tener un hijo de inmigrantes, hijo de la clase media argentina que se va a sentar en la Rosada pensando que el esfuerzo no lo tienen que hacer los que trabajan sino los que especulan\u00bb, expres\u00f3.<\/p>\n<p>De esta manera Massa cerr\u00f3 su discurso siendo el \u00fanico orador del acto convocado por la CGT, las dos CTA y movimientos sociales en apoyo a las medidas econ\u00f3micas tomadas por el gobierno.<\/p>\n<p>Entre los presentes en el escenario se encontraba la ministra de Trabajo, Raquel \u00abKelly\u00bb Olmos; el ministro de Trabajo bonaerense y dirigente del gremio del cuero, Walter Correa, y el gobernador de la provincia de Tucum\u00e1n, Juan Manzur.<\/p>\n<p>Adem\u00e1s, estuvieron presentes los titulares de la CGT, Pablo Moyano, H\u00e9ctor Daer y Carlos Acu\u00f1a; el dirigente camionero y extitular de la CGT, Hugo Moyano; el dirigente de SMATA y candidato a diputado nacional de UxP, Mario \u00abPaco\u00bb Manrique; el bancario y diputado nacional Sergio Palazzo; el dirigente del Movimiento Evita, Emilio P\u00e9rsico, y el coordinador nacional de Barrios de Pie, Daniel Men\u00e9ndez.<\/p>\n<p>En di\u00e1logo con T\u00e9lam, la ministra de Trabajo \u00abKelly\u00bb Olmos calific\u00f3 la movilizaci\u00f3n como un \u00abactazo peronista\u00bb y destac\u00f3 la sanci\u00f3n de la ley de eliminaci\u00f3n del impuesto a las Ganancias como \u00abuna gran reivindicaci\u00f3n de las y los trabajadores que les permite identificarse con el proyecto que encabeza Sergio Massa para el 22 de octubre\u00bb.<\/p>\n<p>En tanto, Palazzo, dijo a esta agencia que \u00abhoy festejamos porque muchos de nuestros compa\u00f1eros recuperan poder adquisitivo que antes se los llevaba este impuesto\u00bb.<\/p>\n<p>De esta manera, el dirigente bancario destac\u00f3 la \u00abcantidad de gente que ning\u00fan candidato a presidente puede juntar. Los dem\u00e1s candidatos a presidente se manejan por TikTok, por redes, por el poder de la prensa\u00bb.<\/p>\n<p>\u00abEste candidato, de cara a la sociedad, con las organizaciones sociales, pol\u00edticas y sindicales, puede venir hoy a una plaza colmada por m\u00e1s de 100.000 personas a hablarle\u00bb, remarc\u00f3.<\/p>\n<p>El acto tuvo lugar esta tarde en la Plaza del Congreso, bajo la consigna \u00abDesarrollo Producci\u00f3n-Trabajo\u00bb y en apoyo a la eliminaci\u00f3n de la cuarta categor\u00eda de Ganancias, la devoluci\u00f3n del IVA y el alivio fiscal para pymes, y tuvo como \u00fanico orador a Massa.<\/p>\n<p>Adem\u00e1s de la conducci\u00f3n de la CGT -que colideran adem\u00e1s Carlos Acu\u00f1a y Pablo Moyano- estuvieron presentes todos los gremios alineados en la central obrera, y tambi\u00e9n las Centrales de los Trabajadores Argentinos (CTA) y Aut\u00f3noma, que lideran Hugo Yasky y Hugo Godoy y Ricardo Peidro.<\/p>\n<p>Adem\u00e1s, por las organizaciones sociales estuvieron presentes, el Movimiento Evita, Barrios de Pie, Corriente Clasista y Combativa, Movimiento Octubre, entre otros.<\/p>\n","protected":false},"excerpt":{"rendered":"<p>El ministro de Econom\u00eda y candidato presidencial de Uni\u00f3n por la Patria (UxP), Sergio Massa, consider\u00f3 hoy como \u00abun paso fundamental\u00bb contra \u00abla injusticia\u00bb la eliminaci\u00f3n de la cuarta categor\u00eda del impuesto a las Ganancias, al destacar la sanci\u00f3n de la ley que elimin\u00f3 ese gravamen, y pidi\u00f3 \u00abapoyo\u00bb para que se apruebe en el Congreso el proyecto que envi\u00f3 [&#8230;]<\/p>\n","protected":false},"author":4,"featured_media":0,"comment_status":"closed","ping_status":"closed","sticky":false,"template":"","format":"standard","meta":{"_jetpack_newsletter_access":"","_jetpack_dont_email_post_to_subs":false,"_jetpack_newsletter_tier_id":0,"_jetpack_memberships_contains_paywalled_content":false,"_jetpack_memberships_contains_paid_content":false,"footnotes":""},"categories":[51,1],"tags":[],"class_list":["post-120519","post","type-post","status-publish","format-standard","hentry","category-politica","category-sociedad"],"jetpack_featured_media_url":"","jetpack_shortlink":"https:\/\/wp.me\/p2JWE0-vlR","jetpack-related-posts":[{"id":120895,"url":"https:\/\/www.24baires.com\/?p=120895","url_meta":{"origin":120519,"position":0},"title":"Massa critic\u00f3 la vuelta del Impuesto a las Ganancias: \u00abRarezas de la libertad\u00bb","author":"AF","date":"23\/01\/2024","format":false,"excerpt":"Sergio Massa, exministro de Econom\u00eda y excandidato presidencial de Uni\u00f3n por la Patria, critic\u00f3 este martes la pol\u00edtica impositiva del Gobierno de Javier Milei, que beneficia a los evasores y perjudica a los trabajadores, luego de que se conociera que el Ejecutivo mandar\u00e1 al Congreso un proyecto de ley para\u2026","rel":"","context":"En \u00abPol\u00edtica\u00bb","block_context":{"text":"Pol\u00edtica","link":"https:\/\/www.24baires.com\/?cat=51"},"img":{"alt_text":"","src":"https:\/\/i0.wp.com\/www.24baires.com\/wp-content\/uploads\/2023\/07\/massa.jpg?resize=350%2C200","width":350,"height":200,"srcset":"https:\/\/i0.wp.com\/www.24baires.com\/wp-content\/uploads\/2023\/07\/massa.jpg?resize=350%2C200 1x, https:\/\/i0.wp.com\/www.24baires.com\/wp-content\/uploads\/2023\/07\/massa.jpg?resize=525%2C300 1.5x, https:\/\/i0.wp.com\/www.24baires.com\/wp-content\/uploads\/2023\/07\/massa.jpg?resize=700%2C400 2x"},"classes":[]},{"id":120442,"url":"https:\/\/www.24baires.com\/?p=120442","url_meta":{"origin":120519,"position":1},"title":"Massa prometi\u00f3 la eliminaci\u00f3n del impuesto a las ganancias","author":"GB","date":"07\/09\/2023","format":false,"excerpt":"El ministro de Econom\u00eda, Sergio Massa, dijo que sacar\u00eda el impuesto a las Ganancias cuando sea presidente, aunque desliz\u00f3 que podr\u00eda ser antes. El ministro de Econom\u00eda y candidato presidencial de Uni\u00f3n por la Patria, Sergio Massa, anticip\u00f3 anoche que si llegara a ser presidente, eliminar\u00e1 el Impuesto a las\u2026","rel":"","context":"En \u00abEconom\u00eda\u00bb","block_context":{"text":"Econom\u00eda","link":"https:\/\/www.24baires.com\/?cat=45"},"img":{"alt_text":"","src":"https:\/\/i0.wp.com\/www.24baires.com\/wp-content\/uploads\/2023\/09\/massa.webp?resize=350%2C200","width":350,"height":200,"srcset":"https:\/\/i0.wp.com\/www.24baires.com\/wp-content\/uploads\/2023\/09\/massa.webp?resize=350%2C200 1x, https:\/\/i0.wp.com\/www.24baires.com\/wp-content\/uploads\/2023\/09\/massa.webp?resize=525%2C300 1.5x, https:\/\/i0.wp.com\/www.24baires.com\/wp-content\/uploads\/2023\/09\/massa.webp?resize=700%2C400 2x"},"classes":[]},{"id":117203,"url":"https:\/\/www.24baires.com\/?p=117203","url_meta":{"origin":120519,"position":2},"title":"Massa busca consensos para rebajar el impuesto a las ganancias","author":"GB","date":"18\/02\/2021","format":false,"excerpt":"El presidente de la C\u00e1mara de Diputados de la Naci\u00f3n, Sergio Massa, trabaja para lograr la rebaja del impuesto a las ganancias. El presidente de la C\u00e1mara de Diputados de la Naci\u00f3n, Sergio Massa, adelant\u00f3 que busca generar consensos con diferentes sectores para lograr la rebaja en el impuesto a\u2026","rel":"","context":"En \u00abPol\u00edtica\u00bb","block_context":{"text":"Pol\u00edtica","link":"https:\/\/www.24baires.com\/?cat=51"},"img":{"alt_text":"","src":"https:\/\/i0.wp.com\/www.24baires.com\/wp-content\/uploads\/2021\/02\/massa-busca-beneficiar-trabajadores-la-rebaja-del-impuesto-las-ganancias-300x200.jpg?resize=350%2C200","width":350,"height":200},"classes":[]},{"id":121584,"url":"https:\/\/www.24baires.com\/?p=121584","url_meta":{"origin":120519,"position":3},"title":"Goll\u00e1n presentar\u00e1 un nuevo proyecto para excluir de Ganancias a m\u00e9dicos de guardia","author":"GB","date":"29\/08\/2024","format":false,"excerpt":"El ex ministro de Salud bonaerense y diputado de Uni\u00f3n por la Patria, Daniel Goll\u00e1n, inform\u00f3 que volver\u00e1n a insistir con un proyecto que de marcha atr\u00e1s al regreso de Ganancias. El diputado nacional de Uni\u00f3n por la Patria, Daniel Goll\u00e1n, anunci\u00f3 que este jueves presentar\u00e1 en el Congreso un\u2026","rel":"","context":"En \u00abPol\u00edtica\u00bb","block_context":{"text":"Pol\u00edtica","link":"https:\/\/www.24baires.com\/?cat=51"},"img":{"alt_text":"","src":"https:\/\/i0.wp.com\/www.24baires.com\/wp-content\/uploads\/2024\/08\/gollan.webp?resize=350%2C200","width":350,"height":200,"srcset":"https:\/\/i0.wp.com\/www.24baires.com\/wp-content\/uploads\/2024\/08\/gollan.webp?resize=350%2C200 1x, https:\/\/i0.wp.com\/www.24baires.com\/wp-content\/uploads\/2024\/08\/gollan.webp?resize=525%2C300 1.5x, https:\/\/i0.wp.com\/www.24baires.com\/wp-content\/uploads\/2024\/08\/gollan.webp?resize=700%2C400 2x"},"classes":[]},{"id":79587,"url":"https:\/\/www.24baires.com\/?p=79587","url_meta":{"origin":120519,"position":4},"title":"Massa le pidi\u00f3 a Macri \u00abun compromiso para resolver\u00bb el Impuesto a las Ganancias","author":"GB","date":"01\/03\/2016","format":false,"excerpt":"El l\u00edder del Frente Renovador, Sergio Massa, se refiri\u00f3 hoy al discurso de apertura de sesiones ordinarias del Congreso del presidente, Mauricio Macri, al pedir que desde su espacio quieren \"un compromiso para resolver el problema del Impuesto a las Ganancias\". As\u00ed lo afirm\u00f3 Sergio Massa, luego del discurso del\u2026","rel":"","context":"En \u00abPol\u00edtica\u00bb","block_context":{"text":"Pol\u00edtica","link":"https:\/\/www.24baires.com\/?cat=51"},"img":{"alt_text":"massa 1","src":"https:\/\/i0.wp.com\/www.24baires.com\/wp-content\/uploads\/2015\/03\/massa-1.jpg?resize=350%2C200","width":350,"height":200,"srcset":"https:\/\/i0.wp.com\/www.24baires.com\/wp-content\/uploads\/2015\/03\/massa-1.jpg?resize=350%2C200 1x, https:\/\/i0.wp.com\/www.24baires.com\/wp-content\/uploads\/2015\/03\/massa-1.jpg?resize=525%2C300 1.5x"},"classes":[]},{"id":119459,"url":"https:\/\/www.24baires.com\/?p=119459","url_meta":{"origin":120519,"position":5},"title":"\u00abQue los jueces no paguen Ganancias es un privilegio inaceptable\u00bb","author":"AF","date":"21\/10\/2022","format":false,"excerpt":"Luego de que el Frente de Todos consiguiera emitir dictamen de mayor\u00eda para tratar la ley de leyes en la C\u00e1mara Baja, el legislador nacional Marcelo Casaretto se refiri\u00f3 en AM750 a la inclusi\u00f3n del art\u00edculo que busca eliminar la exenci\u00f3n al impuesto a las Ganancias para miembros del Poder\u2026","rel":"","context":"En \u00abJUDICIALES\u00bb","block_context":{"text":"JUDICIALES","link":"https:\/\/www.24baires.com\/?cat=68"},"img":{"alt_text":"","src":"https:\/\/i0.wp.com\/www.24baires.com\/wp-content\/uploads\/2022\/10\/662157-justicia-0.jpg?resize=350%2C200","width":350,"height":200,"srcset":"https:\/\/i0.wp.com\/www.24baires.com\/wp-content\/uploads\/2022\/10\/662157-justicia-0.jpg?resize=350%2C200 1x, https:\/\/i0.wp.com\/www.24baires.com\/wp-content\/uploads\/2022\/10\/662157-justicia-0.jpg?resize=525%2C300 1.5x, https:\/\/i0.wp.com\/www.24baires.com\/wp-content\/uploads\/2022\/10\/662157-justicia-0.jpg?resize=700%2C400 2x"},"classes":[]}],"jetpack_sharing_enabled":true,"jetpack_likes_enabled":true,"_links":{"self":[{"href":"https:\/\/www.24baires.com\/index.php?rest_route=\/wp\/v2\/posts\/120519","targetHints":{"allow":["GET"]}}],"collection":[{"href":"https:\/\/www.24baires.com\/index.php?rest_route=\/wp\/v2\/posts"}],"about":[{"href":"https:\/\/www.24baires.com\/index.php?rest_route=\/wp\/v2\/types\/post"}],"author":[{"embeddable":true,"href":"https:\/\/www.24baires.com\/index.php?rest_route=\/wp\/v2\/users\/4"}],"replies":[{"embeddable":true,"href":"https:\/\/www.24baires.com\/index.php?rest_route=%2Fwp%2Fv2%2Fcomments&post=120519"}],"version-history":[{"count":1,"href":"https:\/\/www.24baires.com\/index.php?rest_route=\/wp\/v2\/posts\/120519\/revisions"}],"predecessor-version":[{"id":120522,"href":"https:\/\/www.24baires.com\/index.php?rest_route=\/wp\/v2\/posts\/120519\/revisions\/120522"}],"wp:attachment":[{"href":"https:\/\/www.24baires.com\/index.php?rest_route=%2Fwp%2Fv2%2Fmedia&parent=120519"}],"wp:term":[{"taxonomy":"category","embeddable":true,"href":"https:\/\/www.24baires.com\/index.php?rest_route=%2Fwp%2Fv2%2Fcategories&post=120519"},{"taxonomy":"post_tag","embeddable":true,"href":"https:\/\/www.24baires.com\/index.php?rest_route=%2Fwp%2Fv2%2Ftags&post=120519"}],"curies":[{"name":"wp","href":"https:\/\/api.w.org\/{rel}","templated":true}]}}