{"id":120505,"date":"2023-09-28T08:01:36","date_gmt":"2023-09-28T11:01:36","guid":{"rendered":"http:\/\/www.24baires.com\/?p=120505"},"modified":"2023-09-28T08:01:36","modified_gmt":"2023-09-28T11:01:36","slug":"kicillof-nadie-viene-a-atrincherarse-vamos-a-convertir-a-la-provincia-en-la-locomotora-del-triunfo","status":"publish","type":"post","link":"https:\/\/www.24baires.com\/?p=120505","title":{"rendered":"Kicillof: \u00abNadie viene a atrincherarse, vamos a convertir a la provincia en la locomotora del triunfo\u00bb"},"content":{"rendered":"<p><img data-recalc-dims=\"1\" loading=\"lazy\" decoding=\"async\" class=\"aligncenter wp-image-120506\" src=\"https:\/\/i0.wp.com\/www.24baires.com\/wp-content\/uploads\/2023\/09\/kicillof.webp?resize=720%2C480\" alt=\"\" width=\"720\" height=\"480\" srcset=\"https:\/\/i0.wp.com\/www.24baires.com\/wp-content\/uploads\/2023\/09\/kicillof.webp?w=887&amp;ssl=1 887w, https:\/\/i0.wp.com\/www.24baires.com\/wp-content\/uploads\/2023\/09\/kicillof.webp?resize=300%2C200&amp;ssl=1 300w, https:\/\/i0.wp.com\/www.24baires.com\/wp-content\/uploads\/2023\/09\/kicillof.webp?resize=768%2C512&amp;ssl=1 768w\" sizes=\"auto, (max-width: 720px) 100vw, 720px\" \/>Intendentes, sindicalistas, movimientos sociales se congregan en Ensenada para un mega acto de relanzamiento de campa\u00f1a de Sergio Massa y Axel Kicillof.<!--more--><\/p>\n<p>Junto al ministro de Econom\u00eda y candidato presidencial de Uni\u00f3n por la Patria, Sergio Massa, el gobernador de la provincia de Buenos Aires, Axel Kicillof, fue uno de los oradores centrales del mega-acto en la localidad de Ensenada, con una fuerte presencia de toda la tropa intendentista, sindical y militante de Uni\u00f3n por la Patria.<\/p>\n<p>Pasadas las 16:00, en la cancha del club Cambaceres, ubicada en el cruce de las calles Rivadavia y Quintana, dio inicio el multitudinario acto bajo el lema \u00abTodos y Unidos\u00bb. El intendente y organizador del encuentro, Mario Secco, dio inicio con un encendido discurso. \u00abVamos a revertir aquella fotograf\u00eda que para nada nos agrad\u00f3. Cuando dec\u00edan muchos compa\u00f1eros tenemos que etar unidos hoy arranca en la provincia esta forograf\u00eda para dar vuelta estas elecciones y este 22 de octubre no tengan dudas que vamos a poner un presidente y un gobernador en la provincia\u00bb<\/p>\n<p>En ese marco, pidi\u00f3 a la militancia \u00abredoblar los esfuerzos\u00bb y a \u00abestar en la calle para demostrar en las urnas la capacidad de reacci\u00f3n que tenemos. La provincia de Buenos Aires se pone de pi\u00e9 para dar un mensaje a todos el pa\u00eds\u00bb expres\u00f3.<\/p>\n<p>En los \u00faltimos tiempos, Ensenada se volvi\u00f3 un punto cumbre para la militancia y la dirigencia, ya que fue sede de diversos encuentros privados, pero tambi\u00e9n de actos multitudinarios.<\/p>\n<p>\u00abEs una elecci\u00f3n decisiva, nos jugamos los derechos de nuestro pueblo\u00bb<br \/>\nSeguidamente, tom\u00f3 la palabra el gobernador y candidato en la provincia de Buenos Aires Axel Kicillof. Ante la ovaci\u00f3n de los presentes y el c\u00e1ntico de trabajadores petroleros remarc\u00f3: \u00abComo no si Buenos Aires es una provincia petrolera\u00bb para luego dar paso a su discurso.<\/p>\n<p>\u00abQuiero manifestar la enorme satisfacci\u00f3n de estar de nuevo en un acto peronista y en un d\u00eda peronista\u00bb dijo y agradeci\u00f3 a los intendentes que est\u00e1n acompa\u00f1ando, los compa\u00f1eros del movimiento sindical, obrero, dirigentes organizaciones pol\u00edticas, movimientos sociales y muy especialmente a todo el gabinete y funcionarios de la provincia\u00bb.<\/p>\n<p>En ese marco, afirm\u00f3 que dentro del estadio la concurrencia fue de 30 personas y otros 20 mil que no pudieron entrar . \u00ab50 mil militantes en un acto que pone inicio a la recta final de la campa\u00f1a que va a dejar en el sill\u00f3n de Rivadavia a Sergio Massa como pr\u00f3ximo presidente\u00bb sostuvo.<\/p>\n<p>\u00abEs un acto que hicimos en esta etapa para cargar nafta y reforzar lo que venimos haciendo y el compromiso militante. En esta etapa tenemos que ir a hablar, a escuchar pero ir a convencer de que el voto tiene que ser para Uni\u00f3n por la Patria\u00bb destac\u00f3.<\/p>\n<p>\u00abEs una elecci\u00f3n decisiva, nos jugamos los derechos de nuestro pueblo y el futuro de nuestra patria. he visto que muchos analizan el resultado de las elecciones y ven que hubo malestar, enojo o decepci\u00f3n. Pero no tenemos que confundirnos porque no significa que la mayor\u00eda de nuestro pueblo quiera vivir sin un estado presente, sin sus derechos, que quieran arancelar la salud y la educaci\u00f3n\u00bb explic\u00f3.<\/p>\n","protected":false},"excerpt":{"rendered":"<p>Intendentes, sindicalistas, movimientos sociales se congregan en Ensenada para un mega acto de relanzamiento de campa\u00f1a de Sergio Massa y Axel Kicillof.<\/p>\n","protected":false},"author":8,"featured_media":0,"comment_status":"closed","ping_status":"closed","sticky":false,"template":"","format":"standard","meta":{"_jetpack_newsletter_access":"","_jetpack_dont_email_post_to_subs":false,"_jetpack_newsletter_tier_id":0,"_jetpack_memberships_contains_paywalled_content":false,"_jetpack_memberships_contains_paid_content":false,"footnotes":""},"categories":[40],"tags":[],"class_list":["post-120505","post","type-post","status-publish","format-standard","hentry","category-provincia"],"jetpack_shortlink":"https:\/\/wp.me\/p2JWE0-vlD","jetpack-related-posts":[{"id":120497,"url":"https:\/\/www.24baires.com\/?p=120497","url_meta":{"origin":120505,"position":0},"title":"Ensenada ser\u00e1 el escenario de campa\u00f1a de Kicillof y Massa","author":"GB","date":"25\/09\/2023","format":false,"excerpt":"Los candidatos, tanto a gobernador como a presidente de Uni\u00f3n por la Patria, preparan un acto de campa\u00f1a de cara al 22 de octubre En el marco de la campa\u00f1a electoral y antes de la veda de actos de gesti\u00f3n, Uni\u00f3n por la Patria (UP) prepara un acto en Ensenada\u2026","rel":"","context":"En \u00abElecciones\u00bb","block_context":{"text":"Elecciones","link":"https:\/\/www.24baires.com\/?cat=316"},"img":{"alt_text":"","src":"https:\/\/i0.wp.com\/www.24baires.com\/wp-content\/uploads\/2023\/09\/massa-axel.jpg?resize=350%2C200","width":350,"height":200,"srcset":"https:\/\/i0.wp.com\/www.24baires.com\/wp-content\/uploads\/2023\/09\/massa-axel.jpg?resize=350%2C200 1x, https:\/\/i0.wp.com\/www.24baires.com\/wp-content\/uploads\/2023\/09\/massa-axel.jpg?resize=525%2C300 1.5x, https:\/\/i0.wp.com\/www.24baires.com\/wp-content\/uploads\/2023\/09\/massa-axel.jpg?resize=700%2C400 2x"},"classes":[]},{"id":122526,"url":"https:\/\/www.24baires.com\/?p=122526","url_meta":{"origin":120505,"position":1},"title":"Kicillof sali\u00f3 fortalecido tras el triunfo bonaerense: \u201cTuvimos una victoria aplastante\u201d","author":"GB","date":"08\/09\/2025","format":false,"excerpt":"Con una victoria en 6 de 8 secciones y ante un bunker repleto en La Plata, el gobernador celebr\u00f3 el triunfo de Fuerza Patria y dej\u00f3 un mensaje al Presidente: \u201cMilei espero el llamado, ten\u00e9 el coraje de reunirte para trabajar y ponerte de acuerdo El gobernador de la provincia\u2026","rel":"","context":"En \u00abProvincia\u00bb","block_context":{"text":"Provincia","link":"https:\/\/www.24baires.com\/?cat=40"},"img":{"alt_text":"","src":"https:\/\/i0.wp.com\/www.24baires.com\/wp-content\/uploads\/2025\/09\/kici-bunker.jpg?resize=350%2C200","width":350,"height":200,"srcset":"https:\/\/i0.wp.com\/www.24baires.com\/wp-content\/uploads\/2025\/09\/kici-bunker.jpg?resize=350%2C200 1x, https:\/\/i0.wp.com\/www.24baires.com\/wp-content\/uploads\/2025\/09\/kici-bunker.jpg?resize=525%2C300 1.5x, https:\/\/i0.wp.com\/www.24baires.com\/wp-content\/uploads\/2025\/09\/kici-bunker.jpg?resize=700%2C400 2x"},"classes":[]},{"id":120626,"url":"https:\/\/www.24baires.com\/?p=120626","url_meta":{"origin":120505,"position":2},"title":"Kicillof: \u00abNos declaramos en campa\u00f1a permanente\u00bb","author":"AF","date":"06\/11\/2023","format":false,"excerpt":"En La Plata, el gobernador les habl\u00f3 a diez mil personas: \"La pr\u00f3xima elecci\u00f3n es un triunfo que vamos a construir en la provincia de Buenos Aires\". \"No es momento de descansar ni detenerse. Estamos ac\u00e1 porque sabemos bien que el futuro que imaginamos s\u00f3lo tiene sentido si al triunfo\u2026","rel":"","context":"En \u00abPol\u00edtica\u00bb","block_context":{"text":"Pol\u00edtica","link":"https:\/\/www.24baires.com\/?cat=51"},"img":{"alt_text":"","src":"https:\/\/i0.wp.com\/www.24baires.com\/wp-content\/uploads\/2023\/11\/WhatsApp-Image-2023-11-06-at-23.06.35.jpeg?resize=350%2C200","width":350,"height":200,"srcset":"https:\/\/i0.wp.com\/www.24baires.com\/wp-content\/uploads\/2023\/11\/WhatsApp-Image-2023-11-06-at-23.06.35.jpeg?resize=350%2C200 1x, https:\/\/i0.wp.com\/www.24baires.com\/wp-content\/uploads\/2023\/11\/WhatsApp-Image-2023-11-06-at-23.06.35.jpeg?resize=525%2C300 1.5x, https:\/\/i0.wp.com\/www.24baires.com\/wp-content\/uploads\/2023\/11\/WhatsApp-Image-2023-11-06-at-23.06.35.jpeg?resize=700%2C400 2x"},"classes":[]},{"id":120645,"url":"https:\/\/www.24baires.com\/?p=120645","url_meta":{"origin":120505,"position":3},"title":"Kicillof cierra su ronda con intendentes en Mar del Plata","author":"GB","date":"13\/11\/2023","format":false,"excerpt":"El gobernador Axel Kicillof encabezar\u00e1 la \u00faltima ronda de intendentes antes del balotaje. Activar la militancia y no descansar, el pedido. Axel Kicillof entr\u00f3 desde el 23 de octubre en \"modo de campa\u00f1a permanente\" y, tras una semana llena de encuentros con intendentes peronistas de las diferentes secciones electorales, hoy\u2026","rel":"","context":"En \u00abProvincia\u00bb","block_context":{"text":"Provincia","link":"https:\/\/www.24baires.com\/?cat=40"},"img":{"alt_text":"","src":"https:\/\/i0.wp.com\/www.24baires.com\/wp-content\/uploads\/2023\/11\/kicilof-mdp.webp?resize=350%2C200","width":350,"height":200,"srcset":"https:\/\/i0.wp.com\/www.24baires.com\/wp-content\/uploads\/2023\/11\/kicilof-mdp.webp?resize=350%2C200 1x, https:\/\/i0.wp.com\/www.24baires.com\/wp-content\/uploads\/2023\/11\/kicilof-mdp.webp?resize=525%2C300 1.5x, https:\/\/i0.wp.com\/www.24baires.com\/wp-content\/uploads\/2023\/11\/kicilof-mdp.webp?resize=700%2C400 2x"},"classes":[]},{"id":120562,"url":"https:\/\/www.24baires.com\/?p=120562","url_meta":{"origin":120505,"position":4},"title":"\u201cApostamos en un Estado presente que de respuestas a las necesidades de todos\u00bb","author":"GB","date":"19\/10\/2023","format":false,"excerpt":"Este mi\u00e9rcoles, el gobernador bonaerense, Axel Kicillof, encabez\u00f3 un acto en Campana junto al aspirante a intendente Alejo Sarna, y desde all\u00ed afirm\u00f3 que su propuesta es \"seguir expandiendo derechos\". En el sprint final de la campa\u00f1a, el gobernador de la provincia de Buenos Aires y postulante a la reelecci\u00f3n\u2026","rel":"","context":"En \u00abProvincia\u00bb","block_context":{"text":"Provincia","link":"https:\/\/www.24baires.com\/?cat=40"},"img":{"alt_text":"","src":"https:\/\/i0.wp.com\/www.24baires.com\/wp-content\/uploads\/2023\/10\/kicillof-5.jpg?resize=350%2C200","width":350,"height":200,"srcset":"https:\/\/i0.wp.com\/www.24baires.com\/wp-content\/uploads\/2023\/10\/kicillof-5.jpg?resize=350%2C200 1x, https:\/\/i0.wp.com\/www.24baires.com\/wp-content\/uploads\/2023\/10\/kicillof-5.jpg?resize=525%2C300 1.5x, https:\/\/i0.wp.com\/www.24baires.com\/wp-content\/uploads\/2023\/10\/kicillof-5.jpg?resize=700%2C400 2x"},"classes":[]},{"id":108452,"url":"https:\/\/www.24baires.com\/?p=108452","url_meta":{"origin":120505,"position":5},"title":"Se confirm\u00f3 la f\u00f3rmula provincial de Unidad Ciudadana:  Axel Kicillof &#8211; Ver\u00f3nica Magario","author":"AF","date":"28\/05\/2019","format":false,"excerpt":"Finalmente, y tras el amague pol\u00edtico del lunes, se confirm\u00f3 la f\u00f3rmula que Cristina y Alberto Fern\u00e1ndez hab\u00edan destacado por Twitter: Ver\u00f3nica Magario y Axel Kicillof. Ambos dirigentes publicaron mensajes en sus redes sociales donde remarcaron las tareas del ex ministro de Econom\u00eda y de la actual intendenta de La\u2026","rel":"","context":"En \u00abPol\u00edtica\u00bb","block_context":{"text":"Pol\u00edtica","link":"https:\/\/www.24baires.com\/?cat=51"},"img":{"alt_text":"","src":"https:\/\/i0.wp.com\/www.24baires.com\/wp-content\/uploads\/2019\/05\/kicillof-cfk-magario-alberto.jpg?resize=350%2C200","width":350,"height":200,"srcset":"https:\/\/i0.wp.com\/www.24baires.com\/wp-content\/uploads\/2019\/05\/kicillof-cfk-magario-alberto.jpg?resize=350%2C200 1x, https:\/\/i0.wp.com\/www.24baires.com\/wp-content\/uploads\/2019\/05\/kicillof-cfk-magario-alberto.jpg?resize=525%2C300 1.5x"},"classes":[]}],"jetpack_sharing_enabled":true,"jetpack_likes_enabled":true,"jetpack_featured_media_url":"","_links":{"self":[{"href":"https:\/\/www.24baires.com\/index.php?rest_route=\/wp\/v2\/posts\/120505","targetHints":{"allow":["GET"]}}],"collection":[{"href":"https:\/\/www.24baires.com\/index.php?rest_route=\/wp\/v2\/posts"}],"about":[{"href":"https:\/\/www.24baires.com\/index.php?rest_route=\/wp\/v2\/types\/post"}],"author":[{"embeddable":true,"href":"https:\/\/www.24baires.com\/index.php?rest_route=\/wp\/v2\/users\/8"}],"replies":[{"embeddable":true,"href":"https:\/\/www.24baires.com\/index.php?rest_route=%2Fwp%2Fv2%2Fcomments&post=120505"}],"version-history":[{"count":1,"href":"https:\/\/www.24baires.com\/index.php?rest_route=\/wp\/v2\/posts\/120505\/revisions"}],"predecessor-version":[{"id":120507,"href":"https:\/\/www.24baires.com\/index.php?rest_route=\/wp\/v2\/posts\/120505\/revisions\/120507"}],"wp:attachment":[{"href":"https:\/\/www.24baires.com\/index.php?rest_route=%2Fwp%2Fv2%2Fmedia&parent=120505"}],"wp:term":[{"taxonomy":"category","embeddable":true,"href":"https:\/\/www.24baires.com\/index.php?rest_route=%2Fwp%2Fv2%2Fcategories&post=120505"},{"taxonomy":"post_tag","embeddable":true,"href":"https:\/\/www.24baires.com\/index.php?rest_route=%2Fwp%2Fv2%2Ftags&post=120505"}],"curies":[{"name":"wp","href":"https:\/\/api.w.org\/{rel}","templated":true}]}}