{"id":120500,"date":"2023-09-26T16:48:01","date_gmt":"2023-09-26T19:48:01","guid":{"rendered":"http:\/\/www.24baires.com\/?p=120500"},"modified":"2023-09-26T23:51:39","modified_gmt":"2023-09-27T02:51:39","slug":"massa-anuncio-un-ife-de-94-mil-para-trabajadores-informales","status":"publish","type":"post","link":"https:\/\/www.24baires.com\/?p=120500","title":{"rendered":"Massa anunci\u00f3 un IFE de $94 mil para trabajadores informales"},"content":{"rendered":"<p><img data-recalc-dims=\"1\" loading=\"lazy\" decoding=\"async\" class=\"aligncenter wp-image-120501\" src=\"https:\/\/i0.wp.com\/www.24baires.com\/wp-content\/uploads\/2023\/09\/WhatsApp-Image-2023-09-26-at-23.50.16.jpeg?resize=720%2C480\" alt=\"\" width=\"720\" height=\"480\" srcset=\"https:\/\/i0.wp.com\/www.24baires.com\/wp-content\/uploads\/2023\/09\/WhatsApp-Image-2023-09-26-at-23.50.16.jpeg?w=960&amp;ssl=1 960w, https:\/\/i0.wp.com\/www.24baires.com\/wp-content\/uploads\/2023\/09\/WhatsApp-Image-2023-09-26-at-23.50.16.jpeg?resize=300%2C200&amp;ssl=1 300w, https:\/\/i0.wp.com\/www.24baires.com\/wp-content\/uploads\/2023\/09\/WhatsApp-Image-2023-09-26-at-23.50.16.jpeg?resize=768%2C512&amp;ssl=1 768w\" sizes=\"auto, (max-width: 720px) 100vw, 720px\" \/>El ministro de Econom\u00eda anunci\u00f3 un beneficio de 94.000 pesos para trabajadores y trabajadoras informales. Qui\u00e9nes pueden acceder a este beneficio y qui\u00e9nes no. C\u00f3mo y cu\u00e1ndo inscribirse.<!--more--><\/p>\n<p>El ministro de Econom\u00eda Sergio Massa anunci\u00f3 este martes un refuerzo de ingresos para trabajadores informales de 94.000 pesos. La inscripci\u00f3n estar\u00e1 disponible a partir de este mi\u00e9rcoles 27 de septiembre a las 14 y permanecer\u00e1 abierta durante todo octubre en la p\u00e1gina web de Anses o en la app \u00abmi Anses\u00bb.<\/p>\n<p>Seg\u00fan Massa, esta medida ser\u00e1 compensada a trav\u00e9s del cobro de un anticipo extraordinario de ganancias a grandes contribuyentes, y beneficia a un sector de la poblaci\u00f3n que no hab\u00eda sido alcanzado por las medidas econ\u00f3micas dispuestas en las \u00faltimas semanas para atenuar el impacto de la devaluaci\u00f3n impuesta por el FMI.<\/p>\n<p><strong>De cu\u00e1nto es el nuevo IFE<\/strong><br \/>\nEl refuerzo de 94.000 se pagar\u00e1 en dos cuotas: 47.000 pesos a cobrar en octubre y 47.000 en noviembre.<\/p>\n<p><strong>Qui\u00e9nes pueden cobrar el refuerzo<\/strong><br \/>\nLos requisitos para solicitarlo son:<\/p>\n<p>Tener entre 18 y 64 a\u00f1os<br \/>\nNo tener ninguna prestaci\u00f3n o asistencia del Estado ni trabajo formal<br \/>\nNo haber sido alcanzado con otras medidas anunciadas<br \/>\nTener Clave de la Seguridad Social<br \/>\nUna cuenta bancaria (en caso de no tener, la persona tendr\u00e1 que ir al banco a tramitarla)<\/p>\n<p><strong>Qui\u00e9nes no podr\u00e1n cobrar el \u00abnuevo IFE\u00bb<\/strong><br \/>\nTrabajo registrado (relaci\u00f3n de dependencia, aut\u00f3nomos, monotributo, monotributo social y casas particulares).<br \/>\nJubilaci\u00f3n o pensi\u00f3n.<br \/>\nAUH, AUE, Asignaciones familiares o Progresar.<br \/>\nPlanes sociales (por ejemplo, Potenciar Trabajo).<br \/>\nPrestaci\u00f3n por desempleo.<br \/>\nAnses revisar\u00e1 a los solicitantes<br \/>\nPero adem\u00e1s, ANSES realizar\u00e1 una evaluaci\u00f3n socioecon\u00f3mica y patrimonial (consumo, bienes, cobertura de salud, etc.) de los solicitantes.<\/p>\n<p><strong>De d\u00f3nde saldr\u00e1n los fondos para el nuevo IFE<\/strong><br \/>\nMassa destac\u00f3 que para que esta medida no afecte las cuentas p\u00fablicas y se mantenga el \u00aborden fiscal\u00bb, se decidi\u00f3 \u00abcobrarle un anticipo extraordinario de ganancias a aquellos sectores que fueron los grandes ganadores de la devaluaci\u00f3n impuesta por el FMI, centralmente bancos, compa\u00f1\u00edas financieras y compa\u00f1\u00edas de seguro que ser\u00e1n notificadas en el d\u00eda de ma\u00f1ana por la AFIP a los efectos de realizar el pago del anticipo de ganancias\u00bb.<\/p>\n<p>\u00abPretendemos de esta manera mantener el equilibrio en las cuentas p\u00fablicas, pero llegar a los sectores m\u00e1s vulnerables de nuestra sociedad, a los efectos de cuidar el ingreso de todas y todos los argentinos. Tenemos un objetivo; recuperar el ingreso para mejorar la calidad de vida de la gente y estas medidas van en el mismo sentido\u201d, expres\u00f3 Massa.<\/p>\n<p>Fuente: P\u00e1gina 12<\/p>\n","protected":false},"excerpt":{"rendered":"<p>El ministro de Econom\u00eda anunci\u00f3 un beneficio de 94.000 pesos para trabajadores y trabajadoras informales. Qui\u00e9nes pueden acceder a este beneficio y qui\u00e9nes no. C\u00f3mo y cu\u00e1ndo inscribirse.<\/p>\n","protected":false},"author":4,"featured_media":0,"comment_status":"closed","ping_status":"closed","sticky":false,"template":"","format":"standard","meta":{"_jetpack_newsletter_access":"","_jetpack_dont_email_post_to_subs":false,"_jetpack_newsletter_tier_id":0,"_jetpack_memberships_contains_paywalled_content":false,"_jetpack_memberships_contains_paid_content":false,"footnotes":""},"categories":[1],"tags":[],"class_list":["post-120500","post","type-post","status-publish","format-standard","hentry","category-sociedad"],"jetpack_featured_media_url":"","jetpack_shortlink":"https:\/\/wp.me\/p2JWE0-vly","jetpack-related-posts":[{"id":120274,"url":"https:\/\/www.24baires.com\/?p=120274","url_meta":{"origin":120500,"position":0},"title":"Massa y Raverta anunciaron nuevos cr\u00e9ditos de hasta $400 mil para jubilados y pensionados","author":"AF","date":"11\/07\/2023","format":false,"excerpt":"El ministro de Econom\u00eda y la directora ejecutiva de Anses anunciaron nuevos cr\u00e9ditos de ese organismo de hasta $ 400.000 para jubilados y pensionados, con una Tasa Nominal Actual del 29%, la m\u00e1s baja del mercado. En todas las prestaciones se mantiene la posibilidad de seleccionar la devoluci\u00f3n en 24,\u2026","rel":"","context":"En \u00abSociedad\u00bb","block_context":{"text":"Sociedad","link":"https:\/\/www.24baires.com\/?cat=1"},"img":{"alt_text":"","src":"https:\/\/i0.wp.com\/www.24baires.com\/wp-content\/uploads\/2023\/07\/WhatsApp-Image-2023-07-11-at-19.38.56.jpeg?resize=350%2C200","width":350,"height":200,"srcset":"https:\/\/i0.wp.com\/www.24baires.com\/wp-content\/uploads\/2023\/07\/WhatsApp-Image-2023-07-11-at-19.38.56.jpeg?resize=350%2C200 1x, https:\/\/i0.wp.com\/www.24baires.com\/wp-content\/uploads\/2023\/07\/WhatsApp-Image-2023-07-11-at-19.38.56.jpeg?resize=525%2C300 1.5x, https:\/\/i0.wp.com\/www.24baires.com\/wp-content\/uploads\/2023\/07\/WhatsApp-Image-2023-07-11-at-19.38.56.jpeg?resize=700%2C400 2x"},"classes":[]},{"id":120469,"url":"https:\/\/www.24baires.com\/?p=120469","url_meta":{"origin":120500,"position":1},"title":"Massa anunci\u00f3 la devoluci\u00f3n del IVA para monotributistas, jubilados y trabajadores","author":"GB","date":"14\/09\/2023","format":false,"excerpt":"El ministro de Econom\u00eda, Sergio Massa, anunci\u00f3 nuevas medidas econ\u00f3micas que beneficiar\u00e1n a monotributistas, jubilados y trabajadores que no pagan Ganancias. Luego de conocerse la inflaci\u00f3n de agosto, el ministro de Econom\u00eda de la Naci\u00f3n y candidato a la presidencia por Uni\u00f3n por la Patria, Sergio Massa, anunci\u00f3 una serie\u2026","rel":"","context":"En \u00abEconom\u00eda\u00bb","block_context":{"text":"Econom\u00eda","link":"https:\/\/www.24baires.com\/?cat=45"},"img":{"alt_text":"","src":"https:\/\/i0.wp.com\/www.24baires.com\/wp-content\/uploads\/2023\/08\/massa.webp?resize=350%2C200","width":350,"height":200,"srcset":"https:\/\/i0.wp.com\/www.24baires.com\/wp-content\/uploads\/2023\/08\/massa.webp?resize=350%2C200 1x, https:\/\/i0.wp.com\/www.24baires.com\/wp-content\/uploads\/2023\/08\/massa.webp?resize=525%2C300 1.5x, https:\/\/i0.wp.com\/www.24baires.com\/wp-content\/uploads\/2023\/08\/massa.webp?resize=700%2C400 2x"},"classes":[]},{"id":114484,"url":"https:\/\/www.24baires.com\/?p=114484","url_meta":{"origin":120500,"position":2},"title":"Lanzan el \u00abIngreso Familiar de Emergencia\u00bb para trabajadores informales","author":"GB","date":"24\/03\/2020","format":false,"excerpt":"El ministro de Econom\u00eda, Mart\u00edn Guzm\u00e1n, junto a su par de Trabajo, Claudio Moroni, anunci\u00f3 la creaci\u00f3n de un ingreso familiar de emergencia que alcanzar\u00e1 a los monostributistas de las categor\u00edas A y B y a los trabajadores informales cuyas familias no perciban otro tipo de ingreso ni de ayuda\u2026","rel":"","context":"En \u00abEconom\u00eda\u00bb","block_context":{"text":"Econom\u00eda","link":"https:\/\/www.24baires.com\/?cat=45"},"img":{"alt_text":"","src":"https:\/\/i0.wp.com\/www.24baires.com\/wp-content\/uploads\/2020\/03\/guzmAN.jpg?resize=350%2C200","width":350,"height":200,"srcset":"https:\/\/i0.wp.com\/www.24baires.com\/wp-content\/uploads\/2020\/03\/guzmAN.jpg?resize=350%2C200 1x, https:\/\/i0.wp.com\/www.24baires.com\/wp-content\/uploads\/2020\/03\/guzmAN.jpg?resize=525%2C300 1.5x"},"classes":[]},{"id":120416,"url":"https:\/\/www.24baires.com\/?p=120416","url_meta":{"origin":120500,"position":3},"title":"Multar\u00e1n a empresas que no paguen el bono anunciado por Massa","author":"AF","date":"29\/08\/2023","format":false,"excerpt":"La ministra de Trabajo convoc\u00f3 a los gremios a \"acompa\u00f1ar\" e \"identificar a las empresas\" que no cumplan con las medidas anunciadas por el ministro de Econom\u00eda. Su par de Desarrollo Social, as\u00ed como la titular de la ANSES y de la AFIP, ampliaron el detalle de las medidas dadas\u2026","rel":"","context":"En \u00abSociedad\u00bb","block_context":{"text":"Sociedad","link":"https:\/\/www.24baires.com\/?cat=1"},"img":{"alt_text":"","src":"https:\/\/i0.wp.com\/www.24baires.com\/wp-content\/uploads\/2023\/08\/WhatsApp-Image-2023-08-29-at-21.38.07.jpeg?resize=350%2C200","width":350,"height":200,"srcset":"https:\/\/i0.wp.com\/www.24baires.com\/wp-content\/uploads\/2023\/08\/WhatsApp-Image-2023-08-29-at-21.38.07.jpeg?resize=350%2C200 1x, https:\/\/i0.wp.com\/www.24baires.com\/wp-content\/uploads\/2023\/08\/WhatsApp-Image-2023-08-29-at-21.38.07.jpeg?resize=525%2C300 1.5x, https:\/\/i0.wp.com\/www.24baires.com\/wp-content\/uploads\/2023\/08\/WhatsApp-Image-2023-08-29-at-21.38.07.jpeg?resize=700%2C400 2x"},"classes":[]},{"id":120007,"url":"https:\/\/www.24baires.com\/?p=120007","url_meta":{"origin":120500,"position":4},"title":"La UBA aval\u00f3 el canje de deuda de ANSES que impuls\u00f3 Sergio Massa","author":"GB","date":"17\/04\/2023","format":false,"excerpt":"El dictamen t\u00e9cnico realizado por la UBA. Sostiene que no hay perjuicio para los jubilados y que los organismos p\u00fablicos obtendr\u00e1n ganancias. El 22 de marzo de 2023, el ministro de Econom\u00eda de la Naci\u00f3n, Sergio Massa, anunci\u00f3 que los organismos p\u00fablicos, como la ANSES, deb\u00edan canjear sus bonos en\u2026","rel":"","context":"En \u00abEconom\u00eda\u00bb","block_context":{"text":"Econom\u00eda","link":"https:\/\/www.24baires.com\/?cat=45"},"img":{"alt_text":"","src":"https:\/\/i0.wp.com\/www.24baires.com\/wp-content\/uploads\/2023\/04\/massa-raberta.webp?resize=350%2C200","width":350,"height":200,"srcset":"https:\/\/i0.wp.com\/www.24baires.com\/wp-content\/uploads\/2023\/04\/massa-raberta.webp?resize=350%2C200 1x, https:\/\/i0.wp.com\/www.24baires.com\/wp-content\/uploads\/2023\/04\/massa-raberta.webp?resize=525%2C300 1.5x, https:\/\/i0.wp.com\/www.24baires.com\/wp-content\/uploads\/2023\/04\/massa-raberta.webp?resize=700%2C400 2x"},"classes":[]},{"id":120085,"url":"https:\/\/www.24baires.com\/?p=120085","url_meta":{"origin":120500,"position":5},"title":"Las jubilaciones aumentar\u00e1n 20,92% en junio y habr\u00e1 tres refuerzos mensuales","author":"AF","date":"10\/05\/2023","format":false,"excerpt":"Lo anunciaron el ministro de Econom\u00eda, Sergio Massa, y la titular de ANSES, Fernanda Raverta. La m\u00ednima pasar\u00e1 de $58.665 a $70.938. Para los haberes m\u00e1s bajos, habr\u00e1 adicionales de $15 mil, $17 mil y $20 mil entre junio y agosto. Las jubilaciones y pensiones subir\u00e1n 20,92% a partir de\u2026","rel":"","context":"En \u00abSociedad\u00bb","block_context":{"text":"Sociedad","link":"https:\/\/www.24baires.com\/?cat=1"},"img":{"alt_text":"","src":"https:\/\/i0.wp.com\/www.24baires.com\/wp-content\/uploads\/2023\/05\/massa-raverta.jpg?resize=350%2C200","width":350,"height":200,"srcset":"https:\/\/i0.wp.com\/www.24baires.com\/wp-content\/uploads\/2023\/05\/massa-raverta.jpg?resize=350%2C200 1x, https:\/\/i0.wp.com\/www.24baires.com\/wp-content\/uploads\/2023\/05\/massa-raverta.jpg?resize=525%2C300 1.5x, https:\/\/i0.wp.com\/www.24baires.com\/wp-content\/uploads\/2023\/05\/massa-raverta.jpg?resize=700%2C400 2x"},"classes":[]}],"jetpack_sharing_enabled":true,"jetpack_likes_enabled":true,"_links":{"self":[{"href":"https:\/\/www.24baires.com\/index.php?rest_route=\/wp\/v2\/posts\/120500","targetHints":{"allow":["GET"]}}],"collection":[{"href":"https:\/\/www.24baires.com\/index.php?rest_route=\/wp\/v2\/posts"}],"about":[{"href":"https:\/\/www.24baires.com\/index.php?rest_route=\/wp\/v2\/types\/post"}],"author":[{"embeddable":true,"href":"https:\/\/www.24baires.com\/index.php?rest_route=\/wp\/v2\/users\/4"}],"replies":[{"embeddable":true,"href":"https:\/\/www.24baires.com\/index.php?rest_route=%2Fwp%2Fv2%2Fcomments&post=120500"}],"version-history":[{"count":1,"href":"https:\/\/www.24baires.com\/index.php?rest_route=\/wp\/v2\/posts\/120500\/revisions"}],"predecessor-version":[{"id":120502,"href":"https:\/\/www.24baires.com\/index.php?rest_route=\/wp\/v2\/posts\/120500\/revisions\/120502"}],"wp:attachment":[{"href":"https:\/\/www.24baires.com\/index.php?rest_route=%2Fwp%2Fv2%2Fmedia&parent=120500"}],"wp:term":[{"taxonomy":"category","embeddable":true,"href":"https:\/\/www.24baires.com\/index.php?rest_route=%2Fwp%2Fv2%2Fcategories&post=120500"},{"taxonomy":"post_tag","embeddable":true,"href":"https:\/\/www.24baires.com\/index.php?rest_route=%2Fwp%2Fv2%2Ftags&post=120500"}],"curies":[{"name":"wp","href":"https:\/\/api.w.org\/{rel}","templated":true}]}}