{"id":120492,"date":"2023-09-20T23:29:01","date_gmt":"2023-09-21T02:29:01","guid":{"rendered":"http:\/\/www.24baires.com\/?p=120492"},"modified":"2023-09-20T23:29:01","modified_gmt":"2023-09-21T02:29:01","slug":"la-tasa-de-desocupacion-bajo-al-62-en-el-segundo-trimestre-del-ano","status":"publish","type":"post","link":"https:\/\/www.24baires.com\/?p=120492","title":{"rendered":"La tasa de desocupaci\u00f3n baj\u00f3 al 6,2% en el segundo trimestre del a\u00f1o"},"content":{"rendered":"<p><img data-recalc-dims=\"1\" loading=\"lazy\" decoding=\"async\" class=\"aligncenter wp-image-107025\" src=\"https:\/\/i0.wp.com\/www.24baires.com\/wp-content\/uploads\/2019\/02\/trabajador.jpg?resize=720%2C449\" alt=\"\" width=\"720\" height=\"449\" srcset=\"https:\/\/i0.wp.com\/www.24baires.com\/wp-content\/uploads\/2019\/02\/trabajador.jpg?w=560&amp;ssl=1 560w, https:\/\/i0.wp.com\/www.24baires.com\/wp-content\/uploads\/2019\/02\/trabajador.jpg?resize=300%2C187&amp;ssl=1 300w\" sizes=\"auto, (max-width: 720px) 100vw, 720px\" \/>El informe del Instituto Nacional de Estad\u00edstica y Censos mostr\u00f3 en un retroceso del 0,7% respecto al per\u00edodo abril-junio del a\u00f1o pasado. Adem\u00e1s, la subocupaci\u00f3n demandante retrocedi\u00f3 al 7,4 % contra el 7,9 %.<!--more--><\/p>\n<p>La tasa de Desocupaci\u00f3n baj\u00f3 al 6,2% al t\u00e9rmino del segundo trimestre de este a\u00f1o, frente al 6,9% del primer trimestre del a\u00f1o y de abril-junio del a\u00f1o pasado, inform\u00f3 este mi\u00e9rcoles el Instituto Nacional de Estad\u00edstica y Censos (Indec).<\/p>\n<p>Incluso, este \u00edndice de 6,2% de desocupaci\u00f3n estuvo por debajo del 6,9% del primer trimestre de este a\u00f1o.<\/p>\n<p>Esta baja se produjo a pesar de que el Producto Interno Bruto cay\u00f3 4,9% en la comparaci\u00f3n interanual y 2,8 % entre el segundo trimestre y el primero, seg\u00fan el Indec.<\/p>\n<p>En tanto, la subocupaci\u00f3n demandante, entendida como la gente que trabaja 35 horas semanales y quisiera tener m\u00e1s empleo, baj\u00f3 tambi\u00e9n al 7,4% en el segundo trimestre, frente al 7,7% de igual per\u00edodo del 2022, si bien subi\u00f3 respecto al 6,3% que se registr\u00f3 en el primer trimestre de este a\u00f1o.<\/p>\n<p>En tanto, la subocupaci\u00f3n no demandante se ubic\u00f3 en el 3,2%, por debajo del 3,5% de igual per\u00edodo del 2022, y levemente por sobre el 3,1% del primer trimestre.<\/p>\n","protected":false},"excerpt":{"rendered":"<p>El informe del Instituto Nacional de Estad\u00edstica y Censos mostr\u00f3 en un retroceso del 0,7% respecto al per\u00edodo abril-junio del a\u00f1o pasado. Adem\u00e1s, la subocupaci\u00f3n demandante retrocedi\u00f3 al 7,4 % contra el 7,9 %.<\/p>\n","protected":false},"author":4,"featured_media":0,"comment_status":"closed","ping_status":"closed","sticky":false,"template":"","format":"standard","meta":{"_jetpack_newsletter_access":"","_jetpack_dont_email_post_to_subs":false,"_jetpack_newsletter_tier_id":0,"_jetpack_memberships_contains_paywalled_content":false,"_jetpack_memberships_contains_paid_content":false,"footnotes":""},"categories":[1],"tags":[],"class_list":["post-120492","post","type-post","status-publish","format-standard","hentry","category-sociedad"],"jetpack_featured_media_url":"","jetpack_shortlink":"https:\/\/wp.me\/p2JWE0-vlq","jetpack-related-posts":[{"id":119374,"url":"https:\/\/www.24baires.com\/?p=119374","url_meta":{"origin":120492,"position":0},"title":"Seg\u00fan el Indec, el desempleo baj\u00f3 un 6,9%","author":"AF","date":"21\/09\/2022","format":false,"excerpt":"Los datos relevados por el Instituto Nacional de Estad\u00edstica y Censos se\u00f1alan un descenso de 2,7% respecto al mismo per\u00edodo de 2021, y el valor se encuentra 0,1% por debajo de lo registrado en el primer trimestre. La tasa de desocupaci\u00f3n en el segundo trimestre del a\u00f1o baj\u00f3 al 6,9%,\u2026","rel":"","context":"En \u00abEconom\u00eda\u00bb","block_context":{"text":"Econom\u00eda","link":"https:\/\/www.24baires.com\/?cat=45"},"img":{"alt_text":"","src":"https:\/\/i0.wp.com\/www.24baires.com\/wp-content\/uploads\/2021\/08\/industria-pandemia.jpg?resize=350%2C200","width":350,"height":200,"srcset":"https:\/\/i0.wp.com\/www.24baires.com\/wp-content\/uploads\/2021\/08\/industria-pandemia.jpg?resize=350%2C200 1x, https:\/\/i0.wp.com\/www.24baires.com\/wp-content\/uploads\/2021\/08\/industria-pandemia.jpg?resize=525%2C300 1.5x, https:\/\/i0.wp.com\/www.24baires.com\/wp-content\/uploads\/2021\/08\/industria-pandemia.jpg?resize=700%2C400 2x"},"classes":[]},{"id":52081,"url":"https:\/\/www.24baires.com\/?p=52081","url_meta":{"origin":120492,"position":1},"title":"La desocupaci\u00f3n subi\u00f3 a 7,5% durante el segundo trimestre","author":"GB","date":"19\/08\/2014","format":false,"excerpt":"El Instituto Nacional de Estad\u00edsticas y Censos (INDEC) inform\u00f3 que, durante ese periodo, la subocupaci\u00f3n creci\u00f3 a 9,4 por ciento. El \u00edndice de desocupaci\u00f3n registr\u00f3 un avance de tres d\u00e9cimas durante el segundo trimestre del a\u00f1o, al crecer desde el 7,2% de igual per\u00edodo de 2013 hasta el 7,5%, inform\u00f3\u2026","rel":"","context":"En \u00abEconom\u00eda\u00bb","block_context":{"text":"Econom\u00eda","link":"https:\/\/www.24baires.com\/?cat=45"},"img":{"alt_text":"","src":"","width":0,"height":0},"classes":[]},{"id":118042,"url":"https:\/\/www.24baires.com\/?p=118042","url_meta":{"origin":120492,"position":2},"title":"El \u00edndice de desocupaci\u00f3n baj\u00f3 al 9,6%","author":"AF","date":"23\/09\/2021","format":false,"excerpt":"Seg\u00fan inform\u00f3 el Instituto Nacional de Estad\u00edstica y Censos (Indec), la sub ocupaci\u00f3n demandante, que comprende a la gente que trabaja menos de 35 horas semanales, aument\u00f3 al 8,5% contra el 5% del segundo trimestre del a\u00f1o pasado. El \u00edndice de desempleo se ubic\u00f3 en el 9,6% al cierre del\u2026","rel":"","context":"En \u00abSociedad\u00bb","block_context":{"text":"Sociedad","link":"https:\/\/www.24baires.com\/?cat=1"},"img":{"alt_text":"","src":"https:\/\/i0.wp.com\/www.24baires.com\/wp-content\/uploads\/2021\/08\/industria-pandemia.jpg?resize=350%2C200","width":350,"height":200,"srcset":"https:\/\/i0.wp.com\/www.24baires.com\/wp-content\/uploads\/2021\/08\/industria-pandemia.jpg?resize=350%2C200 1x, https:\/\/i0.wp.com\/www.24baires.com\/wp-content\/uploads\/2021\/08\/industria-pandemia.jpg?resize=525%2C300 1.5x"},"classes":[]},{"id":93124,"url":"https:\/\/www.24baires.com\/?p=93124","url_meta":{"origin":120492,"position":3},"title":"Mar del Plata, nuevamente la ciudad con mayor desocupaci\u00f3n del pa\u00eds: 10,6%","author":"GB","date":"16\/03\/2017","format":false,"excerpt":"Las cifras del Indec corresponden al cuarto trimestre de 2016. La subocupaci\u00f3n trepa al 13,8% Con el 10,6 por ciento, Mar del Plata sigue siendo la ciudad con mayor tasa de desocupaci\u00f3n del pa\u00eds, seg\u00fan cifras del Instituto Nacional de Estad\u00edstica y Censos (Indec) correspondientes al cuarto trimestre de 2016.\u2026","rel":"","context":"En \u00abSociedad\u00bb","block_context":{"text":"Sociedad","link":"https:\/\/www.24baires.com\/?cat=1"},"img":{"alt_text":"","src":"https:\/\/i0.wp.com\/www.24baires.com\/wp-content\/uploads\/2016\/08\/desempleo.jpg?resize=350%2C200","width":350,"height":200,"srcset":"https:\/\/i0.wp.com\/www.24baires.com\/wp-content\/uploads\/2016\/08\/desempleo.jpg?resize=350%2C200 1x, https:\/\/i0.wp.com\/www.24baires.com\/wp-content\/uploads\/2016\/08\/desempleo.jpg?resize=525%2C300 1.5x"},"classes":[]},{"id":110863,"url":"https:\/\/www.24baires.com\/?p=110863","url_meta":{"origin":120492,"position":4},"title":"La tasa de desocupaci\u00f3n alcanz\u00f3 el 10,1%","author":"AF","date":"19\/06\/2019","format":false,"excerpt":"Las tasas e indicadores socioecon\u00f3micos del mercado de trabajo, corresponden al primer trimestre de este a\u00f1o en todo el pa\u00eds. El INDEC difundi\u00f3 hoy los resultados del primer trimestre de 2019 correspondientes al total de aglomerados urbanos muestran que la tasa de actividad es del 47,0%, la tasa de empleo\u2026","rel":"","context":"En \u00abSociedad\u00bb","block_context":{"text":"Sociedad","link":"https:\/\/www.24baires.com\/?cat=1"},"img":{"alt_text":"","src":"https:\/\/i0.wp.com\/www.24baires.com\/wp-content\/uploads\/2013\/02\/indec.jpg?resize=350%2C200","width":350,"height":200,"srcset":"https:\/\/i0.wp.com\/www.24baires.com\/wp-content\/uploads\/2013\/02\/indec.jpg?resize=350%2C200 1x, https:\/\/i0.wp.com\/www.24baires.com\/wp-content\/uploads\/2013\/02\/indec.jpg?resize=525%2C300 1.5x"},"classes":[]},{"id":30497,"url":"https:\/\/www.24baires.com\/?p=30497","url_meta":{"origin":120492,"position":5},"title":"Seg\u00fan el INDEC la desocupaci\u00f3n se mantuvo en 7,2%","author":"GB","date":"20\/08\/2013","format":false,"excerpt":"El \u00edndice de desocupaci\u00f3n alcanz\u00f3 al t\u00e9rmino del segundo trimestre del a\u00f1o el 7,2%, igual nivel obtenido entre abril y junio del 2012, y por debajo del 7,9% del primer trimestre de este a\u00f1o, inform\u00f3 el Instituto Nacional de Estad\u00edstica y Censos. El organismo dio cuenta tambi\u00e9n que la subocupaci\u00f3n\u2026","rel":"","context":"En \u00abEconom\u00eda\u00bb","block_context":{"text":"Econom\u00eda","link":"https:\/\/www.24baires.com\/?cat=45"},"img":{"alt_text":"","src":"","width":0,"height":0},"classes":[]}],"jetpack_sharing_enabled":true,"jetpack_likes_enabled":true,"_links":{"self":[{"href":"https:\/\/www.24baires.com\/index.php?rest_route=\/wp\/v2\/posts\/120492","targetHints":{"allow":["GET"]}}],"collection":[{"href":"https:\/\/www.24baires.com\/index.php?rest_route=\/wp\/v2\/posts"}],"about":[{"href":"https:\/\/www.24baires.com\/index.php?rest_route=\/wp\/v2\/types\/post"}],"author":[{"embeddable":true,"href":"https:\/\/www.24baires.com\/index.php?rest_route=\/wp\/v2\/users\/4"}],"replies":[{"embeddable":true,"href":"https:\/\/www.24baires.com\/index.php?rest_route=%2Fwp%2Fv2%2Fcomments&post=120492"}],"version-history":[{"count":1,"href":"https:\/\/www.24baires.com\/index.php?rest_route=\/wp\/v2\/posts\/120492\/revisions"}],"predecessor-version":[{"id":120493,"href":"https:\/\/www.24baires.com\/index.php?rest_route=\/wp\/v2\/posts\/120492\/revisions\/120493"}],"wp:attachment":[{"href":"https:\/\/www.24baires.com\/index.php?rest_route=%2Fwp%2Fv2%2Fmedia&parent=120492"}],"wp:term":[{"taxonomy":"category","embeddable":true,"href":"https:\/\/www.24baires.com\/index.php?rest_route=%2Fwp%2Fv2%2Fcategories&post=120492"},{"taxonomy":"post_tag","embeddable":true,"href":"https:\/\/www.24baires.com\/index.php?rest_route=%2Fwp%2Fv2%2Ftags&post=120492"}],"curies":[{"name":"wp","href":"https:\/\/api.w.org\/{rel}","templated":true}]}}