{"id":120484,"date":"2023-09-18T22:40:52","date_gmt":"2023-09-19T01:40:52","guid":{"rendered":"http:\/\/www.24baires.com\/?p=120484"},"modified":"2023-09-18T22:40:52","modified_gmt":"2023-09-19T01:40:52","slug":"ganancias-el-oficialismo-consiguio-dictamen-de-mayoria","status":"publish","type":"post","link":"https:\/\/www.24baires.com\/?p=120484","title":{"rendered":"Ganancias: el oficialismo consigui\u00f3 dictamen de mayor\u00eda"},"content":{"rendered":"<p><img data-recalc-dims=\"1\" loading=\"lazy\" decoding=\"async\" class=\"aligncenter wp-image-120485\" src=\"https:\/\/i0.wp.com\/www.24baires.com\/wp-content\/uploads\/2023\/09\/WhatsApp-Image-2023-09-18-at-22.39.55.jpeg?resize=720%2C405\" alt=\"\" width=\"720\" height=\"405\" srcset=\"https:\/\/i0.wp.com\/www.24baires.com\/wp-content\/uploads\/2023\/09\/WhatsApp-Image-2023-09-18-at-22.39.55.jpeg?w=655&amp;ssl=1 655w, https:\/\/i0.wp.com\/www.24baires.com\/wp-content\/uploads\/2023\/09\/WhatsApp-Image-2023-09-18-at-22.39.55.jpeg?resize=300%2C169&amp;ssl=1 300w\" sizes=\"auto, (max-width: 720px) 100vw, 720px\" \/>El proyecto del Gobierno impulsado por Sergio Massa logr\u00f3 el apoyo de sectores de la oposici\u00f3n. El oficialismo lo tratar\u00e1 este martes en el recinto.<!--more--><\/p>\n<p>Con el apoyo de sectores de la oposici\u00f3n, el oficialismo logr\u00f3 emitir un dictamen de mayor\u00eda en la Comisi\u00f3n de Presupuesto sobre el proyecto de modificaci\u00f3n del impuesto a las ganancias impulsado por el ministro de Econom\u00eda Sergio Massa, que ser\u00e1 tratado este martes en la C\u00e1mara de Diputados. Durante el debate, Juntos por el Cambio reiter\u00f3 su rechazo a la propuesta.<\/p>\n<p>El bloque del Frente de Todos obtuvo el respaldo de diputados provinciales y de la izquierda para emitir un dictamen con 25 firmas, mientras que la principal coalici\u00f3n opositora present\u00f3 un dictamen propio de rechazo con el apoyo de 12 legisladores.<\/p>\n<p>La iniciativa tiene como eje eliminar la cuarta categor\u00eda del impuesto a las ganancias y adem\u00e1s crear un nuevo tributo que, de aprobarse, solo impactar\u00e1 en los salarios de empleados y empleadas que cobran m\u00e1s de 180 sueldos m\u00ednimos anuales. . Se trata de un universo de apenas 90.000 personas.<\/p>\n<p>Al dar comienzo al debate, el presidente de la comisi\u00f3n, Carlos Heller, afirm\u00f3 que la iniciativa \u00abest\u00e1 dentro del conjunto de reclamos que se vienen haciendo desde la ciudadan\u00eda y es un viejo reclamo de muchos diputados y diputadas\u00bb.<\/p>\n<p>El legislador se\u00f1al\u00f3 que la eliminaci\u00f3n de la cuarta categor\u00eda del impuesto a las ganancias \u00abha estado en las promesas de campa\u00f1as presidenciales, a partir de la idea de que el trabajo no es ganancia\u00bb, en relaci\u00f3n al compromiso que hab\u00eda asumido el expresidente Mauricio Macri.<\/p>\n<p>\u00abAlgunas de esas promesas tuvieron un efecto contrario ya que en el 2015 los trabajadores que pagan ganancias llegaban al 10% pero al final del 2019 llegaba al 30%, es decir 2 millones y medio y esto no fue por incrementos de aumentos salarios\u00bb, agreg\u00f3 al cuestionar al Gobierno de Cambiemos.<\/p>\n<p>Heller dijo que \u00aben la actualidad volvi\u00f3 a reducirse la cantidad de empleados que pagan ganancias y solo lo hacen 700 mil trabajadores, lo que implica un 7 por ciento de los empleados registrados\u00bb.<\/p>\n<p>A su turno, Marcelo Casaretto aprovech\u00f3 para ironizar con el pedido de Patricia Bullrich para que el proyecto sea debatido este a\u00f1o. \u00abHace solo diez d\u00edas la propia candidata a presidenta Patricia Bullrich public\u00f3 un tuit en el que desafiaba a Massa a que presentara el proyecto. Ahora que lo present\u00f3, ustedes lo rechazan. Es llamativo\u201d, dijo.<\/p>\n<p>Por parte de la oposici\u00f3n, el diputado de JxC, Jos\u00e9 Luis Espert, insisti\u00f3 en que la iniciativa es \u201cirresponsable\u201d porque se aplica \u201csin su correspondiente baja del gasto p\u00fablico\u201d. \u201cPor beneficiar a unos pocos, se perjudicar\u00e1 a los 46 millones de argentinos\u201d, advirti\u00f3. D\u00edas atr\u00e1s, a trav\u00e9s de redes sociales, hab\u00eda propuesto la eliminaci\u00f3n del impuesto ya que \u00abrecauda menos del 0.2% del PBI. La nada misma. Es como el 90% de los impuestos nacionales (literal)\u00bb.<\/p>\n<p>Ganancias: sesi\u00f3n especial en Diputados<br \/>\nUna vez consumado el dictamen de mayor\u00eda, el oficialismo buscar\u00e1 aprobar el proyecto este martes en el marco de una sesi\u00f3n especial de la C\u00e1mara baja. Para lograr su objetivo tiene que reunir el qu\u00f3rum reglamentario junto con bloques provinciales, ya que Juntos por el Cambio (JxC) rechaz\u00f3 la iniciativa.<\/p>\n<p>Hasta ahora, el oficialismo cuenta con el respaldo para tener el n\u00famero reglamentario para abrir la sesi\u00f3n especial con sus 118 integrantes, cuatro de izquierda, cuatro de partidos provinciales y tres legisladores peronistas del interbloque federal.<\/p>\n<p>Tambi\u00e9n se sumar\u00edan los gobernadores electos de Santa Cruz, Claudio Vidal, y de Neuqu\u00e9n, Rolando Figueroa, provincias en las que se encuentran los principales emprendimientos petroleros, con trabajadores que pagan el impuesto a las Ganancias.<\/p>\n<p>Uno de los espacios pol\u00edticos que tienen la llave tanto para el qu\u00f3rum como para la sanci\u00f3n de ley es el interbloque Federal, ya que con ocho miembros siempre se convierte en \u00e1rbitro, pero hasta ahora las posiciones se encuentran divididas.<\/p>\n<p>De qu\u00e9 se trata el Proyecto que elimina Ganancias<br \/>\nEl proyecto del Poder Ejecutivo crea un nuevo impuesto sobre los ingresos a partir del equivalente a 15 salarios m\u00ednimos, vitales y m\u00f3viles (SMVM) al mes, con una al\u00edcuota progresiva sobre el excedente que va de 27% a 35% y se actualiza con el valor del SMVM dos veces por a\u00f1o.<\/p>\n<p>De esta forma, s\u00f3lo pagar\u00e1n el impuesto a las Ganancias 88.000 contribuyentes, lo que representa menos del 1% del total de las remuneraciones, jubilaciones y pensiones.<\/p>\n<p>A trav\u00e9s de la iniciativa se busca que el impuesto recaiga, \u00fanicamente, \u00absobre los mayores ingresos en relaci\u00f3n de dependencia y por las otras rentas aludidas\u00bb.<\/p>\n<p>La determinaci\u00f3n del impuesto se efect\u00faa de acuerdo con el siguiente mecanismo: se considera, al comienzo del per\u00edodo fiscal, el valor del Salario M\u00ednimo, Vital y M\u00f3vil (SMVM) vigente el 1\u00b0 de enero de ese a\u00f1o, el que se actualizar\u00e1 el 1\u00b0 de julio de cada a\u00f1o fiscal, considerando el valor del SMVM vigente a esa nueva fecha.<\/p>\n<p>Fuente: \u00c1mbito<\/p>\n","protected":false},"excerpt":{"rendered":"<p>El proyecto del Gobierno impulsado por Sergio Massa logr\u00f3 el apoyo de sectores de la oposici\u00f3n. El oficialismo lo tratar\u00e1 este martes en el recinto.<\/p>\n","protected":false},"author":4,"featured_media":0,"comment_status":"closed","ping_status":"closed","sticky":false,"template":"","format":"standard","meta":{"_jetpack_newsletter_access":"","_jetpack_dont_email_post_to_subs":false,"_jetpack_newsletter_tier_id":0,"_jetpack_memberships_contains_paywalled_content":false,"_jetpack_memberships_contains_paid_content":false,"footnotes":""},"categories":[45],"tags":[],"class_list":["post-120484","post","type-post","status-publish","format-standard","hentry","category-economia"],"jetpack_featured_media_url":"","jetpack_shortlink":"https:\/\/wp.me\/p2JWE0-vli","jetpack-related-posts":[{"id":119459,"url":"https:\/\/www.24baires.com\/?p=119459","url_meta":{"origin":120484,"position":0},"title":"\u00abQue los jueces no paguen Ganancias es un privilegio inaceptable\u00bb","author":"AF","date":"21\/10\/2022","format":false,"excerpt":"Luego de que el Frente de Todos consiguiera emitir dictamen de mayor\u00eda para tratar la ley de leyes en la C\u00e1mara Baja, el legislador nacional Marcelo Casaretto se refiri\u00f3 en AM750 a la inclusi\u00f3n del art\u00edculo que busca eliminar la exenci\u00f3n al impuesto a las Ganancias para miembros del Poder\u2026","rel":"","context":"En \u00abJUDICIALES\u00bb","block_context":{"text":"JUDICIALES","link":"https:\/\/www.24baires.com\/?cat=68"},"img":{"alt_text":"","src":"https:\/\/i0.wp.com\/www.24baires.com\/wp-content\/uploads\/2022\/10\/662157-justicia-0.jpg?resize=350%2C200","width":350,"height":200,"srcset":"https:\/\/i0.wp.com\/www.24baires.com\/wp-content\/uploads\/2022\/10\/662157-justicia-0.jpg?resize=350%2C200 1x, https:\/\/i0.wp.com\/www.24baires.com\/wp-content\/uploads\/2022\/10\/662157-justicia-0.jpg?resize=525%2C300 1.5x, https:\/\/i0.wp.com\/www.24baires.com\/wp-content\/uploads\/2022\/10\/662157-justicia-0.jpg?resize=700%2C400 2x"},"classes":[]},{"id":121270,"url":"https:\/\/www.24baires.com\/?p=121270","url_meta":{"origin":120484,"position":1},"title":"Milei consigui\u00f3 dictamen para la reforma fiscal","author":"GB","date":"26\/04\/2024","format":false,"excerpt":"Con el respaldo del PRO y otros bloques minoritarios, el oficialismo consigui\u00f3 27 firmas para el proyecto que se tratar\u00e1 desde el lunes pr\u00f3ximo junto a la Ley \u00d3mnibus. Como se inform\u00f3, el oficialismo logr\u00f3 este jueves emitir dictamen de mayor\u00eda para el proyecto de Ley \u00d3mnibus y la iniciativa\u2026","rel":"","context":"En \u00abPol\u00edtica\u00bb","block_context":{"text":"Pol\u00edtica","link":"https:\/\/www.24baires.com\/?cat=51"},"img":{"alt_text":"","src":"https:\/\/i0.wp.com\/www.24baires.com\/wp-content\/uploads\/2024\/04\/dip.webp?resize=350%2C200","width":350,"height":200,"srcset":"https:\/\/i0.wp.com\/www.24baires.com\/wp-content\/uploads\/2024\/04\/dip.webp?resize=350%2C200 1x, https:\/\/i0.wp.com\/www.24baires.com\/wp-content\/uploads\/2024\/04\/dip.webp?resize=525%2C300 1.5x, https:\/\/i0.wp.com\/www.24baires.com\/wp-content\/uploads\/2024\/04\/dip.webp?resize=700%2C400 2x"},"classes":[]},{"id":117366,"url":"https:\/\/www.24baires.com\/?p=117366","url_meta":{"origin":120484,"position":2},"title":"La oposici\u00f3n adelant\u00f3 que acompa\u00f1ar\u00e1 \u00aben general\u00bb los cambios en Ganancias","author":"AF","date":"27\/03\/2021","format":false,"excerpt":"El presidente del bloque de Juntos por el Cambio en Diputados adelant\u00f3 este s\u00e1bado en di\u00e1logo con C5N que plantear\u00e1 la excepci\u00f3n del Impuesto para Fuerzas Armadas y de Seguridad. Ritondo consider\u00f3 al proyecto de Ganancias \"un avance para un sector muy grande de la poblaci\u00f3n\". Particularmente el diputado plantear\u00e1\u2026","rel":"","context":"En \u00abPol\u00edtica\u00bb","block_context":{"text":"Pol\u00edtica","link":"https:\/\/www.24baires.com\/?cat=51"},"img":{"alt_text":"","src":"https:\/\/i0.wp.com\/www.24baires.com\/wp-content\/uploads\/2017\/07\/ritondo.jpg?resize=350%2C200","width":350,"height":200,"srcset":"https:\/\/i0.wp.com\/www.24baires.com\/wp-content\/uploads\/2017\/07\/ritondo.jpg?resize=350%2C200 1x, https:\/\/i0.wp.com\/www.24baires.com\/wp-content\/uploads\/2017\/07\/ritondo.jpg?resize=525%2C300 1.5x"},"classes":[]},{"id":118624,"url":"https:\/\/www.24baires.com\/?p=118624","url_meta":{"origin":120484,"position":3},"title":"El Gobierno destaca que \u00abpor primera vez\u00bb se debate un acuerdo con el FMI en el Congreso","author":"GB","date":"10\/03\/2022","format":false,"excerpt":"La portavoz de la Presidencia, Gabriela Cerruti, destac\u00f3 este jueves que \"por primera vez en Argentina un acuerdo con el FMI se debate en el Congreso\". La portavoz de la Presidencia, Gabriela Cerruti, destac\u00f3 este jueves que \"por primera vez en Argentina un acuerdo con el FMI se debate en\u2026","rel":"","context":"En \u00abPol\u00edtica\u00bb","block_context":{"text":"Pol\u00edtica","link":"https:\/\/www.24baires.com\/?cat=51"},"img":{"alt_text":"","src":"https:\/\/i0.wp.com\/www.24baires.com\/wp-content\/uploads\/2022\/03\/cerruti-fmijpg-300x135.jpg?resize=350%2C200","width":350,"height":200},"classes":[]},{"id":120897,"url":"https:\/\/www.24baires.com\/?p=120897","url_meta":{"origin":120484,"position":4},"title":"El gobierno logr\u00f3 dictamen de Mayor\u00eda y la Ley Omnibus llegar\u00e1 al recinto","author":"GB","date":"24\/01\/2024","format":false,"excerpt":"El oficialismo tuvo el apoyo del PRO, la UCR y Hacemos Coalici\u00f3n Federal, que de todas maneras manifestaron algunas disidencias \"parciales\" al proyecto. Esta madrugada, el oficialismo de la C\u00e1mara de Diputados logr\u00f3 un dictamen de mayor\u00eda respaldado por bloques opositores dialoguistas para la Ley \u00d3mnibus. La iniciativa, que aborda\u2026","rel":"","context":"En \u00abPol\u00edtica\u00bb","block_context":{"text":"Pol\u00edtica","link":"https:\/\/www.24baires.com\/?cat=51"},"img":{"alt_text":"","src":"https:\/\/i0.wp.com\/www.24baires.com\/wp-content\/uploads\/2024\/01\/menem-recinto.jpeg?resize=350%2C200","width":350,"height":200,"srcset":"https:\/\/i0.wp.com\/www.24baires.com\/wp-content\/uploads\/2024\/01\/menem-recinto.jpeg?resize=350%2C200 1x, https:\/\/i0.wp.com\/www.24baires.com\/wp-content\/uploads\/2024\/01\/menem-recinto.jpeg?resize=525%2C300 1.5x, https:\/\/i0.wp.com\/www.24baires.com\/wp-content\/uploads\/2024\/01\/menem-recinto.jpeg?resize=700%2C400 2x"},"classes":[]},{"id":118348,"url":"https:\/\/www.24baires.com\/?p=118348","url_meta":{"origin":120484,"position":5},"title":"Diputados debate este jueves el Presupuesto 2022","author":"GB","date":"16\/12\/2021","format":false,"excerpt":"La sesi\u00f3n est\u00e1 convocada para el mediod\u00eda y se espera que sea marat\u00f3nica. Frente de Todos consigui\u00f3 dictamen de mayor\u00eda sobre el proyecto de Presupuesto 2022, al reunir 25 de las 49 firmas de legisladores que integran la comisi\u00f3n de Presupuesto y Hacienda, por lo que este jueves al mediod\u00eda\u2026","rel":"","context":"En \u00abEconom\u00eda\u00bb","block_context":{"text":"Econom\u00eda","link":"https:\/\/www.24baires.com\/?cat=45"},"img":{"alt_text":"","src":"https:\/\/i0.wp.com\/www.24baires.com\/wp-content\/uploads\/2021\/10\/diputados-ley.jpg?resize=350%2C200","width":350,"height":200,"srcset":"https:\/\/i0.wp.com\/www.24baires.com\/wp-content\/uploads\/2021\/10\/diputados-ley.jpg?resize=350%2C200 1x, https:\/\/i0.wp.com\/www.24baires.com\/wp-content\/uploads\/2021\/10\/diputados-ley.jpg?resize=525%2C300 1.5x"},"classes":[]}],"jetpack_sharing_enabled":true,"jetpack_likes_enabled":true,"_links":{"self":[{"href":"https:\/\/www.24baires.com\/index.php?rest_route=\/wp\/v2\/posts\/120484","targetHints":{"allow":["GET"]}}],"collection":[{"href":"https:\/\/www.24baires.com\/index.php?rest_route=\/wp\/v2\/posts"}],"about":[{"href":"https:\/\/www.24baires.com\/index.php?rest_route=\/wp\/v2\/types\/post"}],"author":[{"embeddable":true,"href":"https:\/\/www.24baires.com\/index.php?rest_route=\/wp\/v2\/users\/4"}],"replies":[{"embeddable":true,"href":"https:\/\/www.24baires.com\/index.php?rest_route=%2Fwp%2Fv2%2Fcomments&post=120484"}],"version-history":[{"count":1,"href":"https:\/\/www.24baires.com\/index.php?rest_route=\/wp\/v2\/posts\/120484\/revisions"}],"predecessor-version":[{"id":120486,"href":"https:\/\/www.24baires.com\/index.php?rest_route=\/wp\/v2\/posts\/120484\/revisions\/120486"}],"wp:attachment":[{"href":"https:\/\/www.24baires.com\/index.php?rest_route=%2Fwp%2Fv2%2Fmedia&parent=120484"}],"wp:term":[{"taxonomy":"category","embeddable":true,"href":"https:\/\/www.24baires.com\/index.php?rest_route=%2Fwp%2Fv2%2Fcategories&post=120484"},{"taxonomy":"post_tag","embeddable":true,"href":"https:\/\/www.24baires.com\/index.php?rest_route=%2Fwp%2Fv2%2Ftags&post=120484"}],"curies":[{"name":"wp","href":"https:\/\/api.w.org\/{rel}","templated":true}]}}