{"id":120481,"date":"2023-09-18T09:11:39","date_gmt":"2023-09-18T12:11:39","guid":{"rendered":"http:\/\/www.24baires.com\/?p=120481"},"modified":"2023-09-18T09:11:39","modified_gmt":"2023-09-18T12:11:39","slug":"comienza-a-regir-el-programa-compre-sin-iva","status":"publish","type":"post","link":"https:\/\/www.24baires.com\/?p=120481","title":{"rendered":"Comienza a regir el programa Compre sin IVA"},"content":{"rendered":"<p><img data-recalc-dims=\"1\" loading=\"lazy\" decoding=\"async\" class=\"aligncenter wp-image-120482\" src=\"https:\/\/i0.wp.com\/www.24baires.com\/wp-content\/uploads\/2023\/09\/compre-sin-iva.webp?resize=720%2C405\" alt=\"\" width=\"720\" height=\"405\" srcset=\"https:\/\/i0.wp.com\/www.24baires.com\/wp-content\/uploads\/2023\/09\/compre-sin-iva.webp?w=887&amp;ssl=1 887w, https:\/\/i0.wp.com\/www.24baires.com\/wp-content\/uploads\/2023\/09\/compre-sin-iva.webp?resize=300%2C169&amp;ssl=1 300w, https:\/\/i0.wp.com\/www.24baires.com\/wp-content\/uploads\/2023\/09\/compre-sin-iva.webp?resize=768%2C432&amp;ssl=1 768w\" sizes=\"auto, (max-width: 720px) 100vw, 720px\" \/>La devoluci\u00f3n del IVA en las compras con tarjeta de d\u00e9bito durar\u00e1 hasta diciembre, pero podr\u00eda extenderse.<!--more--><\/p>\n<p>El ministro de Econom\u00eda de la Naci\u00f3n, Sergio Massa, anunci\u00f3 un programa para devolverle el IVA de los productos de la canasta b\u00e1sica alimentaria a quienes cobran menos de 708 mil pesos por mes. A contrarreloj, la AFIP defini\u00f3 los detalles de la iniciativa que hoy entra en vigencia en todo el pa\u00eds. Incentivos para comerciantes y requisitos para consumidores.<\/p>\n<p>El programa Compre sin IVA entr\u00f3 en vigencia a las 0 horas de este lunes. El titular de la Administraci\u00f3n Federal de Ingresos P\u00fablicos, Carlos Castagneto, explic\u00f3 d\u00edas atr\u00e1s que en estos primeros d\u00edas la devoluci\u00f3n del dinero se har\u00e1 sobre el ticket total de la compra y no sobre los productos que integran la canasta b\u00e1sica de los alimentos.<\/p>\n<p>\u00abEn 15 d\u00edas vamos a poder determinar por cada producto de la canasta b\u00e1sica, los cuales van a tener un indicador y nosotros, a trav\u00e9s de un robot, podremos ver r\u00e1pidamente en qu\u00e9 consiste lo que se compr\u00f3\u00bb, precis\u00f3.<\/p>\n<p>Tambi\u00e9n por ahora, las compras deben hacerse con tarjeta de d\u00e9bito, pero la intenci\u00f3n de las autoridades es sumar a las billeteras virtuales como Mercado Pago, Modo o Ual\u00e1. \u00abLa semana pr\u00f3xima (por esta) creo que ya estamos acordando\u00bb, estim\u00f3 el titular de la AFIP en di\u00e1logo con FM Urbana Play.<\/p>\n","protected":false},"excerpt":{"rendered":"<p>La devoluci\u00f3n del IVA en las compras con tarjeta de d\u00e9bito durar\u00e1 hasta diciembre, pero podr\u00eda extenderse.<\/p>\n","protected":false},"author":8,"featured_media":0,"comment_status":"closed","ping_status":"closed","sticky":false,"template":"","format":"standard","meta":{"_jetpack_newsletter_access":"","_jetpack_dont_email_post_to_subs":false,"_jetpack_newsletter_tier_id":0,"_jetpack_memberships_contains_paywalled_content":false,"_jetpack_memberships_contains_paid_content":false,"footnotes":""},"categories":[45],"tags":[],"class_list":["post-120481","post","type-post","status-publish","format-standard","hentry","category-economia"],"jetpack_featured_media_url":"","jetpack_shortlink":"https:\/\/wp.me\/p2JWE0-vlf","jetpack-related-posts":[{"id":80396,"url":"https:\/\/www.24baires.com\/?p=80396","url_meta":{"origin":120481,"position":0},"title":"Piden acelerar la devoluci\u00f3n del IVA a los productos de la canasta b\u00e1sica","author":"AF","date":"21\/03\/2016","format":false,"excerpt":"El senador provincial Hern\u00e1n Albisu (Frente Renovador), opin\u00f3 que el gobierno de Mauricio Macri tendr\u00eda que acelerar la promesa que realiz\u00f3 en cuanto a \u201cla devoluci\u00f3n del IVA\u201d a los productos de la canasta b\u00e1sica y critic\u00f3 la implementaci\u00f3n de la llamada \u201cplatafoma electr\u00f3nica\u201d por no atacar a los formadores\u2026","rel":"","context":"En \u00abEconom\u00eda\u00bb","block_context":{"text":"Econom\u00eda","link":"https:\/\/www.24baires.com\/?cat=45"},"img":{"alt_text":"","src":"","width":0,"height":0},"classes":[]},{"id":120469,"url":"https:\/\/www.24baires.com\/?p=120469","url_meta":{"origin":120481,"position":1},"title":"Massa anunci\u00f3 la devoluci\u00f3n del IVA para monotributistas, jubilados y trabajadores","author":"GB","date":"14\/09\/2023","format":false,"excerpt":"El ministro de Econom\u00eda, Sergio Massa, anunci\u00f3 nuevas medidas econ\u00f3micas que beneficiar\u00e1n a monotributistas, jubilados y trabajadores que no pagan Ganancias. Luego de conocerse la inflaci\u00f3n de agosto, el ministro de Econom\u00eda de la Naci\u00f3n y candidato a la presidencia por Uni\u00f3n por la Patria, Sergio Massa, anunci\u00f3 una serie\u2026","rel":"","context":"En \u00abEconom\u00eda\u00bb","block_context":{"text":"Econom\u00eda","link":"https:\/\/www.24baires.com\/?cat=45"},"img":{"alt_text":"","src":"https:\/\/i0.wp.com\/www.24baires.com\/wp-content\/uploads\/2023\/08\/massa.webp?resize=350%2C200","width":350,"height":200,"srcset":"https:\/\/i0.wp.com\/www.24baires.com\/wp-content\/uploads\/2023\/08\/massa.webp?resize=350%2C200 1x, https:\/\/i0.wp.com\/www.24baires.com\/wp-content\/uploads\/2023\/08\/massa.webp?resize=525%2C300 1.5x, https:\/\/i0.wp.com\/www.24baires.com\/wp-content\/uploads\/2023\/08\/massa.webp?resize=700%2C400 2x"},"classes":[]},{"id":120487,"url":"https:\/\/www.24baires.com\/?p=120487","url_meta":{"origin":120481,"position":2},"title":"Cuenta DNI se suma a la devoluci\u00f3n de IVA y permitir\u00e1 ahorrar hasta $78.800","author":"AF","date":"19\/09\/2023","format":false,"excerpt":"Desde la banca p\u00fablica informaron que \u201ceste beneficio se acumula con los descuentos que ya ofrece\u201d la billetera digital. Cuenta DNI se suma, a partir de ahora, a la iniciativa \u201cCompre sin IVA\u201d, anunciada por el ministerio de Econom\u00eda de la Naci\u00f3n que reintegra en concepto de IVA el 21%\u2026","rel":"","context":"En \u00abSociedad\u00bb","block_context":{"text":"Sociedad","link":"https:\/\/www.24baires.com\/?cat=1"},"img":{"alt_text":"","src":"https:\/\/i0.wp.com\/www.24baires.com\/wp-content\/uploads\/2023\/09\/cuenta-dni.jpg?resize=350%2C200","width":350,"height":200,"srcset":"https:\/\/i0.wp.com\/www.24baires.com\/wp-content\/uploads\/2023\/09\/cuenta-dni.jpg?resize=350%2C200 1x, https:\/\/i0.wp.com\/www.24baires.com\/wp-content\/uploads\/2023\/09\/cuenta-dni.jpg?resize=525%2C300 1.5x, https:\/\/i0.wp.com\/www.24baires.com\/wp-content\/uploads\/2023\/09\/cuenta-dni.jpg?resize=700%2C400 2x"},"classes":[]},{"id":77118,"url":"https:\/\/www.24baires.com\/?p=77118","url_meta":{"origin":120481,"position":3},"title":"Confirman la continuidad de la devoluci\u00f3n del IVA para pagos con d\u00e9bito","author":"AF","date":"04\/01\/2016","format":false,"excerpt":"El gobierno nacional decidi\u00f3 a trav\u00e9s de una resoluci\u00f3n publicada este lunes en el Bolet\u00edn Oficial, prorrogar hasta el 30 de abril pr\u00f3ximo la devoluci\u00f3n del IVA que se concreten en compras realizadas con d\u00e9bito. Mediante la Resoluci\u00f3n 8\/2015, se decidi\u00f3 llevar adelante la continuidad de la devoluci\u00f3n para transacciones\u2026","rel":"","context":"En \u00abSociedad\u00bb","block_context":{"text":"Sociedad","link":"https:\/\/www.24baires.com\/?cat=1"},"img":{"alt_text":"tarjeta-de-credito-post-net","src":"https:\/\/i0.wp.com\/www.24baires.com\/wp-content\/uploads\/2014\/07\/tarjeta-de-credito-post-net.jpg?resize=350%2C200","width":350,"height":200,"srcset":"https:\/\/i0.wp.com\/www.24baires.com\/wp-content\/uploads\/2014\/07\/tarjeta-de-credito-post-net.jpg?resize=350%2C200 1x, https:\/\/i0.wp.com\/www.24baires.com\/wp-content\/uploads\/2014\/07\/tarjeta-de-credito-post-net.jpg?resize=525%2C300 1.5x"},"classes":[]},{"id":83703,"url":"https:\/\/www.24baires.com\/?p=83703","url_meta":{"origin":120481,"position":4},"title":"Promulgaron la ley que devuelve 15% del IVA a jubilados","author":"AF","date":"13\/06\/2016","format":false,"excerpt":"La medida, que alcanza tambi\u00e9n a beneficiarios de planes sociales y que se aplica a compras de productos de consumo masivo en comercios de venta minorista con tarjeta de d\u00e9bito, fue promulgada a trav\u00e9s del decreto 771\/2016 del Bolet\u00edn Oficial. Se trata de la norma sancionada el mi\u00e9rcoles pasado por\u2026","rel":"","context":"En \u00abEconom\u00eda\u00bb","block_context":{"text":"Econom\u00eda","link":"https:\/\/www.24baires.com\/?cat=45"},"img":{"alt_text":"super-chino","src":"https:\/\/i0.wp.com\/www.24baires.com\/wp-content\/uploads\/2013\/12\/super-chino.jpg?resize=350%2C200","width":350,"height":200,"srcset":"https:\/\/i0.wp.com\/www.24baires.com\/wp-content\/uploads\/2013\/12\/super-chino.jpg?resize=350%2C200 1x, https:\/\/i0.wp.com\/www.24baires.com\/wp-content\/uploads\/2013\/12\/super-chino.jpg?resize=525%2C300 1.5x"},"classes":[]},{"id":106875,"url":"https:\/\/www.24baires.com\/?p=106875","url_meta":{"origin":120481,"position":5},"title":"Macri elimin\u00f3 el reintegro del 15% del IVA para compras con d\u00e9bito","author":"AF","date":"17\/02\/2019","format":false,"excerpt":"Cambiemos vuelve a ajustar a los mayores: ahora elimin\u00f3 el programa que beneficiaba por sus transacciones con tarjeta de d\u00e9bito a jubilados y beneficiarios de planes sociales. En l\u00ednea con el \u00faltimo documento del FMI que presiona sobre mayores cambios regresivos en el sistema jubilatorio, el gobierno de Mauricio Macri\u2026","rel":"","context":"En \u00abSociedad\u00bb","block_context":{"text":"Sociedad","link":"https:\/\/www.24baires.com\/?cat=1"},"img":{"alt_text":"","src":"https:\/\/i0.wp.com\/www.24baires.com\/wp-content\/uploads\/2014\/07\/tarjeta-de-credito-post-net.jpg?resize=350%2C200","width":350,"height":200,"srcset":"https:\/\/i0.wp.com\/www.24baires.com\/wp-content\/uploads\/2014\/07\/tarjeta-de-credito-post-net.jpg?resize=350%2C200 1x, https:\/\/i0.wp.com\/www.24baires.com\/wp-content\/uploads\/2014\/07\/tarjeta-de-credito-post-net.jpg?resize=525%2C300 1.5x"},"classes":[]}],"jetpack_sharing_enabled":true,"jetpack_likes_enabled":true,"_links":{"self":[{"href":"https:\/\/www.24baires.com\/index.php?rest_route=\/wp\/v2\/posts\/120481","targetHints":{"allow":["GET"]}}],"collection":[{"href":"https:\/\/www.24baires.com\/index.php?rest_route=\/wp\/v2\/posts"}],"about":[{"href":"https:\/\/www.24baires.com\/index.php?rest_route=\/wp\/v2\/types\/post"}],"author":[{"embeddable":true,"href":"https:\/\/www.24baires.com\/index.php?rest_route=\/wp\/v2\/users\/8"}],"replies":[{"embeddable":true,"href":"https:\/\/www.24baires.com\/index.php?rest_route=%2Fwp%2Fv2%2Fcomments&post=120481"}],"version-history":[{"count":1,"href":"https:\/\/www.24baires.com\/index.php?rest_route=\/wp\/v2\/posts\/120481\/revisions"}],"predecessor-version":[{"id":120483,"href":"https:\/\/www.24baires.com\/index.php?rest_route=\/wp\/v2\/posts\/120481\/revisions\/120483"}],"wp:attachment":[{"href":"https:\/\/www.24baires.com\/index.php?rest_route=%2Fwp%2Fv2%2Fmedia&parent=120481"}],"wp:term":[{"taxonomy":"category","embeddable":true,"href":"https:\/\/www.24baires.com\/index.php?rest_route=%2Fwp%2Fv2%2Fcategories&post=120481"},{"taxonomy":"post_tag","embeddable":true,"href":"https:\/\/www.24baires.com\/index.php?rest_route=%2Fwp%2Fv2%2Ftags&post=120481"}],"curies":[{"name":"wp","href":"https:\/\/api.w.org\/{rel}","templated":true}]}}