{"id":120469,"date":"2023-09-14T07:00:08","date_gmt":"2023-09-14T10:00:08","guid":{"rendered":"http:\/\/www.24baires.com\/?p=120469"},"modified":"2023-09-14T07:00:08","modified_gmt":"2023-09-14T10:00:08","slug":"massa-anuncio-la-devolucion-del-iva-para-monotributistas-jubilados-y-trabajadores","status":"publish","type":"post","link":"https:\/\/www.24baires.com\/?p=120469","title":{"rendered":"Massa anunci\u00f3 la devoluci\u00f3n del IVA para monotributistas, jubilados y trabajadores"},"content":{"rendered":"<p><img data-recalc-dims=\"1\" loading=\"lazy\" decoding=\"async\" class=\"aligncenter wp-image-120377\" src=\"https:\/\/i0.wp.com\/www.24baires.com\/wp-content\/uploads\/2023\/08\/massa.webp?resize=720%2C405\" alt=\"\" width=\"720\" height=\"405\" srcset=\"https:\/\/i0.wp.com\/www.24baires.com\/wp-content\/uploads\/2023\/08\/massa.webp?w=887&amp;ssl=1 887w, https:\/\/i0.wp.com\/www.24baires.com\/wp-content\/uploads\/2023\/08\/massa.webp?resize=300%2C169&amp;ssl=1 300w, https:\/\/i0.wp.com\/www.24baires.com\/wp-content\/uploads\/2023\/08\/massa.webp?resize=768%2C432&amp;ssl=1 768w\" sizes=\"auto, (max-width: 720px) 100vw, 720px\" \/>El ministro de Econom\u00eda, Sergio Massa, anunci\u00f3 nuevas medidas econ\u00f3micas que beneficiar\u00e1n a monotributistas, jubilados y trabajadores que no pagan Ganancias.<!--more--><\/p>\n<p>Luego de conocerse la inflaci\u00f3n de agosto, el ministro de Econom\u00eda de la Naci\u00f3n y candidato a la presidencia por Uni\u00f3n por la Patria, Sergio Massa, anunci\u00f3 una serie de medidas econ\u00f3micas que beneficiar\u00e1 a monotributistas, jubilados y trabajadores que no pagan impuesto a las Ganancias, y regir\u00e1 a partir del pr\u00f3ximo lunes 18 de septiembre.<\/p>\n<p>En primer lugar, anunci\u00f3 que se lanzar\u00e1 un programa de devoluci\u00f3n del IVA del total de la canasta b\u00e1sica de Argentina para los 9 millones de trabajadores que cobran salarios de hasta 708 mil pesos.<\/p>\n<p>Tal como lo anunci\u00f3 Massa, este beneficio contin\u00faa con la devoluci\u00f3n a los 7 millones de jubilados y pensionados, e incluir\u00e1 tambi\u00e9n a 2,3 millones de monotributistas que no tienen otro ingreso, a los beneficiarios del programa Asignaci\u00f3n Universal por Hijo, y a los trabajadores de casas particulares.<\/p>\n<p>\u00abEn t\u00e9rminos de plata, cada trabajador y trabajadora, jubilado y jubilada, va a tener a lo largo del mes o en un solo d\u00eda o en las distintas compras que realice, una devoluci\u00f3n a las 48 horas de realizada la compra con la tarjeta de d\u00e9bito por hasta 18.800 pesos a lo largo del mes\u00bb, explic\u00f3 el ministro.<\/p>\n<p>Por otra parte, anunci\u00f3 que se pone en marcha un programa de cr\u00e9ditos de hasta 400.000 pesos a devolver en 24, 36 y 48 meses con cuota fija y tasa del 50% que se tramitar\u00e1 en la tarjeta de cr\u00e9dito y de manera virtual.<\/p>\n<p>Y por \u00faltimo, se ampl\u00eda a 2.967.000 el programa de beneficiarios del refuerzo alimentario de PAMI y se ampl\u00eda el monto en el mes de septiembre, octubre y noviembre a<\/p>\n","protected":false},"excerpt":{"rendered":"<p>El ministro de Econom\u00eda, Sergio Massa, anunci\u00f3 nuevas medidas econ\u00f3micas que beneficiar\u00e1n a monotributistas, jubilados y trabajadores que no pagan Ganancias.<\/p>\n","protected":false},"author":8,"featured_media":0,"comment_status":"closed","ping_status":"closed","sticky":false,"template":"","format":"standard","meta":{"_jetpack_newsletter_access":"","_jetpack_dont_email_post_to_subs":false,"_jetpack_newsletter_tier_id":0,"_jetpack_memberships_contains_paywalled_content":false,"_jetpack_memberships_contains_paid_content":false,"footnotes":""},"categories":[45],"tags":[],"class_list":["post-120469","post","type-post","status-publish","format-standard","hentry","category-economia"],"jetpack_featured_media_url":"","jetpack_shortlink":"https:\/\/wp.me\/p2JWE0-vl3","jetpack-related-posts":[{"id":120464,"url":"https:\/\/www.24baires.com\/?p=120464","url_meta":{"origin":120469,"position":0},"title":"Massa anuncia medidas que favorecer\u00e1n a monotributistas y trabajadores","author":"GB","date":"13\/09\/2023","format":false,"excerpt":"El ministro de Econom\u00eda y candidato a presidente de UxP anuncia este mi\u00e9rcoles una bater\u00eda de medidas. El ministro de Econom\u00eda y candidato a presidente por Uni\u00f3n por la Patria, Sergio Massa, anunciar\u00e1 este mi\u00e9rcoles medidas para monotributistas, jubilados y trabajadores que no pagan Ganancias El anuncio se realizar\u00e1 a\u2026","rel":"","context":"En \u00abEconom\u00eda\u00bb","block_context":{"text":"Econom\u00eda","link":"https:\/\/www.24baires.com\/?cat=45"},"img":{"alt_text":"","src":"https:\/\/i0.wp.com\/www.24baires.com\/wp-content\/uploads\/2023\/09\/massa.webp?resize=350%2C200","width":350,"height":200,"srcset":"https:\/\/i0.wp.com\/www.24baires.com\/wp-content\/uploads\/2023\/09\/massa.webp?resize=350%2C200 1x, https:\/\/i0.wp.com\/www.24baires.com\/wp-content\/uploads\/2023\/09\/massa.webp?resize=525%2C300 1.5x, https:\/\/i0.wp.com\/www.24baires.com\/wp-content\/uploads\/2023\/09\/massa.webp?resize=700%2C400 2x"},"classes":[]},{"id":120274,"url":"https:\/\/www.24baires.com\/?p=120274","url_meta":{"origin":120469,"position":1},"title":"Massa y Raverta anunciaron nuevos cr\u00e9ditos de hasta $400 mil para jubilados y pensionados","author":"AF","date":"11\/07\/2023","format":false,"excerpt":"El ministro de Econom\u00eda y la directora ejecutiva de Anses anunciaron nuevos cr\u00e9ditos de ese organismo de hasta $ 400.000 para jubilados y pensionados, con una Tasa Nominal Actual del 29%, la m\u00e1s baja del mercado. En todas las prestaciones se mantiene la posibilidad de seleccionar la devoluci\u00f3n en 24,\u2026","rel":"","context":"En \u00abSociedad\u00bb","block_context":{"text":"Sociedad","link":"https:\/\/www.24baires.com\/?cat=1"},"img":{"alt_text":"","src":"https:\/\/i0.wp.com\/www.24baires.com\/wp-content\/uploads\/2023\/07\/WhatsApp-Image-2023-07-11-at-19.38.56.jpeg?resize=350%2C200","width":350,"height":200,"srcset":"https:\/\/i0.wp.com\/www.24baires.com\/wp-content\/uploads\/2023\/07\/WhatsApp-Image-2023-07-11-at-19.38.56.jpeg?resize=350%2C200 1x, https:\/\/i0.wp.com\/www.24baires.com\/wp-content\/uploads\/2023\/07\/WhatsApp-Image-2023-07-11-at-19.38.56.jpeg?resize=525%2C300 1.5x, https:\/\/i0.wp.com\/www.24baires.com\/wp-content\/uploads\/2023\/07\/WhatsApp-Image-2023-07-11-at-19.38.56.jpeg?resize=700%2C400 2x"},"classes":[]},{"id":120500,"url":"https:\/\/www.24baires.com\/?p=120500","url_meta":{"origin":120469,"position":2},"title":"Massa anunci\u00f3 un IFE de $94 mil para trabajadores informales","author":"AF","date":"26\/09\/2023","format":false,"excerpt":"El ministro de Econom\u00eda anunci\u00f3 un beneficio de 94.000 pesos para trabajadores y trabajadoras informales. Qui\u00e9nes pueden acceder a este beneficio y qui\u00e9nes no. C\u00f3mo y cu\u00e1ndo inscribirse. El ministro de Econom\u00eda Sergio Massa anunci\u00f3 este martes un refuerzo de ingresos para trabajadores informales de 94.000 pesos. La inscripci\u00f3n estar\u00e1\u2026","rel":"","context":"En \u00abSociedad\u00bb","block_context":{"text":"Sociedad","link":"https:\/\/www.24baires.com\/?cat=1"},"img":{"alt_text":"","src":"https:\/\/i0.wp.com\/www.24baires.com\/wp-content\/uploads\/2023\/09\/WhatsApp-Image-2023-09-26-at-23.50.16.jpeg?resize=350%2C200","width":350,"height":200,"srcset":"https:\/\/i0.wp.com\/www.24baires.com\/wp-content\/uploads\/2023\/09\/WhatsApp-Image-2023-09-26-at-23.50.16.jpeg?resize=350%2C200 1x, https:\/\/i0.wp.com\/www.24baires.com\/wp-content\/uploads\/2023\/09\/WhatsApp-Image-2023-09-26-at-23.50.16.jpeg?resize=525%2C300 1.5x, https:\/\/i0.wp.com\/www.24baires.com\/wp-content\/uploads\/2023\/09\/WhatsApp-Image-2023-09-26-at-23.50.16.jpeg?resize=700%2C400 2x"},"classes":[]},{"id":117279,"url":"https:\/\/www.24baires.com\/?p=117279","url_meta":{"origin":120469,"position":3},"title":"Ganancias: el proyecto de Massa suma m\u00e1s beneficios","author":"GB","date":"08\/03\/2021","format":false,"excerpt":"El proyecto de Sergio Massa sobre el impuesto a las ganancias sum\u00f3 m\u00e1s beneficios tanto para trabajadores como para los jubilados. El proyecto del presidente de la C\u00e1mara de Diputados de la Naci\u00f3n, Sergio Massa, sobre el Impuesto a las Ganancias incorpora m\u00e1s beneficios en favor de trabajadores y jubilados.\u2026","rel":"","context":"En \u00abPol\u00edtica\u00bb","block_context":{"text":"Pol\u00edtica","link":"https:\/\/www.24baires.com\/?cat=51"},"img":{"alt_text":"","src":"https:\/\/i0.wp.com\/www.24baires.com\/wp-content\/uploads\/2020\/05\/diputados-virtual.jpg?resize=350%2C200","width":350,"height":200,"srcset":"https:\/\/i0.wp.com\/www.24baires.com\/wp-content\/uploads\/2020\/05\/diputados-virtual.jpg?resize=350%2C200 1x, https:\/\/i0.wp.com\/www.24baires.com\/wp-content\/uploads\/2020\/05\/diputados-virtual.jpg?resize=525%2C300 1.5x"},"classes":[]},{"id":120519,"url":"https:\/\/www.24baires.com\/?p=120519","url_meta":{"origin":120469,"position":4},"title":"Massa celebr\u00f3 ley que modifica ganancias y pidi\u00f3 apoyo para la de devoluci\u00f3n del IVA","author":"AF","date":"29\/09\/2023","format":false,"excerpt":"El ministro de Econom\u00eda y candidato presidencial de Uni\u00f3n por la Patria (UxP), Sergio Massa, consider\u00f3 hoy como \"un paso fundamental\" contra \"la injusticia\" la eliminaci\u00f3n de la cuarta categor\u00eda del impuesto a las Ganancias, al destacar la sanci\u00f3n de la ley que elimin\u00f3 ese gravamen, y pidi\u00f3 \"apoyo\" para\u2026","rel":"","context":"En \u00abPol\u00edtica\u00bb","block_context":{"text":"Pol\u00edtica","link":"https:\/\/www.24baires.com\/?cat=51"},"img":{"alt_text":"","src":"https:\/\/i0.wp.com\/www.24baires.com\/wp-content\/uploads\/2023\/09\/massa.jpg?resize=350%2C200","width":350,"height":200,"srcset":"https:\/\/i0.wp.com\/www.24baires.com\/wp-content\/uploads\/2023\/09\/massa.jpg?resize=350%2C200 1x, https:\/\/i0.wp.com\/www.24baires.com\/wp-content\/uploads\/2023\/09\/massa.jpg?resize=525%2C300 1.5x, https:\/\/i0.wp.com\/www.24baires.com\/wp-content\/uploads\/2023\/09\/massa.jpg?resize=700%2C400 2x"},"classes":[]},{"id":76769,"url":"https:\/\/www.24baires.com\/?p=76769","url_meta":{"origin":120469,"position":5},"title":"El Gobierno estudia ampliar la AUH a 400 mil hijos de monotributistas","author":"GB","date":"22\/12\/2015","format":false,"excerpt":"El ministro del Interior, Rogelio Frigerio, estim\u00f3 que en 2016 se podr\u00e1 avanzar con esa iniciativa y la jefa de Desarrollo Social, Carolina Stanley, indic\u00f3 que la propuesta ser\u00e1 tratada por el Congreso en febrero o marzo. El Gobierno trabaja en un proyecto de ley con el objetivo de ampliar\u2026","rel":"","context":"En \u00abPol\u00edtica\u00bb","block_context":{"text":"Pol\u00edtica","link":"https:\/\/www.24baires.com\/?cat=51"},"img":{"alt_text":"","src":"","width":0,"height":0},"classes":[]}],"jetpack_sharing_enabled":true,"jetpack_likes_enabled":true,"_links":{"self":[{"href":"https:\/\/www.24baires.com\/index.php?rest_route=\/wp\/v2\/posts\/120469","targetHints":{"allow":["GET"]}}],"collection":[{"href":"https:\/\/www.24baires.com\/index.php?rest_route=\/wp\/v2\/posts"}],"about":[{"href":"https:\/\/www.24baires.com\/index.php?rest_route=\/wp\/v2\/types\/post"}],"author":[{"embeddable":true,"href":"https:\/\/www.24baires.com\/index.php?rest_route=\/wp\/v2\/users\/8"}],"replies":[{"embeddable":true,"href":"https:\/\/www.24baires.com\/index.php?rest_route=%2Fwp%2Fv2%2Fcomments&post=120469"}],"version-history":[{"count":1,"href":"https:\/\/www.24baires.com\/index.php?rest_route=\/wp\/v2\/posts\/120469\/revisions"}],"predecessor-version":[{"id":120470,"href":"https:\/\/www.24baires.com\/index.php?rest_route=\/wp\/v2\/posts\/120469\/revisions\/120470"}],"wp:attachment":[{"href":"https:\/\/www.24baires.com\/index.php?rest_route=%2Fwp%2Fv2%2Fmedia&parent=120469"}],"wp:term":[{"taxonomy":"category","embeddable":true,"href":"https:\/\/www.24baires.com\/index.php?rest_route=%2Fwp%2Fv2%2Fcategories&post=120469"},{"taxonomy":"post_tag","embeddable":true,"href":"https:\/\/www.24baires.com\/index.php?rest_route=%2Fwp%2Fv2%2Ftags&post=120469"}],"curies":[{"name":"wp","href":"https:\/\/api.w.org\/{rel}","templated":true}]}}