{"id":120466,"date":"2023-09-13T20:15:31","date_gmt":"2023-09-13T23:15:31","guid":{"rendered":"http:\/\/www.24baires.com\/?p=120466"},"modified":"2023-09-13T22:16:15","modified_gmt":"2023-09-14T01:16:15","slug":"la-inflacion-de-agosto-fue-del-124","status":"publish","type":"post","link":"https:\/\/www.24baires.com\/?p=120466","title":{"rendered":"La inflaci\u00f3n de agosto fue del 12,4%"},"content":{"rendered":"<p><img data-recalc-dims=\"1\" loading=\"lazy\" decoding=\"async\" class=\"aligncenter wp-image-120187\" src=\"https:\/\/i0.wp.com\/www.24baires.com\/wp-content\/uploads\/2023\/06\/supermercado.jpg?resize=720%2C479\" alt=\"\" width=\"720\" height=\"479\" srcset=\"https:\/\/i0.wp.com\/www.24baires.com\/wp-content\/uploads\/2023\/06\/supermercado.jpg?w=650&amp;ssl=1 650w, https:\/\/i0.wp.com\/www.24baires.com\/wp-content\/uploads\/2023\/06\/supermercado.jpg?resize=300%2C199&amp;ssl=1 300w\" sizes=\"auto, (max-width: 720px) 100vw, 720px\" \/>El IPC del INDEC fue el m\u00e1s alto en 30 a\u00f1os, con Alimentos y Bebidas con suba de 15,6. La carne tuvo un alza de m\u00e1s de 25 puntos. Prepagas y regulados tambi\u00e9n empujaron. <!--more--><\/p>\n<p>La inflaci\u00f3n del mes de agosto quebr\u00f3 la barrera psicol\u00f3gica y salt\u00f3 a dos digitos en agosto. Seg\u00fan el \u00cdndice de Precios al Consumidor (IPC) que dio a conocer el INDEC, la suba de precios en ese mes fue de 12,4 por ciento respecto a julio, 124,4 en la medici\u00f3n interanual y 80,2 por ciento en lo que va del 2023, posicion\u00e1ndose como el n\u00famero m\u00e1s alto en 30 a\u00f1os. El impacto m\u00e1s fuerte en el n\u00famero general fue del rubro Alimentos y Bebidas, tambi\u00e9n apalancado por Prepagas y precios regulados.<\/p>\n<p>Fue el propio ministro Sergio Massa quien adelant\u00f3, horas antes, que el aumento ser\u00eda \u00abuno de los peores meses de los \u00faltimos 30 a\u00f1os, producto de una imposici\u00f3n del FMI que golpea enormemente nuestra econom\u00eda, como fue la devaluaci\u00f3n m\u00e1s el impuesto PAIS\u201d.<\/p>\n<p>En ese sentido, la devaluaci\u00f3n del 21,8% que el Banco Central implement\u00f3 el lunes 14 de agosto -que llev\u00f3 al tipo de cambio mayorista de $287,29 a $350- impuls\u00f3 al alza a todos los rubros, que registraron el traspaso a precios tanto en la industria de bienes como en la de servicios. Seg\u00fan detall\u00f3 el Indec, los bienes registraron una variaci\u00f3n de 13,7% en agosto, mientras los servicios tuvieron un incremento del 9,1% con respecto al mes anterior.<\/p>\n<p>La comida, un problema para el bolsillo<\/p>\n<p>La divisi\u00f3n de mayor aumento en el mes fue Alimentos y bebidas no alcoh\u00f3licas (15,6%), impulsada fundamentalmente por la suba en Carnes y derivados (25,6% en Gran Buenos Aires) y Verduras, tub\u00e9rculos y legumbres (19,3% en Gran Buenos Aires).<br \/>\nEl rubro carnes tuvo diferentes alzas por cortes: la carne picada com\u00fan subi\u00f3 39,4 por ciento; la paleta aument\u00f3 34 por cieno y el cuadril, corte de por s\u00ed caro, subi\u00f3 33,3 por ciento. Por su parte, la nalga subi\u00f3 casi 33 por ciento y el asado un 32,4.<\/p>\n<p>Entre los productos frescos, las verduras, la papa subi\u00f3 28,3, el tomae redondo un 31,8 por ciento, el pollo un 20,6 y los huevos un 18 por ciento.<\/p>\n<p>Otros rubros de impacto<br \/>\nTambi\u00e9n incidieron con mayor peso en el dato de agosto los rubros de Salud (15,3%) \u2013principalmente por los aumentos en Medicamentos (20,3% en GBA)\u2013 y las subas en Equipamiento y mantenimiento del hogar (14,1%), y en Restaurantes y Hoteles (12,4%).<\/p>\n<p>Las que registraron menores variaciones en agosto fueron Comunicaci\u00f3n (4,5%) y Bebidas alcoh\u00f3licas y tabaco (8,5%).<\/p>\n<p>A nivel de las categor\u00edas, el IPC N\u00facleo (grupos que quedan por fuera de los Regulados y Estacionales) aument\u00f3 13,8% en el mes y 125,3% interanual y lider\u00f3 el aumento, seguido por Estacionales (frutas, verduras, ropa exterior, transporte por turismo y alojamiento y excursiones) que subi\u00f3 10,7% en el mes y 128,8% interanual.<\/p>\n<p>Los precios regulados<\/p>\n<p>Mientras tanto, el IPC de Regulados (combustibles para la vivienda, electricidad, agua y servicios sanitarios, sistemas de salud y servicios auxiliares, transporte p\u00fablico de pasajeros, funcionamiento y mantenimiento de veh\u00edculos, correo, tel\u00e9fono, educaci\u00f3n formal y cigarrillos y accesorios) aument\u00f3 8,3% en el mes y 116,6% interanual.<\/p>\n<p>La fuerte alza de precios marc\u00f3 un r\u00e9cord para el \u00edndice de inflaci\u00f3n, que fue el m\u00e1s alto en 32 a\u00f1os.<\/p>\n<p>La \u00faltima vez que un dato mensual de inflaci\u00f3n super\u00f3 el 12% hab\u00eda sido en febrero de 1991, cuando alcanz\u00f3 el 27%, en la salida del \u00faltimo episodio de hiperinflaci\u00f3n que atraves\u00f3 la Argentina, durante el primer mandato como presidente de Carlos Menem, previo al inicio de la Convertibilidad.<\/p>\n<p>En respuesta, el Gobierno anunci\u00f3 una serie de medidas compensatorias que incluyeron el congelamiento de aumentos en la medicina prepaga para familias que ganen menos de $2 millones al mes -que impactar\u00e1 desde septiembre y hasta el 31 de octubre-; bonos de refuerzo para los titulares de la tarjeta Alimentar, jubilados y pensionados con haberes m\u00ednimos; y un reintegro de hasta $ 18.000 para las compras con tarjeta de d\u00e9bito destinado a jubilados, titulares de AUH y pensionados.<\/p>\n<p>Tambi\u00e9n se adoptaron medidas para escalonar aumentos de productos de primera necesidad, con un m\u00e1ximo del 5% mensual, en grandes cadenas de supermercados e hipermercados, en art\u00edculos de higiene personal, alimentos y limpieza, entre otros bienes.<\/p>\n<p>Las negociaciones para limitar el impacto de la devaluaci\u00f3n impuesta por el FMI, en el marco del acuerdo de refinanciaci\u00f3n de la deuda de US$ 44.000 millones tomada entre 2018 y 2019, incluy\u00f3 a los combustibles que, despu\u00e9s de una suba acordada de 12,5% en agosto, se decidi\u00f3 mantener sin cambios por 90 d\u00edas.<\/p>\n<p>En ese sentido, la expectativa del equipo econ\u00f3mico es que, tras el impacto en precios del mes pasado, se corte la inercia inflacionaria y se pueda alcanzar niveles m\u00e1s bajos de aumento de precios en septiembre y octubre.<\/p>\n","protected":false},"excerpt":{"rendered":"<p>El IPC del INDEC fue el m\u00e1s alto en 30 a\u00f1os, con Alimentos y Bebidas con suba de 15,6. La carne tuvo un alza de m\u00e1s de 25 puntos. Prepagas y regulados tambi\u00e9n empujaron.<\/p>\n","protected":false},"author":4,"featured_media":0,"comment_status":"closed","ping_status":"closed","sticky":false,"template":"","format":"standard","meta":{"_jetpack_newsletter_access":"","_jetpack_dont_email_post_to_subs":false,"_jetpack_newsletter_tier_id":0,"_jetpack_memberships_contains_paywalled_content":false,"_jetpack_memberships_contains_paid_content":false,"footnotes":""},"categories":[45],"tags":[],"class_list":["post-120466","post","type-post","status-publish","format-standard","hentry","category-economia"],"jetpack_featured_media_url":"","jetpack_shortlink":"https:\/\/wp.me\/p2JWE0-vl0","jetpack-related-posts":[{"id":120855,"url":"https:\/\/www.24baires.com\/?p=120855","url_meta":{"origin":120466,"position":0},"title":"La inflaci\u00f3n de diciembre fue del 25,5%","author":"AF","date":"11\/01\/2024","format":false,"excerpt":"Se triplicaron los precios durante el \u00faltimo a\u00f1o. El guarismo anualizado super\u00f3 el 211 por ciento. Estos n\u00fameros no se registraban desde 1991. El \u00edndice de precios al consumidor (IPC-Costo de Vida) registr\u00f3 en diciembre una suba de 25,5% y de 211,4% a lo largo de 2023, inform\u00f3 hoy el\u2026","rel":"","context":"En \u00abEconom\u00eda\u00bb","block_context":{"text":"Econom\u00eda","link":"https:\/\/www.24baires.com\/?cat=45"},"img":{"alt_text":"","src":"https:\/\/i0.wp.com\/www.24baires.com\/wp-content\/uploads\/2024\/01\/indec.jpg?resize=350%2C200","width":350,"height":200,"srcset":"https:\/\/i0.wp.com\/www.24baires.com\/wp-content\/uploads\/2024\/01\/indec.jpg?resize=350%2C200 1x, https:\/\/i0.wp.com\/www.24baires.com\/wp-content\/uploads\/2024\/01\/indec.jpg?resize=525%2C300 1.5x, https:\/\/i0.wp.com\/www.24baires.com\/wp-content\/uploads\/2024\/01\/indec.jpg?resize=700%2C400 2x"},"classes":[]},{"id":120186,"url":"https:\/\/www.24baires.com\/?p=120186","url_meta":{"origin":120466,"position":1},"title":"Seg\u00fan el Indec, la inflaci\u00f3n de mayo fue del 7,8%","author":"AF","date":"14\/06\/2023","format":false,"excerpt":"Seg\u00fan los datos oficiales del Instituto Nacional de Estad\u00edsticas y Censos (Indec), la inflaci\u00f3n minorista de los primeros cinco meses de 2023 fue del 42,2 por ciento. El \u00edndice de precios al consumidor (IPC) subi\u00f3 7,8% en mayo, por debajo del 8,4% que registr\u00f3 en abril pasado, inform\u00f3 este mi\u00e9rcoles\u2026","rel":"","context":"En \u00abEconom\u00eda\u00bb","block_context":{"text":"Econom\u00eda","link":"https:\/\/www.24baires.com\/?cat=45"},"img":{"alt_text":"","src":"https:\/\/i0.wp.com\/www.24baires.com\/wp-content\/uploads\/2023\/06\/supermercado.jpg?resize=350%2C200","width":350,"height":200,"srcset":"https:\/\/i0.wp.com\/www.24baires.com\/wp-content\/uploads\/2023\/06\/supermercado.jpg?resize=350%2C200 1x, https:\/\/i0.wp.com\/www.24baires.com\/wp-content\/uploads\/2023\/06\/supermercado.jpg?resize=525%2C300 1.5x, https:\/\/i0.wp.com\/www.24baires.com\/wp-content\/uploads\/2023\/06\/supermercado.jpg?resize=700%2C400 2x"},"classes":[]},{"id":91537,"url":"https:\/\/www.24baires.com\/?p=91537","url_meta":{"origin":120466,"position":2},"title":"Seg\u00fan Indec, la inflaci\u00f3n de diciembre fue 1.2%","author":"GB","date":"11\/01\/2017","format":false,"excerpt":"D\u00edas atr\u00e1s estudios privados que la suba de precios de todo el 2016 fue del 40% y alcanz\u00f3 el nivel m\u00e1s alto en 14 a\u00f1os. El \u00edndice de precios al consumidor (IPC) registr\u00f3 en diciembre una suba de 1,2% en la Ciudad de Buenos Aires y el Conurbano bonaerense, seg\u00fan\u2026","rel":"","context":"En \u00abEconom\u00eda\u00bb","block_context":{"text":"Econom\u00eda","link":"https:\/\/www.24baires.com\/?cat=45"},"img":{"alt_text":"","src":"https:\/\/i0.wp.com\/www.24baires.com\/wp-content\/uploads\/2013\/02\/indec-300x225.jpg?resize=350%2C200","width":350,"height":200},"classes":[]},{"id":103291,"url":"https:\/\/www.24baires.com\/?p=103291","url_meta":{"origin":120466,"position":3},"title":"La suba de precios en junio fue del 3,5%","author":"AF","date":"11\/07\/2018","format":false,"excerpt":"El registro de inflaci\u00f3n del mes pasado es el m\u00e1s alto en los \u00faltimos dos a\u00f1os, ya que hay que remontarse hasta mayo de 2016 para encontrar un alza superior. El relevamiento de la UMET arroja una suba interanual del 29,5 por ciento. La suba de precios de junio fue\u2026","rel":"","context":"En \u00abEconom\u00eda\u00bb","block_context":{"text":"Econom\u00eda","link":"https:\/\/www.24baires.com\/?cat=45"},"img":{"alt_text":"","src":"https:\/\/i0.wp.com\/www.24baires.com\/wp-content\/uploads\/2013\/03\/supermercado2.jpg?resize=350%2C200","width":350,"height":200,"srcset":"https:\/\/i0.wp.com\/www.24baires.com\/wp-content\/uploads\/2013\/03\/supermercado2.jpg?resize=350%2C200 1x, https:\/\/i0.wp.com\/www.24baires.com\/wp-content\/uploads\/2013\/03\/supermercado2.jpg?resize=525%2C300 1.5x"},"classes":[]},{"id":107229,"url":"https:\/\/www.24baires.com\/?p=107229","url_meta":{"origin":120466,"position":4},"title":"La inflaci\u00f3n acumulada de los primeros dos meses de 2019 fue mayor a la del 2018","author":"GB","date":"15\/03\/2019","format":false,"excerpt":"El equipo econ\u00f3mico del Frente Renovador analiz\u00f3 los datos difundidos por el Indec done se conoci\u00f3 que en febrero la suba de precios fue de 3,8% y sumada a la de enero alcanz\u00f3 un 6,8%. Encabezado por el diputado Marco Lavagna, el equipo econ\u00f3mico del Frente Renovador, realiz\u00f3 un informe\u2026","rel":"","context":"En \u00abEconom\u00eda\u00bb","block_context":{"text":"Econom\u00eda","link":"https:\/\/www.24baires.com\/?cat=45"},"img":{"alt_text":"","src":"https:\/\/i0.wp.com\/www.24baires.com\/wp-content\/uploads\/2018\/08\/supermercado.jpg?resize=350%2C200","width":350,"height":200,"srcset":"https:\/\/i0.wp.com\/www.24baires.com\/wp-content\/uploads\/2018\/08\/supermercado.jpg?resize=350%2C200 1x, https:\/\/i0.wp.com\/www.24baires.com\/wp-content\/uploads\/2018\/08\/supermercado.jpg?resize=525%2C300 1.5x"},"classes":[]},{"id":119103,"url":"https:\/\/www.24baires.com\/?p=119103","url_meta":{"origin":120466,"position":5},"title":"La inflaci\u00f3n de junio fue del 5,3%","author":"AF","date":"14\/07\/2022","format":false,"excerpt":"Los precios al consumidor subieron ese porcentaje respecto de mayo, y 64% interanual. Acumularon un alza de 36,2% en el primer semestre. El rubro con mayor incremento fue Salud. El \u00edndice de precios al consumidor mostr\u00f3 un incremento del 5,3% en junio, con lo que acumul\u00f3 un alza del 36,2\u2026","rel":"","context":"En \u00abEconom\u00eda\u00bb","block_context":{"text":"Econom\u00eda","link":"https:\/\/www.24baires.com\/?cat=45"},"img":{"alt_text":"","src":"https:\/\/i0.wp.com\/www.24baires.com\/wp-content\/uploads\/2020\/05\/supermercado.jpg?resize=350%2C200","width":350,"height":200,"srcset":"https:\/\/i0.wp.com\/www.24baires.com\/wp-content\/uploads\/2020\/05\/supermercado.jpg?resize=350%2C200 1x, https:\/\/i0.wp.com\/www.24baires.com\/wp-content\/uploads\/2020\/05\/supermercado.jpg?resize=525%2C300 1.5x, https:\/\/i0.wp.com\/www.24baires.com\/wp-content\/uploads\/2020\/05\/supermercado.jpg?resize=700%2C400 2x"},"classes":[]}],"jetpack_sharing_enabled":true,"jetpack_likes_enabled":true,"_links":{"self":[{"href":"https:\/\/www.24baires.com\/index.php?rest_route=\/wp\/v2\/posts\/120466","targetHints":{"allow":["GET"]}}],"collection":[{"href":"https:\/\/www.24baires.com\/index.php?rest_route=\/wp\/v2\/posts"}],"about":[{"href":"https:\/\/www.24baires.com\/index.php?rest_route=\/wp\/v2\/types\/post"}],"author":[{"embeddable":true,"href":"https:\/\/www.24baires.com\/index.php?rest_route=\/wp\/v2\/users\/4"}],"replies":[{"embeddable":true,"href":"https:\/\/www.24baires.com\/index.php?rest_route=%2Fwp%2Fv2%2Fcomments&post=120466"}],"version-history":[{"count":2,"href":"https:\/\/www.24baires.com\/index.php?rest_route=\/wp\/v2\/posts\/120466\/revisions"}],"predecessor-version":[{"id":120468,"href":"https:\/\/www.24baires.com\/index.php?rest_route=\/wp\/v2\/posts\/120466\/revisions\/120468"}],"wp:attachment":[{"href":"https:\/\/www.24baires.com\/index.php?rest_route=%2Fwp%2Fv2%2Fmedia&parent=120466"}],"wp:term":[{"taxonomy":"category","embeddable":true,"href":"https:\/\/www.24baires.com\/index.php?rest_route=%2Fwp%2Fv2%2Fcategories&post=120466"},{"taxonomy":"post_tag","embeddable":true,"href":"https:\/\/www.24baires.com\/index.php?rest_route=%2Fwp%2Fv2%2Ftags&post=120466"}],"curies":[{"name":"wp","href":"https:\/\/api.w.org\/{rel}","templated":true}]}}