{"id":120464,"date":"2023-09-13T12:28:05","date_gmt":"2023-09-13T15:28:05","guid":{"rendered":"http:\/\/www.24baires.com\/?p=120464"},"modified":"2023-09-13T12:28:05","modified_gmt":"2023-09-13T15:28:05","slug":"massa-anuncia-medidas-que-favoreceran-a-monotributistas-y-trabajadores","status":"publish","type":"post","link":"https:\/\/www.24baires.com\/?p=120464","title":{"rendered":"Massa anuncia medidas que favorecer\u00e1n a monotributistas y trabajadores"},"content":{"rendered":"<p><img data-recalc-dims=\"1\" loading=\"lazy\" decoding=\"async\" class=\"aligncenter wp-image-120443\" src=\"https:\/\/i0.wp.com\/www.24baires.com\/wp-content\/uploads\/2023\/09\/massa.webp?resize=720%2C481\" alt=\"\" width=\"720\" height=\"481\" srcset=\"https:\/\/i0.wp.com\/www.24baires.com\/wp-content\/uploads\/2023\/09\/massa.webp?w=887&amp;ssl=1 887w, https:\/\/i0.wp.com\/www.24baires.com\/wp-content\/uploads\/2023\/09\/massa.webp?resize=300%2C200&amp;ssl=1 300w, https:\/\/i0.wp.com\/www.24baires.com\/wp-content\/uploads\/2023\/09\/massa.webp?resize=768%2C513&amp;ssl=1 768w\" sizes=\"auto, (max-width: 720px) 100vw, 720px\" \/>El ministro de Econom\u00eda y candidato a presidente de UxP anuncia este mi\u00e9rcoles una bater\u00eda de medidas.<br \/>\n<!--more--><\/p>\n<p>El ministro de Econom\u00eda y candidato a presidente por Uni\u00f3n por la Patria, Sergio Massa, anunciar\u00e1 este mi\u00e9rcoles medidas para monotributistas, jubilados y trabajadores que no pagan Ganancias<\/p>\n<p>El anuncio se realizar\u00e1 a las 19. Las medidas, que alcanzar\u00e1n a m\u00e1s de 8 millones de argentinos, fueron anticipadas por el titular de la Aduana, Guillermo Michel.<\/p>\n","protected":false},"excerpt":{"rendered":"<p>El ministro de Econom\u00eda y candidato a presidente de UxP anuncia este mi\u00e9rcoles una bater\u00eda de medidas.<\/p>\n","protected":false},"author":8,"featured_media":0,"comment_status":"closed","ping_status":"closed","sticky":false,"template":"","format":"standard","meta":{"_jetpack_newsletter_access":"","_jetpack_dont_email_post_to_subs":false,"_jetpack_newsletter_tier_id":0,"_jetpack_memberships_contains_paywalled_content":false,"_jetpack_memberships_contains_paid_content":false,"footnotes":""},"categories":[45],"tags":[],"class_list":["post-120464","post","type-post","status-publish","format-standard","hentry","category-economia"],"jetpack_featured_media_url":"","jetpack_shortlink":"https:\/\/wp.me\/p2JWE0-vkY","jetpack-related-posts":[{"id":120469,"url":"https:\/\/www.24baires.com\/?p=120469","url_meta":{"origin":120464,"position":0},"title":"Massa anunci\u00f3 la devoluci\u00f3n del IVA para monotributistas, jubilados y trabajadores","author":"GB","date":"14\/09\/2023","format":false,"excerpt":"El ministro de Econom\u00eda, Sergio Massa, anunci\u00f3 nuevas medidas econ\u00f3micas que beneficiar\u00e1n a monotributistas, jubilados y trabajadores que no pagan Ganancias. Luego de conocerse la inflaci\u00f3n de agosto, el ministro de Econom\u00eda de la Naci\u00f3n y candidato a la presidencia por Uni\u00f3n por la Patria, Sergio Massa, anunci\u00f3 una serie\u2026","rel":"","context":"En \u00abEconom\u00eda\u00bb","block_context":{"text":"Econom\u00eda","link":"https:\/\/www.24baires.com\/?cat=45"},"img":{"alt_text":"","src":"https:\/\/i0.wp.com\/www.24baires.com\/wp-content\/uploads\/2023\/08\/massa.webp?resize=350%2C200","width":350,"height":200,"srcset":"https:\/\/i0.wp.com\/www.24baires.com\/wp-content\/uploads\/2023\/08\/massa.webp?resize=350%2C200 1x, https:\/\/i0.wp.com\/www.24baires.com\/wp-content\/uploads\/2023\/08\/massa.webp?resize=525%2C300 1.5x, https:\/\/i0.wp.com\/www.24baires.com\/wp-content\/uploads\/2023\/08\/massa.webp?resize=700%2C400 2x"},"classes":[]},{"id":120500,"url":"https:\/\/www.24baires.com\/?p=120500","url_meta":{"origin":120464,"position":1},"title":"Massa anunci\u00f3 un IFE de $94 mil para trabajadores informales","author":"AF","date":"26\/09\/2023","format":false,"excerpt":"El ministro de Econom\u00eda anunci\u00f3 un beneficio de 94.000 pesos para trabajadores y trabajadoras informales. Qui\u00e9nes pueden acceder a este beneficio y qui\u00e9nes no. C\u00f3mo y cu\u00e1ndo inscribirse. El ministro de Econom\u00eda Sergio Massa anunci\u00f3 este martes un refuerzo de ingresos para trabajadores informales de 94.000 pesos. La inscripci\u00f3n estar\u00e1\u2026","rel":"","context":"En \u00abSociedad\u00bb","block_context":{"text":"Sociedad","link":"https:\/\/www.24baires.com\/?cat=1"},"img":{"alt_text":"","src":"https:\/\/i0.wp.com\/www.24baires.com\/wp-content\/uploads\/2023\/09\/WhatsApp-Image-2023-09-26-at-23.50.16.jpeg?resize=350%2C200","width":350,"height":200,"srcset":"https:\/\/i0.wp.com\/www.24baires.com\/wp-content\/uploads\/2023\/09\/WhatsApp-Image-2023-09-26-at-23.50.16.jpeg?resize=350%2C200 1x, https:\/\/i0.wp.com\/www.24baires.com\/wp-content\/uploads\/2023\/09\/WhatsApp-Image-2023-09-26-at-23.50.16.jpeg?resize=525%2C300 1.5x, https:\/\/i0.wp.com\/www.24baires.com\/wp-content\/uploads\/2023\/09\/WhatsApp-Image-2023-09-26-at-23.50.16.jpeg?resize=700%2C400 2x"},"classes":[]},{"id":120416,"url":"https:\/\/www.24baires.com\/?p=120416","url_meta":{"origin":120464,"position":2},"title":"Multar\u00e1n a empresas que no paguen el bono anunciado por Massa","author":"AF","date":"29\/08\/2023","format":false,"excerpt":"La ministra de Trabajo convoc\u00f3 a los gremios a \"acompa\u00f1ar\" e \"identificar a las empresas\" que no cumplan con las medidas anunciadas por el ministro de Econom\u00eda. Su par de Desarrollo Social, as\u00ed como la titular de la ANSES y de la AFIP, ampliaron el detalle de las medidas dadas\u2026","rel":"","context":"En \u00abSociedad\u00bb","block_context":{"text":"Sociedad","link":"https:\/\/www.24baires.com\/?cat=1"},"img":{"alt_text":"","src":"https:\/\/i0.wp.com\/www.24baires.com\/wp-content\/uploads\/2023\/08\/WhatsApp-Image-2023-08-29-at-21.38.07.jpeg?resize=350%2C200","width":350,"height":200,"srcset":"https:\/\/i0.wp.com\/www.24baires.com\/wp-content\/uploads\/2023\/08\/WhatsApp-Image-2023-08-29-at-21.38.07.jpeg?resize=350%2C200 1x, https:\/\/i0.wp.com\/www.24baires.com\/wp-content\/uploads\/2023\/08\/WhatsApp-Image-2023-08-29-at-21.38.07.jpeg?resize=525%2C300 1.5x, https:\/\/i0.wp.com\/www.24baires.com\/wp-content\/uploads\/2023\/08\/WhatsApp-Image-2023-08-29-at-21.38.07.jpeg?resize=700%2C400 2x"},"classes":[]},{"id":120305,"url":"https:\/\/www.24baires.com\/?p=120305","url_meta":{"origin":120464,"position":3},"title":"Massa anunci\u00f3 el fin de las retenciones para econom\u00edas regionales","author":"AF","date":"24\/07\/2023","format":false,"excerpt":"El ministro de Econom\u00eda y candidato presidencial de UxP critic\u00f3 a los dirigentes de la oposici\u00f3n que hab\u00edan asegurado que se aplicar\u00edan retenciones a \"200 econom\u00edas regionales\". \"Las consignas f\u00e1ciles y lindas para repetir en la tele, son pan para hoy y hambre para ma\u00f1ana\", afirm\u00f3. El ministro de Econom\u00eda\u2026","rel":"","context":"En \u00abPol\u00edtica\u00bb","block_context":{"text":"Pol\u00edtica","link":"https:\/\/www.24baires.com\/?cat=51"},"img":{"alt_text":"","src":"https:\/\/i0.wp.com\/www.24baires.com\/wp-content\/uploads\/2023\/07\/WhatsApp-Image-2023-07-24-at-19.44.07.jpeg?resize=350%2C200","width":350,"height":200,"srcset":"https:\/\/i0.wp.com\/www.24baires.com\/wp-content\/uploads\/2023\/07\/WhatsApp-Image-2023-07-24-at-19.44.07.jpeg?resize=350%2C200 1x, https:\/\/i0.wp.com\/www.24baires.com\/wp-content\/uploads\/2023\/07\/WhatsApp-Image-2023-07-24-at-19.44.07.jpeg?resize=525%2C300 1.5x, https:\/\/i0.wp.com\/www.24baires.com\/wp-content\/uploads\/2023\/07\/WhatsApp-Image-2023-07-24-at-19.44.07.jpeg?resize=700%2C400 2x"},"classes":[]},{"id":119180,"url":"https:\/\/www.24baires.com\/?p=119180","url_meta":{"origin":120464,"position":4},"title":"Sergio Massa asume como superministro","author":"GB","date":"03\/08\/2022","format":false,"excerpt":"Este mi\u00e9rcoles oficializa el desembarco de Sergio Massa en el Gobierno. El superministro renunci\u00f3 como presidente de la C\u00e1mara de Diputados, jura y se aguarda por el anuncio de sus primeras medidas. Luego de su designaci\u00f3n por parte del presidente Alberto Fern\u00e1ndez, Sergio Massa anunci\u00f3 el equipo que lo acompa\u00f1ar\u00e1\u2026","rel":"","context":"En \u00abPol\u00edtica\u00bb","block_context":{"text":"Pol\u00edtica","link":"https:\/\/www.24baires.com\/?cat=51"},"img":{"alt_text":"","src":"https:\/\/i0.wp.com\/www.24baires.com\/wp-content\/uploads\/2021\/02\/massa-busca-beneficiar-trabajadores-la-rebaja-del-impuesto-las-ganancias.jpg?resize=350%2C200","width":350,"height":200,"srcset":"https:\/\/i0.wp.com\/www.24baires.com\/wp-content\/uploads\/2021\/02\/massa-busca-beneficiar-trabajadores-la-rebaja-del-impuesto-las-ganancias.jpg?resize=350%2C200 1x, https:\/\/i0.wp.com\/www.24baires.com\/wp-content\/uploads\/2021\/02\/massa-busca-beneficiar-trabajadores-la-rebaja-del-impuesto-las-ganancias.jpg?resize=525%2C300 1.5x, https:\/\/i0.wp.com\/www.24baires.com\/wp-content\/uploads\/2021\/02\/massa-busca-beneficiar-trabajadores-la-rebaja-del-impuesto-las-ganancias.jpg?resize=700%2C400 2x"},"classes":[]},{"id":120215,"url":"https:\/\/www.24baires.com\/?p=120215","url_meta":{"origin":120464,"position":5},"title":"Massa-Rossi: la f\u00f3rmula \u00abde unidad\u00bb de Uni\u00f3n por la Patria","author":"AF","date":"23\/06\/2023","format":false,"excerpt":"El ministro de Econom\u00eda, Sergio Massa, ser\u00e1 el candidato de unidad de la coalici\u00f3n Uni\u00f3n por la Patria (UxP), inform\u00f3 este viernes esa fuerza pol\u00edtica. Sergio Massa y Agust\u00edn Rossi son los precandidatos a presidente y vicepresidente, en la lista \"de unidad\" que present\u00f3 Uni\u00f3n x la Patria este viernes\u2026","rel":"","context":"En \u00abPol\u00edtica\u00bb","block_context":{"text":"Pol\u00edtica","link":"https:\/\/www.24baires.com\/?cat=51"},"img":{"alt_text":"","src":"https:\/\/i0.wp.com\/www.24baires.com\/wp-content\/uploads\/2023\/06\/rossi-massa.jpeg?resize=350%2C200","width":350,"height":200,"srcset":"https:\/\/i0.wp.com\/www.24baires.com\/wp-content\/uploads\/2023\/06\/rossi-massa.jpeg?resize=350%2C200 1x, https:\/\/i0.wp.com\/www.24baires.com\/wp-content\/uploads\/2023\/06\/rossi-massa.jpeg?resize=525%2C300 1.5x, https:\/\/i0.wp.com\/www.24baires.com\/wp-content\/uploads\/2023\/06\/rossi-massa.jpeg?resize=700%2C400 2x"},"classes":[]}],"jetpack_sharing_enabled":true,"jetpack_likes_enabled":true,"_links":{"self":[{"href":"https:\/\/www.24baires.com\/index.php?rest_route=\/wp\/v2\/posts\/120464","targetHints":{"allow":["GET"]}}],"collection":[{"href":"https:\/\/www.24baires.com\/index.php?rest_route=\/wp\/v2\/posts"}],"about":[{"href":"https:\/\/www.24baires.com\/index.php?rest_route=\/wp\/v2\/types\/post"}],"author":[{"embeddable":true,"href":"https:\/\/www.24baires.com\/index.php?rest_route=\/wp\/v2\/users\/8"}],"replies":[{"embeddable":true,"href":"https:\/\/www.24baires.com\/index.php?rest_route=%2Fwp%2Fv2%2Fcomments&post=120464"}],"version-history":[{"count":1,"href":"https:\/\/www.24baires.com\/index.php?rest_route=\/wp\/v2\/posts\/120464\/revisions"}],"predecessor-version":[{"id":120465,"href":"https:\/\/www.24baires.com\/index.php?rest_route=\/wp\/v2\/posts\/120464\/revisions\/120465"}],"wp:attachment":[{"href":"https:\/\/www.24baires.com\/index.php?rest_route=%2Fwp%2Fv2%2Fmedia&parent=120464"}],"wp:term":[{"taxonomy":"category","embeddable":true,"href":"https:\/\/www.24baires.com\/index.php?rest_route=%2Fwp%2Fv2%2Fcategories&post=120464"},{"taxonomy":"post_tag","embeddable":true,"href":"https:\/\/www.24baires.com\/index.php?rest_route=%2Fwp%2Fv2%2Ftags&post=120464"}],"curies":[{"name":"wp","href":"https:\/\/api.w.org\/{rel}","templated":true}]}}