{"id":120461,"date":"2023-09-12T15:01:48","date_gmt":"2023-09-12T18:01:48","guid":{"rendered":"http:\/\/www.24baires.com\/?p=120461"},"modified":"2023-09-12T20:07:59","modified_gmt":"2023-09-12T23:07:59","slug":"construimos-escuelas-en-todos-los-barrios-porque-son-fabricas-que-producen-futuro","status":"publish","type":"post","link":"https:\/\/www.24baires.com\/?p=120461","title":{"rendered":"\u201cConstruimos escuelas en todos los barrios porque son f\u00e1bricas que producen futuro\u00bb"},"content":{"rendered":"<p><img data-recalc-dims=\"1\" loading=\"lazy\" decoding=\"async\" class=\"aligncenter wp-image-120462\" src=\"https:\/\/i0.wp.com\/www.24baires.com\/wp-content\/uploads\/2023\/09\/WhatsApp-Image-2023-09-12-at-20.06.06.jpeg?resize=720%2C514\" alt=\"\" width=\"720\" height=\"514\" srcset=\"https:\/\/i0.wp.com\/www.24baires.com\/wp-content\/uploads\/2023\/09\/WhatsApp-Image-2023-09-12-at-20.06.06.jpeg?w=743&amp;ssl=1 743w, https:\/\/i0.wp.com\/www.24baires.com\/wp-content\/uploads\/2023\/09\/WhatsApp-Image-2023-09-12-at-20.06.06.jpeg?resize=300%2C214&amp;ssl=1 300w\" sizes=\"auto, (max-width: 720px) 100vw, 720px\" \/>El Gobernador inaugur\u00f3 la Escuela Secundaria N\u00b0 81 y la ampliaci\u00f3n de la Primaria N\u00b0 83 en la localidad de Ministro Rivadavia.<!--more--><\/p>\n<p>El gobernador de la provincia de Buenos Aires, Axel Kicillof, encabez\u00f3 este martes en Almirante Brown la inauguraci\u00f3n de la Escuela Secundaria N\u00b081 y puso en funcionamiento 10 nuevas aulas que ampl\u00edan las capacidades de Primaria N\u00b083. Fue junto al director General de Cultura y Educaci\u00f3n, Alberto Sileoni; el diputado provincial Mariano Cascallares; y el intendente local, Juan Jos\u00e9 Fabiani.<\/p>\n<p>En ese marco, Kicillof destac\u00f3 que \u201cen este lugar en el que antes hab\u00eda un descampado, la intervenci\u00f3n del Estado permite que hoy haya escuelas que vienen a igualar las oportunidades de las y los j\u00f3venes de Almirante Brown\u201d. \u201cLo hacemos porque estamos convencidos de que la escuela p\u00fablica es una f\u00e1brica de futuro que tiene que llegar a todos los barrios de la provincia de Buenos Aires\u201d, agreg\u00f3.<\/p>\n<p>En ese sentido, el Gobernador se\u00f1al\u00f3 que \u201cno se trata de una discusi\u00f3n entre el mercado y el Estado: aqu\u00ed no hab\u00eda una escuela privada porque ning\u00fan empresario decidi\u00f3 invertir para construirla\u201d. \u201cAll\u00ed donde el mercado no llega porque no ve rentabilidad, tiene que haber alguien que garantice los derechos de millones de bonaerenses: es el Estado el que invierte all\u00ed donde solo habr\u00eda un bald\u00edo o calles de tierra\u201d, a\u00f1adi\u00f3.<\/p>\n<p>Con una inversi\u00f3n de $123,5 millones se construy\u00f3 el edificio de la nueva EES N\u00b081 que permitir\u00e1, a partir del ciclo lectivo 2024, sumar oferta educativa y descomprimir las matr\u00edculas de otras escuelas del distrito. Las instalaciones cuentan con seis aulas, sanitarios, ba\u00f1os inclusivos, buffet, patio y play\u00f3n multideportivo, SUM y dependencias administrativas.<\/p>\n<p>Asimismo, Cascallares resalt\u00f3 que \u201cya son 44 las instituciones educativas que hemos podido inaugurar en Almirante Brown durante nuestra gesti\u00f3n\u201d. \u201cEsto no es casual: en estos \u00faltimos cuatro a\u00f1os hemos podido hacer obras como nunca en la historia del distrito, gracias a la unidad de concepci\u00f3n y de acci\u00f3n del Estado nacional, provincial y municipal\u201d, agreg\u00f3.<\/p>\n<p>Por su parte, el intendente Fabiani remarc\u00f3 que \u201ca partir de un Estado que est\u00e1 presente, hemos dado respuesta a una necesidad de Los Pinos, uno de los barrios que m\u00e1s ha sido postergado\u201d. \u201cEs producto del esfuerzo y el trabajo conjunto para llegar a todos los barrios de Ministro Rivadavia y del municipio de Almirante Brown\u201d, dijo.<\/p>\n<p>El polo educativo est\u00e1 conformado por el Jard\u00edn de Infantes N\u00b0961 y la EEP N\u00b083, donde las autoridades recorrieron las obras que permitieron sumar 10 aulas. La ampliaci\u00f3n demand\u00f3 una inversi\u00f3n de $182 millones y beneficiar\u00e1 a los 360 alumnos y alumnas que asisten a la instituci\u00f3n. \u201cHoy se cumple el sue\u00f1o tan anhelado por nuestra comunidad de ver finalmente a nuestra escuela terminada y radiante, fruto del trabajo conjunto y el apoyo de las autoridades para garantizar una mejor educaci\u00f3n a nuestros estudiantes\u201d, expres\u00f3 la directora Marcela Ruiz.<\/p>\n<p>Participaron tambi\u00e9n la diputada nacional Mar\u00eda Rosa Mart\u00ednez y su par Federico Fagioli; el subsecretario de Infraestructura Escolar, Ariel Lambezat; el secretario de Educaci\u00f3n, Ciencia y Tecnolog\u00eda local, Sergio Pianciola; la directora provincial de Coordinaci\u00f3n de la Gesti\u00f3n Territorial Conurbano Sur de Jefatura de Gabinete, Cristina Vilotta; funcionarios y funcionarias municipales.<\/p>\n","protected":false},"excerpt":{"rendered":"<p>El Gobernador inaugur\u00f3 la Escuela Secundaria N\u00b0 81 y la ampliaci\u00f3n de la Primaria N\u00b0 83 en la localidad de Ministro Rivadavia.<\/p>\n","protected":false},"author":4,"featured_media":0,"comment_status":"closed","ping_status":"closed","sticky":false,"template":"","format":"standard","meta":{"_jetpack_newsletter_access":"","_jetpack_dont_email_post_to_subs":false,"_jetpack_newsletter_tier_id":0,"_jetpack_memberships_contains_paywalled_content":false,"_jetpack_memberships_contains_paid_content":false,"footnotes":""},"categories":[40],"tags":[],"class_list":["post-120461","post","type-post","status-publish","format-standard","hentry","category-provincia"],"jetpack_shortlink":"https:\/\/wp.me\/p2JWE0-vkV","jetpack-related-posts":[{"id":121033,"url":"https:\/\/www.24baires.com\/?p=121033","url_meta":{"origin":120461,"position":0},"title":"La Provincia inaugur\u00f3 una escuela en Moreno","author":"GB","date":"27\/02\/2024","format":false,"excerpt":"Axel Kicillof inaugur\u00f3 una escuela en Moreno y dej\u00f3 un duro mensaje al gobierno anterior: \"Dec\u00edan que les interesaba la educaci\u00f3n, pero decidieron no invertir\". Este martes, el gobernador de la provincia de Buenos Aires, Axel Kicillof, inaugur\u00f3 la Escuela Primaria N\u00ba 83 en el municipio bonaerense de Moreno y\u2026","rel":"","context":"En \u00abProvincia\u00bb","block_context":{"text":"Provincia","link":"https:\/\/www.24baires.com\/?cat=40"},"img":{"alt_text":"","src":"https:\/\/i0.wp.com\/www.24baires.com\/wp-content\/uploads\/2024\/02\/primaria-moreno.webp?resize=350%2C200","width":350,"height":200,"srcset":"https:\/\/i0.wp.com\/www.24baires.com\/wp-content\/uploads\/2024\/02\/primaria-moreno.webp?resize=350%2C200 1x, https:\/\/i0.wp.com\/www.24baires.com\/wp-content\/uploads\/2024\/02\/primaria-moreno.webp?resize=525%2C300 1.5x, https:\/\/i0.wp.com\/www.24baires.com\/wp-content\/uploads\/2024\/02\/primaria-moreno.webp?resize=700%2C400 2x"},"classes":[]},{"id":63040,"url":"https:\/\/www.24baires.com\/?p=63040","url_meta":{"origin":120461,"position":1},"title":"Alte. Brown: chicos de 250 escuelas reciben desayuno fortificado del \u00abOperativo Escuelas\u00bb","author":"AF","date":"12\/03\/2015","format":false,"excerpt":"Miles de chicos de 250 escuelas p\u00fablicas de Almirante Brown recibir\u00e1n durante todo el presente a\u00f1o 2015 el Desayuno Reforzado Fortificado (DRF) que les aporta los nutrientes necesarios para mejorar el rendimiento escolar, en el marco del \u201cOperativo Escuelas\u201d que puso en marcha el Gobernador Daniel Scioli. As\u00ed lo anunci\u00f3\u2026","rel":"","context":"En \u00abLocales\u00bb","block_context":{"text":"Locales","link":"https:\/\/www.24baires.com\/?cat=38"},"img":{"alt_text":"","src":"","width":0,"height":0},"classes":[]},{"id":112693,"url":"https:\/\/www.24baires.com\/?p=112693","url_meta":{"origin":120461,"position":2},"title":"Luego de votar en Pilar, Kicillof asegur\u00f3 que \u201cel pueblo est\u00e1 feliz\u201d","author":"GB","date":"27\/10\/2019","format":false,"excerpt":"El candidato a gobernador de la provincia de Buenos Aires por el Frente de Todos ya emiti\u00f3 su voto en la escuela primaria N\u00b010 de Pilar, y luego dialogo con la prensa donde pidi\u00f3 que se vote con conciencia. El candidato a gobernador de la provincia de Buenos Aires por\u2026","rel":"","context":"En \u00abELECCIONES 2019\u00bb","block_context":{"text":"ELECCIONES 2019","link":"https:\/\/www.24baires.com\/?cat=329"},"img":{"alt_text":"","src":"https:\/\/i0.wp.com\/www.24baires.com\/wp-content\/uploads\/2019\/10\/kici.jpeg?resize=350%2C200","width":350,"height":200,"srcset":"https:\/\/i0.wp.com\/www.24baires.com\/wp-content\/uploads\/2019\/10\/kici.jpeg?resize=350%2C200 1x, https:\/\/i0.wp.com\/www.24baires.com\/wp-content\/uploads\/2019\/10\/kici.jpeg?resize=525%2C300 1.5x"},"classes":[]},{"id":14121,"url":"https:\/\/www.24baires.com\/?p=14121","url_meta":{"origin":120461,"position":3},"title":"Escuelas de verano recuerdan la Asamblea General Constituyente del a\u00f1o XIII","author":"AF","date":"31\/01\/2013","format":false,"excerpt":"En las sedes donde funcionan las Escuelas Abiertas en Verano de la Direcci\u00f3n General de Cultura y Educaci\u00f3n, se lleva adelante estos d\u00edas tareas de recreaci\u00f3n con respecto a la ense\u00f1anza de la historia. All\u00ed los profesores les ense\u00f1an a los chicos la importancia de conmemorar el 31 de enero\u2026","rel":"","context":"En \u00abSociedad\u00bb","block_context":{"text":"Sociedad","link":"https:\/\/www.24baires.com\/?cat=1"},"img":{"alt_text":"escuela verano","src":"https:\/\/i0.wp.com\/www.24baires.com\/wp-content\/uploads\/2013\/01\/escuela-verano.png?resize=350%2C200","width":350,"height":200},"classes":[]},{"id":122110,"url":"https:\/\/www.24baires.com\/?p=122110","url_meta":{"origin":120461,"position":4},"title":"\u00abPor sexto a\u00f1o consecutivo, las clases empiezan en toda la provincia en tiempo y forma\u00bb","author":"GB","date":"10\/03\/2025","format":false,"excerpt":"El gobernador particip\u00f3 del inicio de clases en Castelli, donde adem\u00e1s se inaugur\u00f3 el nuevo edificio de la Escuela Secundaria N\u00b01. El gobernador Axel Kicillof dio inicio al ciclo lectivo 2025 secundario en Castelli, donde adem\u00e1s se inaugur\u00f3 el nuevo edificio de la Escuela Secundaria N\u00b0 1 del mencionado distrito.\u2026","rel":"","context":"En \u00abProvincia\u00bb","block_context":{"text":"Provincia","link":"https:\/\/www.24baires.com\/?cat=40"},"img":{"alt_text":"","src":"https:\/\/i0.wp.com\/www.24baires.com\/wp-content\/uploads\/2025\/03\/kicillof-escuela.webp?resize=350%2C200","width":350,"height":200,"srcset":"https:\/\/i0.wp.com\/www.24baires.com\/wp-content\/uploads\/2025\/03\/kicillof-escuela.webp?resize=350%2C200 1x, https:\/\/i0.wp.com\/www.24baires.com\/wp-content\/uploads\/2025\/03\/kicillof-escuela.webp?resize=525%2C300 1.5x, https:\/\/i0.wp.com\/www.24baires.com\/wp-content\/uploads\/2025\/03\/kicillof-escuela.webp?resize=700%2C400 2x"},"classes":[]},{"id":115718,"url":"https:\/\/www.24baires.com\/?p=115718","url_meta":{"origin":120461,"position":5},"title":"Kicillof inaugura cinco centros de atenci\u00f3n primaria para la salud","author":"GB","date":"23\/07\/2020","format":false,"excerpt":"El gobernador estar\u00e1 acompa\u00f1ado por el intendente Mariano Cascallares en lo que ser\u00e1 la inauguraci\u00f3n de los CAPS este jueves. Una ser\u00e1 de manera presencial, mientras que las otras cuatro por videoconferencia. El gobernador de la provincia de Buenos Aires, Axel Kicillof, inaugurar\u00e1 este jueves cinco centros de atenci\u00f3n primaria\u2026","rel":"","context":"En \u00abMunicipios\u00bb","block_context":{"text":"Municipios","link":"https:\/\/www.24baires.com\/?cat=44"},"img":{"alt_text":"","src":"https:\/\/i0.wp.com\/www.24baires.com\/wp-content\/uploads\/2020\/07\/atencion-primaria.jpg?resize=350%2C200","width":350,"height":200,"srcset":"https:\/\/i0.wp.com\/www.24baires.com\/wp-content\/uploads\/2020\/07\/atencion-primaria.jpg?resize=350%2C200 1x, https:\/\/i0.wp.com\/www.24baires.com\/wp-content\/uploads\/2020\/07\/atencion-primaria.jpg?resize=525%2C300 1.5x"},"classes":[]}],"jetpack_sharing_enabled":true,"jetpack_likes_enabled":true,"jetpack_featured_media_url":"","_links":{"self":[{"href":"https:\/\/www.24baires.com\/index.php?rest_route=\/wp\/v2\/posts\/120461","targetHints":{"allow":["GET"]}}],"collection":[{"href":"https:\/\/www.24baires.com\/index.php?rest_route=\/wp\/v2\/posts"}],"about":[{"href":"https:\/\/www.24baires.com\/index.php?rest_route=\/wp\/v2\/types\/post"}],"author":[{"embeddable":true,"href":"https:\/\/www.24baires.com\/index.php?rest_route=\/wp\/v2\/users\/4"}],"replies":[{"embeddable":true,"href":"https:\/\/www.24baires.com\/index.php?rest_route=%2Fwp%2Fv2%2Fcomments&post=120461"}],"version-history":[{"count":1,"href":"https:\/\/www.24baires.com\/index.php?rest_route=\/wp\/v2\/posts\/120461\/revisions"}],"predecessor-version":[{"id":120463,"href":"https:\/\/www.24baires.com\/index.php?rest_route=\/wp\/v2\/posts\/120461\/revisions\/120463"}],"wp:attachment":[{"href":"https:\/\/www.24baires.com\/index.php?rest_route=%2Fwp%2Fv2%2Fmedia&parent=120461"}],"wp:term":[{"taxonomy":"category","embeddable":true,"href":"https:\/\/www.24baires.com\/index.php?rest_route=%2Fwp%2Fv2%2Fcategories&post=120461"},{"taxonomy":"post_tag","embeddable":true,"href":"https:\/\/www.24baires.com\/index.php?rest_route=%2Fwp%2Fv2%2Ftags&post=120461"}],"curies":[{"name":"wp","href":"https:\/\/api.w.org\/{rel}","templated":true}]}}