{"id":120442,"date":"2023-09-07T08:25:59","date_gmt":"2023-09-07T11:25:59","guid":{"rendered":"http:\/\/www.24baires.com\/?p=120442"},"modified":"2023-09-07T08:25:59","modified_gmt":"2023-09-07T11:25:59","slug":"massa-prometio-la-eliminacion-del-impuesto-a-las-ganancias","status":"publish","type":"post","link":"https:\/\/www.24baires.com\/?p=120442","title":{"rendered":"Massa prometi\u00f3 la eliminaci\u00f3n del impuesto a las ganancias"},"content":{"rendered":"<p><img data-recalc-dims=\"1\" loading=\"lazy\" decoding=\"async\" class=\"aligncenter wp-image-120443\" src=\"https:\/\/i0.wp.com\/www.24baires.com\/wp-content\/uploads\/2023\/09\/massa.webp?resize=720%2C481\" alt=\"\" width=\"720\" height=\"481\" srcset=\"https:\/\/i0.wp.com\/www.24baires.com\/wp-content\/uploads\/2023\/09\/massa.webp?w=887&amp;ssl=1 887w, https:\/\/i0.wp.com\/www.24baires.com\/wp-content\/uploads\/2023\/09\/massa.webp?resize=300%2C200&amp;ssl=1 300w, https:\/\/i0.wp.com\/www.24baires.com\/wp-content\/uploads\/2023\/09\/massa.webp?resize=768%2C513&amp;ssl=1 768w\" sizes=\"auto, (max-width: 720px) 100vw, 720px\" \/>El ministro de Econom\u00eda, Sergio Massa, dijo que sacar\u00eda el impuesto a las Ganancias cuando sea presidente, aunque desliz\u00f3 que podr\u00eda ser antes.<!--more--><\/p>\n<p>El ministro de Econom\u00eda y candidato presidencial de Uni\u00f3n por la Patria, Sergio Massa, anticip\u00f3 anoche que si llegara a ser presidente, eliminar\u00e1 el Impuesto a las Ganancias para los trabajadores, aunque adelant\u00f3 que incluso podr\u00eda hacerlo antes.<\/p>\n<p>As\u00ed lo expres\u00f3 en declaraciones al canal de C5N, cuando se\u00f1al\u00f3 que \u00abun laburante, por ahora, paga impuesto a las Ganancias, y digo por ahora, porque si soy presidente, los trabajadores no van a pagar impuesto a las Ganancias\u00bb.<\/p>\n<p>Por segundo d\u00eda, paro del SUTEBA disidente deja sin clases a chicos de toda la Provincia<br \/>\nEn ese punto, se compar\u00f3 con el expresidente Mauricio Macri, quien hab\u00eda realizado una promesa similar y asegur\u00f3: \u00abYo no soy como Macri porque lo vengo bajando, arrancamos con 2,4 puntos y lo plante\u00e9 en el Congreso, y dentro de poquito voy a mandar una ley con el tema de ganancias\u00bb, dijo.<\/p>\n<p>Luego, el ministro respondi\u00f3 afirmativamente a una pregunta sobre si saca ganancias, si es presidente. \u00abSi, o tal vez antes\u00bb, enfatiz\u00f3 el candidato.<\/p>\n<p>\u00abPor qu\u00e9 no comparamos cu\u00e1nto le cobran al laburante de impuesto a las Ganancias cuando directivos de compa\u00f1\u00edas no pagan por exenciones que tienen desde el punto de vista tributario\u00bb, se pregunt\u00f3 Massa, para luego se\u00f1alar que \u00abesa es una discusi\u00f3n que hay que dar\u00bb.<\/p>\n","protected":false},"excerpt":{"rendered":"<p>El ministro de Econom\u00eda, Sergio Massa, dijo que sacar\u00eda el impuesto a las Ganancias cuando sea presidente, aunque desliz\u00f3 que podr\u00eda ser antes.<\/p>\n","protected":false},"author":8,"featured_media":0,"comment_status":"closed","ping_status":"closed","sticky":false,"template":"","format":"standard","meta":{"_jetpack_newsletter_access":"","_jetpack_dont_email_post_to_subs":false,"_jetpack_newsletter_tier_id":0,"_jetpack_memberships_contains_paywalled_content":false,"_jetpack_memberships_contains_paid_content":false,"footnotes":""},"categories":[45],"tags":[],"class_list":["post-120442","post","type-post","status-publish","format-standard","hentry","category-economia"],"jetpack_featured_media_url":"","jetpack_shortlink":"https:\/\/wp.me\/p2JWE0-vkC","jetpack-related-posts":[{"id":117203,"url":"https:\/\/www.24baires.com\/?p=117203","url_meta":{"origin":120442,"position":0},"title":"Massa busca consensos para rebajar el impuesto a las ganancias","author":"GB","date":"18\/02\/2021","format":false,"excerpt":"El presidente de la C\u00e1mara de Diputados de la Naci\u00f3n, Sergio Massa, trabaja para lograr la rebaja del impuesto a las ganancias. El presidente de la C\u00e1mara de Diputados de la Naci\u00f3n, Sergio Massa, adelant\u00f3 que busca generar consensos con diferentes sectores para lograr la rebaja en el impuesto a\u2026","rel":"","context":"En \u00abPol\u00edtica\u00bb","block_context":{"text":"Pol\u00edtica","link":"https:\/\/www.24baires.com\/?cat=51"},"img":{"alt_text":"","src":"https:\/\/i0.wp.com\/www.24baires.com\/wp-content\/uploads\/2021\/02\/massa-busca-beneficiar-trabajadores-la-rebaja-del-impuesto-las-ganancias-300x200.jpg?resize=350%2C200","width":350,"height":200},"classes":[]},{"id":120687,"url":"https:\/\/www.24baires.com\/?p=120687","url_meta":{"origin":120442,"position":1},"title":"El presidente electo asegur\u00f3 eliminaci\u00f3n de Ganancias y la reducci\u00f3n del IVA","author":"GB","date":"23\/11\/2023","format":false,"excerpt":"El presidente electo, Javier Milei, afirm\u00f3 que mantendr\u00e1 durante su gobierno la eliminaci\u00f3n del Impuesto a las Ganancias para la cuarta categor\u00eda y la reducci\u00f3n del IVA. Adem\u00e1s habl\u00f3 de su futuro Ministro de Econom\u00eda. Tras los recientes anuncios de Javier Milei, presidente electo, sobre las privatizaciones de empresas del\u2026","rel":"","context":"En \u00abConsumidores\u00bb","block_context":{"text":"Consumidores","link":"https:\/\/www.24baires.com\/?cat=78"},"img":{"alt_text":"","src":"https:\/\/i0.wp.com\/www.24baires.com\/wp-content\/uploads\/2023\/11\/milei.jpg?resize=350%2C200","width":350,"height":200,"srcset":"https:\/\/i0.wp.com\/www.24baires.com\/wp-content\/uploads\/2023\/11\/milei.jpg?resize=350%2C200 1x, https:\/\/i0.wp.com\/www.24baires.com\/wp-content\/uploads\/2023\/11\/milei.jpg?resize=525%2C300 1.5x, https:\/\/i0.wp.com\/www.24baires.com\/wp-content\/uploads\/2023\/11\/milei.jpg?resize=700%2C400 2x"},"classes":[]},{"id":118909,"url":"https:\/\/www.24baires.com\/?p=118909","url_meta":{"origin":120442,"position":2},"title":"El nuevo piso de Ganancias ser\u00e1 de $280.792","author":"AF","date":"27\/05\/2022","format":false,"excerpt":"El anuncio lo hicieron Mart\u00edn Guzm\u00e1n, Sergio Massa y referentes de la CGT, tras una reuni\u00f3n con el Presidente. La medida entrar\u00e1 en vigencia en junio y, con la actualizaci\u00f3n, pagar\u00e1n el tributo \"1,2 millones menos trabajadores que en 2019\". El gobierno nacional anunci\u00f3 que el nuevo piso del Impuesto\u2026","rel":"","context":"En \u00abSociedad\u00bb","block_context":{"text":"Sociedad","link":"https:\/\/www.24baires.com\/?cat=1"},"img":{"alt_text":"","src":"https:\/\/i0.wp.com\/www.24baires.com\/wp-content\/uploads\/2022\/05\/6290ffc5d4d18_900.jpg?resize=350%2C200","width":350,"height":200,"srcset":"https:\/\/i0.wp.com\/www.24baires.com\/wp-content\/uploads\/2022\/05\/6290ffc5d4d18_900.jpg?resize=350%2C200 1x, https:\/\/i0.wp.com\/www.24baires.com\/wp-content\/uploads\/2022\/05\/6290ffc5d4d18_900.jpg?resize=525%2C300 1.5x, https:\/\/i0.wp.com\/www.24baires.com\/wp-content\/uploads\/2022\/05\/6290ffc5d4d18_900.jpg?resize=700%2C400 2x"},"classes":[]},{"id":120484,"url":"https:\/\/www.24baires.com\/?p=120484","url_meta":{"origin":120442,"position":3},"title":"Ganancias: el oficialismo consigui\u00f3 dictamen de mayor\u00eda","author":"AF","date":"18\/09\/2023","format":false,"excerpt":"El proyecto del Gobierno impulsado por Sergio Massa logr\u00f3 el apoyo de sectores de la oposici\u00f3n. El oficialismo lo tratar\u00e1 este martes en el recinto. Con el apoyo de sectores de la oposici\u00f3n, el oficialismo logr\u00f3 emitir un dictamen de mayor\u00eda en la Comisi\u00f3n de Presupuesto sobre el proyecto de\u2026","rel":"","context":"En \u00abEconom\u00eda\u00bb","block_context":{"text":"Econom\u00eda","link":"https:\/\/www.24baires.com\/?cat=45"},"img":{"alt_text":"","src":"https:\/\/i0.wp.com\/www.24baires.com\/wp-content\/uploads\/2023\/09\/WhatsApp-Image-2023-09-18-at-22.39.55.jpeg?resize=350%2C200","width":350,"height":200,"srcset":"https:\/\/i0.wp.com\/www.24baires.com\/wp-content\/uploads\/2023\/09\/WhatsApp-Image-2023-09-18-at-22.39.55.jpeg?resize=350%2C200 1x, https:\/\/i0.wp.com\/www.24baires.com\/wp-content\/uploads\/2023\/09\/WhatsApp-Image-2023-09-18-at-22.39.55.jpeg?resize=525%2C300 1.5x, https:\/\/i0.wp.com\/www.24baires.com\/wp-content\/uploads\/2023\/09\/WhatsApp-Image-2023-09-18-at-22.39.55.jpeg?resize=700%2C400 2x"},"classes":[]},{"id":117279,"url":"https:\/\/www.24baires.com\/?p=117279","url_meta":{"origin":120442,"position":4},"title":"Ganancias: el proyecto de Massa suma m\u00e1s beneficios","author":"GB","date":"08\/03\/2021","format":false,"excerpt":"El proyecto de Sergio Massa sobre el impuesto a las ganancias sum\u00f3 m\u00e1s beneficios tanto para trabajadores como para los jubilados. El proyecto del presidente de la C\u00e1mara de Diputados de la Naci\u00f3n, Sergio Massa, sobre el Impuesto a las Ganancias incorpora m\u00e1s beneficios en favor de trabajadores y jubilados.\u2026","rel":"","context":"En \u00abPol\u00edtica\u00bb","block_context":{"text":"Pol\u00edtica","link":"https:\/\/www.24baires.com\/?cat=51"},"img":{"alt_text":"","src":"https:\/\/i0.wp.com\/www.24baires.com\/wp-content\/uploads\/2020\/05\/diputados-virtual.jpg?resize=350%2C200","width":350,"height":200,"srcset":"https:\/\/i0.wp.com\/www.24baires.com\/wp-content\/uploads\/2020\/05\/diputados-virtual.jpg?resize=350%2C200 1x, https:\/\/i0.wp.com\/www.24baires.com\/wp-content\/uploads\/2020\/05\/diputados-virtual.jpg?resize=525%2C300 1.5x"},"classes":[]},{"id":120519,"url":"https:\/\/www.24baires.com\/?p=120519","url_meta":{"origin":120442,"position":5},"title":"Massa celebr\u00f3 ley que modifica ganancias y pidi\u00f3 apoyo para la de devoluci\u00f3n del IVA","author":"AF","date":"29\/09\/2023","format":false,"excerpt":"El ministro de Econom\u00eda y candidato presidencial de Uni\u00f3n por la Patria (UxP), Sergio Massa, consider\u00f3 hoy como \"un paso fundamental\" contra \"la injusticia\" la eliminaci\u00f3n de la cuarta categor\u00eda del impuesto a las Ganancias, al destacar la sanci\u00f3n de la ley que elimin\u00f3 ese gravamen, y pidi\u00f3 \"apoyo\" para\u2026","rel":"","context":"En \u00abPol\u00edtica\u00bb","block_context":{"text":"Pol\u00edtica","link":"https:\/\/www.24baires.com\/?cat=51"},"img":{"alt_text":"","src":"https:\/\/i0.wp.com\/www.24baires.com\/wp-content\/uploads\/2023\/09\/massa.jpg?resize=350%2C200","width":350,"height":200,"srcset":"https:\/\/i0.wp.com\/www.24baires.com\/wp-content\/uploads\/2023\/09\/massa.jpg?resize=350%2C200 1x, https:\/\/i0.wp.com\/www.24baires.com\/wp-content\/uploads\/2023\/09\/massa.jpg?resize=525%2C300 1.5x, https:\/\/i0.wp.com\/www.24baires.com\/wp-content\/uploads\/2023\/09\/massa.jpg?resize=700%2C400 2x"},"classes":[]}],"jetpack_sharing_enabled":true,"jetpack_likes_enabled":true,"_links":{"self":[{"href":"https:\/\/www.24baires.com\/index.php?rest_route=\/wp\/v2\/posts\/120442","targetHints":{"allow":["GET"]}}],"collection":[{"href":"https:\/\/www.24baires.com\/index.php?rest_route=\/wp\/v2\/posts"}],"about":[{"href":"https:\/\/www.24baires.com\/index.php?rest_route=\/wp\/v2\/types\/post"}],"author":[{"embeddable":true,"href":"https:\/\/www.24baires.com\/index.php?rest_route=\/wp\/v2\/users\/8"}],"replies":[{"embeddable":true,"href":"https:\/\/www.24baires.com\/index.php?rest_route=%2Fwp%2Fv2%2Fcomments&post=120442"}],"version-history":[{"count":1,"href":"https:\/\/www.24baires.com\/index.php?rest_route=\/wp\/v2\/posts\/120442\/revisions"}],"predecessor-version":[{"id":120444,"href":"https:\/\/www.24baires.com\/index.php?rest_route=\/wp\/v2\/posts\/120442\/revisions\/120444"}],"wp:attachment":[{"href":"https:\/\/www.24baires.com\/index.php?rest_route=%2Fwp%2Fv2%2Fmedia&parent=120442"}],"wp:term":[{"taxonomy":"category","embeddable":true,"href":"https:\/\/www.24baires.com\/index.php?rest_route=%2Fwp%2Fv2%2Fcategories&post=120442"},{"taxonomy":"post_tag","embeddable":true,"href":"https:\/\/www.24baires.com\/index.php?rest_route=%2Fwp%2Fv2%2Ftags&post=120442"}],"curies":[{"name":"wp","href":"https:\/\/api.w.org\/{rel}","templated":true}]}}