{"id":120426,"date":"2023-09-01T20:22:38","date_gmt":"2023-09-01T23:22:38","guid":{"rendered":"http:\/\/www.24baires.com\/?p=120426"},"modified":"2023-09-01T20:22:38","modified_gmt":"2023-09-01T23:22:38","slug":"el-empleo-formal-y-registrado-acumula-35-meses-consecutivos-de-crecimiento","status":"publish","type":"post","link":"https:\/\/www.24baires.com\/?p=120426","title":{"rendered":"El empleo formal y registrado acumula 35 meses consecutivos de crecimiento"},"content":{"rendered":"<p><img data-recalc-dims=\"1\" loading=\"lazy\" decoding=\"async\" class=\"aligncenter wp-image-119856\" src=\"https:\/\/i0.wp.com\/www.24baires.com\/wp-content\/uploads\/2023\/03\/industriajpg.jpg?resize=720%2C479\" alt=\"\" width=\"720\" height=\"479\" srcset=\"https:\/\/i0.wp.com\/www.24baires.com\/wp-content\/uploads\/2023\/03\/industriajpg.jpg?w=887&amp;ssl=1 887w, https:\/\/i0.wp.com\/www.24baires.com\/wp-content\/uploads\/2023\/03\/industriajpg.jpg?resize=300%2C200&amp;ssl=1 300w, https:\/\/i0.wp.com\/www.24baires.com\/wp-content\/uploads\/2023\/03\/industriajpg.jpg?resize=768%2C511&amp;ssl=1 768w\" sizes=\"auto, (max-width: 720px) 100vw, 720px\" \/>Los datos del Sistema Integrado Previsional Argentino se\u00f1alan que entre diciembre de 2019 y junio de 2023, m\u00e1s de un 1,1 mill\u00f3n de personas se incorporaron al trabajo formal en todas sus modalidades. En el primer semestre de este a\u00f1o, el empleo asalariado formal en el sector privado creci\u00f3 1,6%.<!--more--><\/p>\n<p>El empleo asalariado registrado del sector privado cumplil\u00f3 en junio 35 meses de crecimiento consecutivo, seg\u00fan los datos del Sistema Integrado Previsional Argentino (SIPA) conocidos este viernes.<\/p>\n<p>A lo largo de este per\u00edodo, se incorporaron m\u00e1s de 586 mil personas a puestos de trabajo asalariados registrados privados, precis\u00f3 la cartera laboral en su Panorama mensual del Trabajo Registrado.<\/p>\n<p>En junio y julio, tanto el empleo asalariado registrado privado como el total del trabajo registrado mantienen la tendencia expansiva que se presenta a partir de la recuperaci\u00f3n de los efectos contractivos provocados por la pandemia, agreg\u00f3.<\/p>\n<p>El total del trabajo registrado en el sistema de seguridad social tambi\u00e9n muestra una expansi\u00f3n significativa: entre diciembre de 2019 y junio de 2023, m\u00e1s de un 1,1 mill\u00f3n de personas se incorporaron al trabajo formal en todas sus modalidades.<\/p>\n<p>Asimismo, a pesar de la aceleraci\u00f3n inflacionaria, el poder adquisitivo de los salarios del empleo en relaci\u00f3n de dependencia registrado privado se mantuvo constante (incluso la mediana salarial present\u00f3 un leve crecimiento del 0,5%), destac\u00f3 el trabajo.<\/p>\n<p>Seg\u00fan los datos del SIPA, el empleo asalariado formal en el sector privado de Argentina creci\u00f3 0,3% en junio con respecto al mes anterior, incremento que se tradujo en la incorporaci\u00f3n de 17 mil personas al mercado de trabajo.<\/p>\n<p>En el primer semestre, el empleo asalariado formal en el sector privado de Argentina creci\u00f3 1,6%, lo que representa la inclusi\u00f3n de alrededor de 100 mil personas a puestos de trabajo asalariados registrado del sector privado.<\/p>\n<p>Con la expansi\u00f3n de junio, el empleo asalariado formal en el sector privado de Argentina acumula 35 meses de crecimiento sostenido, desde agosto de 2020, per\u00edodo en el que se han incorporado m\u00e1s de 586 mil personas.<\/p>\n<p>Esta fase representa el per\u00edodo de crecimiento del empleo m\u00e1s prolongado en los \u00faltimos 14 a\u00f1os; y, en junio, el empleo asalariado formal en el sector privado de Argentina alcanz\u00f3 su nivel m\u00e1s alto desde que se inici\u00f3 la serie estad\u00edstica en 2009.<\/p>\n","protected":false},"excerpt":{"rendered":"<p>Los datos del Sistema Integrado Previsional Argentino se\u00f1alan que entre diciembre de 2019 y junio de 2023, m\u00e1s de un 1,1 mill\u00f3n de personas se incorporaron al trabajo formal en todas sus modalidades. En el primer semestre de este a\u00f1o, el empleo asalariado formal en el sector privado creci\u00f3 1,6%.<\/p>\n","protected":false},"author":4,"featured_media":0,"comment_status":"closed","ping_status":"closed","sticky":false,"template":"","format":"standard","meta":{"_jetpack_newsletter_access":"","_jetpack_dont_email_post_to_subs":false,"_jetpack_newsletter_tier_id":0,"_jetpack_memberships_contains_paywalled_content":false,"_jetpack_memberships_contains_paid_content":false,"footnotes":""},"categories":[45],"tags":[],"class_list":["post-120426","post","type-post","status-publish","format-standard","hentry","category-economia"],"jetpack_featured_media_url":"","jetpack_shortlink":"https:\/\/wp.me\/p2JWE0-vkm","jetpack-related-posts":[{"id":119192,"url":"https:\/\/www.24baires.com\/?p=119192","url_meta":{"origin":120426,"position":0},"title":"La econom\u00eda sigui\u00f3 creando puestos de trabajo formales en el sector privado","author":"AF","date":"05\/08\/2022","format":false,"excerpt":"Desde enero 2021 hasta mayo de 2022, 300.000 personas accedieron a un puesto de trabajo formal en empresas privadas, de acuerdo a la Encuesta de Indicadores Laborales. El empleo asalariado registrado privado creci\u00f3 en mayo 0,4% mensual, seg\u00fan el Sistema Integrado Previsional Argentino (SIPA), porcentaje que se replica en junio,\u2026","rel":"","context":"En \u00abEconom\u00eda\u00bb","block_context":{"text":"Econom\u00eda","link":"https:\/\/www.24baires.com\/?cat=45"},"img":{"alt_text":"","src":"https:\/\/i0.wp.com\/www.24baires.com\/wp-content\/uploads\/2022\/08\/62ed1fd37c0a8_900.jpg?resize=350%2C200","width":350,"height":200,"srcset":"https:\/\/i0.wp.com\/www.24baires.com\/wp-content\/uploads\/2022\/08\/62ed1fd37c0a8_900.jpg?resize=350%2C200 1x, https:\/\/i0.wp.com\/www.24baires.com\/wp-content\/uploads\/2022\/08\/62ed1fd37c0a8_900.jpg?resize=525%2C300 1.5x, https:\/\/i0.wp.com\/www.24baires.com\/wp-content\/uploads\/2022\/08\/62ed1fd37c0a8_900.jpg?resize=700%2C400 2x"},"classes":[]},{"id":120732,"url":"https:\/\/www.24baires.com\/?p=120732","url_meta":{"origin":120426,"position":1},"title":"Provincia cumpli\u00f3 30 meses consecutivos de crecimiento del empleo en el sector privado","author":"GB","date":"07\/12\/2023","format":false,"excerpt":"Seg\u00fan cifras oficiales, hasta septiembre se hab\u00edan incorporado m\u00e1s de 60 mil personas al mercado laboral. Los indicadores de empleo de la provincia de Buenos Aires siguen d\u00e1ndole buenas noticias a la gesti\u00f3n de Axel Kicillof. Los datos actualizados hasta septiembre muestran que el noveno mes del a\u00f1o fue trig\u00e9simo\u2026","rel":"","context":"En \u00abProvincia\u00bb","block_context":{"text":"Provincia","link":"https:\/\/www.24baires.com\/?cat=40"},"img":{"alt_text":"","src":"https:\/\/i0.wp.com\/www.24baires.com\/wp-content\/uploads\/2021\/11\/busqueda-laboral-empleo-trabajojpg.jpg?resize=350%2C200","width":350,"height":200,"srcset":"https:\/\/i0.wp.com\/www.24baires.com\/wp-content\/uploads\/2021\/11\/busqueda-laboral-empleo-trabajojpg.jpg?resize=350%2C200 1x, https:\/\/i0.wp.com\/www.24baires.com\/wp-content\/uploads\/2021\/11\/busqueda-laboral-empleo-trabajojpg.jpg?resize=525%2C300 1.5x, https:\/\/i0.wp.com\/www.24baires.com\/wp-content\/uploads\/2021\/11\/busqueda-laboral-empleo-trabajojpg.jpg?resize=700%2C400 2x"},"classes":[]},{"id":107599,"url":"https:\/\/www.24baires.com\/?p=107599","url_meta":{"origin":120426,"position":2},"title":"Hay casi cinco millones de trabajadores \u201cen negro\u201d en todo el pa\u00eds","author":"GB","date":"10\/04\/2019","format":false,"excerpt":"El Instituto Nacional de Estad\u00edstica y Censos (Indec) dio a conocer que en el tercer trimestre de 2018 los empleos asalariados no registrados alcanzaron a 4.850.000. El Instituto Nacional de Estad\u00edstica y Censos (Indec) difundi\u00f3 datos correspondientes al tercer trimestre del 2018 y confirm\u00f3 que los empleos asalariados no registrados\u2026","rel":"","context":"En \u00abPol\u00edtica\u00bb","block_context":{"text":"Pol\u00edtica","link":"https:\/\/www.24baires.com\/?cat=51"},"img":{"alt_text":"","src":"https:\/\/i0.wp.com\/www.24baires.com\/wp-content\/uploads\/2014\/02\/trabajo.jpg?resize=350%2C200","width":350,"height":200,"srcset":"https:\/\/i0.wp.com\/www.24baires.com\/wp-content\/uploads\/2014\/02\/trabajo.jpg?resize=350%2C200 1x, https:\/\/i0.wp.com\/www.24baires.com\/wp-content\/uploads\/2014\/02\/trabajo.jpg?resize=525%2C300 1.5x"},"classes":[]},{"id":120537,"url":"https:\/\/www.24baires.com\/?p=120537","url_meta":{"origin":120426,"position":3},"title":"El empleo formal en la Provincia acumula meses de crecimiento","author":"GB","date":"06\/10\/2023","format":false,"excerpt":"El ministro de Hacienda y Finanzas de la Provincia, Pablo L\u00f3pez, destac\u00f3 el crecimiento del empleo formal en territorio bonaerense. Conoc\u00e9 las cifras oficiales. El Ministerio de Hacienda y Finanzas de la provincia de Buenos Aires, dio a conocer las cifras del empleo registrado el cual viene creciendo ininterrumpidamente desde\u2026","rel":"","context":"En \u00abProvincia\u00bb","block_context":{"text":"Provincia","link":"https:\/\/www.24baires.com\/?cat=40"},"img":{"alt_text":"","src":"https:\/\/i0.wp.com\/www.24baires.com\/wp-content\/uploads\/2016\/05\/pymes.jpg?resize=350%2C200","width":350,"height":200,"srcset":"https:\/\/i0.wp.com\/www.24baires.com\/wp-content\/uploads\/2016\/05\/pymes.jpg?resize=350%2C200 1x, https:\/\/i0.wp.com\/www.24baires.com\/wp-content\/uploads\/2016\/05\/pymes.jpg?resize=525%2C300 1.5x, https:\/\/i0.wp.com\/www.24baires.com\/wp-content\/uploads\/2016\/05\/pymes.jpg?resize=700%2C400 2x"},"classes":[]},{"id":120448,"url":"https:\/\/www.24baires.com\/?p=120448","url_meta":{"origin":120426,"position":4},"title":"La Provincia lleva 27 meses consecutivos de crecimiento en el empleo privado","author":"GB","date":"08\/09\/2023","format":false,"excerpt":"El ministro de Hacienda y Finanzas, Pablo L\u00f3pez, inform\u00f3 que desde el inicio de la gesti\u00f3n de Axel Kicillof se sumaron 132.000 trabajadores al sector. El ministro de Hacienda y Finanzas bonaerense, Pablo L\u00f3pez, inform\u00f3 que la Provincia lleva 27 meses consecutivos de crecimiento en el empleo asalariado registrado privado.\u2026","rel":"","context":"En \u00abProvincia\u00bb","block_context":{"text":"Provincia","link":"https:\/\/www.24baires.com\/?cat=40"},"img":{"alt_text":"","src":"https:\/\/i0.wp.com\/www.24baires.com\/wp-content\/uploads\/2021\/11\/busqueda-laboral-empleo-trabajojpg.jpg?resize=350%2C200","width":350,"height":200,"srcset":"https:\/\/i0.wp.com\/www.24baires.com\/wp-content\/uploads\/2021\/11\/busqueda-laboral-empleo-trabajojpg.jpg?resize=350%2C200 1x, https:\/\/i0.wp.com\/www.24baires.com\/wp-content\/uploads\/2021\/11\/busqueda-laboral-empleo-trabajojpg.jpg?resize=525%2C300 1.5x, https:\/\/i0.wp.com\/www.24baires.com\/wp-content\/uploads\/2021\/11\/busqueda-laboral-empleo-trabajojpg.jpg?resize=700%2C400 2x"},"classes":[]},{"id":103056,"url":"https:\/\/www.24baires.com\/?p=103056","url_meta":{"origin":120426,"position":5},"title":"El sector fabril destruy\u00f3 3700 puestos en abril","author":"AF","date":"28\/06\/2018","format":false,"excerpt":"El Ministerio de Trabajo inform\u00f3 que la industria achic\u00f3 su dotaci\u00f3n de personal. Sobre 29 meses de gobierno de Macri, el empleo en las f\u00e1bricas cay\u00f3 en 27. Monotributistas y contrataciones en el sector p\u00fablico lo compensaron. La industria manufacturera profundiz\u00f3 en abril la p\u00e9rdida de empleos. Seg\u00fan datos presentados\u2026","rel":"","context":"En \u00abEconom\u00eda\u00bb","block_context":{"text":"Econom\u00eda","link":"https:\/\/www.24baires.com\/?cat=45"},"img":{"alt_text":"","src":"https:\/\/i0.wp.com\/www.24baires.com\/wp-content\/uploads\/2018\/05\/industriales.jpg?resize=350%2C200","width":350,"height":200,"srcset":"https:\/\/i0.wp.com\/www.24baires.com\/wp-content\/uploads\/2018\/05\/industriales.jpg?resize=350%2C200 1x, https:\/\/i0.wp.com\/www.24baires.com\/wp-content\/uploads\/2018\/05\/industriales.jpg?resize=525%2C300 1.5x"},"classes":[]}],"jetpack_sharing_enabled":true,"jetpack_likes_enabled":true,"_links":{"self":[{"href":"https:\/\/www.24baires.com\/index.php?rest_route=\/wp\/v2\/posts\/120426","targetHints":{"allow":["GET"]}}],"collection":[{"href":"https:\/\/www.24baires.com\/index.php?rest_route=\/wp\/v2\/posts"}],"about":[{"href":"https:\/\/www.24baires.com\/index.php?rest_route=\/wp\/v2\/types\/post"}],"author":[{"embeddable":true,"href":"https:\/\/www.24baires.com\/index.php?rest_route=\/wp\/v2\/users\/4"}],"replies":[{"embeddable":true,"href":"https:\/\/www.24baires.com\/index.php?rest_route=%2Fwp%2Fv2%2Fcomments&post=120426"}],"version-history":[{"count":1,"href":"https:\/\/www.24baires.com\/index.php?rest_route=\/wp\/v2\/posts\/120426\/revisions"}],"predecessor-version":[{"id":120427,"href":"https:\/\/www.24baires.com\/index.php?rest_route=\/wp\/v2\/posts\/120426\/revisions\/120427"}],"wp:attachment":[{"href":"https:\/\/www.24baires.com\/index.php?rest_route=%2Fwp%2Fv2%2Fmedia&parent=120426"}],"wp:term":[{"taxonomy":"category","embeddable":true,"href":"https:\/\/www.24baires.com\/index.php?rest_route=%2Fwp%2Fv2%2Fcategories&post=120426"},{"taxonomy":"post_tag","embeddable":true,"href":"https:\/\/www.24baires.com\/index.php?rest_route=%2Fwp%2Fv2%2Ftags&post=120426"}],"curies":[{"name":"wp","href":"https:\/\/api.w.org\/{rel}","templated":true}]}}