{"id":120421,"date":"2023-08-30T12:09:41","date_gmt":"2023-08-30T15:09:41","guid":{"rendered":"http:\/\/www.24baires.com\/?p=120421"},"modified":"2023-08-30T12:09:41","modified_gmt":"2023-08-30T15:09:41","slug":"con-aumentos-del-30-renovaron-el-precios-justos-carne","status":"publish","type":"post","link":"https:\/\/www.24baires.com\/?p=120421","title":{"rendered":"Con aumentos del 30%, renovaron el Precios Justos Carne"},"content":{"rendered":"<p><img data-recalc-dims=\"1\" loading=\"lazy\" decoding=\"async\" class=\"aligncenter wp-image-78704\" src=\"https:\/\/i0.wp.com\/www.24baires.com\/wp-content\/uploads\/2016\/02\/carnicer%C3%ADa.jpg?resize=720%2C404\" alt=\"\" width=\"720\" height=\"404\" srcset=\"https:\/\/i0.wp.com\/www.24baires.com\/wp-content\/uploads\/2016\/02\/carnicer%C3%ADa.jpg?w=560&amp;ssl=1 560w, https:\/\/i0.wp.com\/www.24baires.com\/wp-content\/uploads\/2016\/02\/carnicer%C3%ADa.jpg?resize=300%2C168&amp;ssl=1 300w\" sizes=\"auto, (max-width: 720px) 100vw, 720px\" \/><br \/>\nLa Secretar\u00eda de Comercio lleg\u00f3 a un acuerdo con supermercados, carnicer\u00edas y empresas exportadoras para renovar el programa Precios Justos Carne.<!--more--><\/p>\n<p>Secretar\u00eda de Comercio de la Naci\u00f3n cerr\u00f3 un acuerdo sectorial para actualizar el programa Precios Justos de la carne. Los siete cortes incluidos en el esquema lanzado por primera vez en febrero deber\u00e1n venderse en supermercados, hipermercados y carnicer\u00edas. Los valores tuvieron un aumento de poco m\u00e1s del 30% respecto a abril.<\/p>\n<p>Seg\u00fan se inform\u00f3 oficialmente, el kilo de asado estar\u00e1 a $1.396, el de nalga a $1.854, el de matambre a $1.767, el de vac\u00edo a $1.823, el de falda a $909, el de paleta a $1.500 y el de tapa de asado $1.396. La cartera que lidera Mat\u00edas Tombolini explic\u00f3 que estos precios deber\u00e1n mantenerse estables hasta el 15 de septiembre.<\/p>\n<p>La renovaci\u00f3n del Precios Justos Carne era el \u00faltimo sector que faltaba luego de la devaluaci\u00f3n del 14 de agosto. Desde ese d\u00eda, se dispuso un equipo de negociaci\u00f3n espec\u00edfico abocado a cerrar estos acuerdos de precios. En este caso, se firm\u00f3 con las exportadoras nucleadas en las c\u00e1maras ABC, UNICA y FIFRA, los supermercados e hipermercados de las c\u00e1maras ASU, CAS y FASA y carnicer\u00edas adheridas.<\/p>\n<p>En abril, el kilo de asado deb\u00eda ofrecerse a $1.068 por kilo, el de nalga a $1.419, el de matambre a $1.352, el de vac\u00edo a $1.394, el de falda a $697, el de paleta a $1.149 y el de tapa de asado a $1.068<\/p>\n","protected":false},"excerpt":{"rendered":"<p>La Secretar\u00eda de Comercio lleg\u00f3 a un acuerdo con supermercados, carnicer\u00edas y empresas exportadoras para renovar el programa Precios Justos Carne.<\/p>\n","protected":false},"author":8,"featured_media":0,"comment_status":"closed","ping_status":"closed","sticky":false,"template":"","format":"standard","meta":{"_jetpack_newsletter_access":"","_jetpack_dont_email_post_to_subs":false,"_jetpack_newsletter_tier_id":0,"_jetpack_memberships_contains_paywalled_content":false,"_jetpack_memberships_contains_paid_content":false,"footnotes":""},"categories":[78],"tags":[],"class_list":["post-120421","post","type-post","status-publish","format-standard","hentry","category-consumidores"],"jetpack_featured_media_url":"","jetpack_shortlink":"https:\/\/wp.me\/p2JWE0-vkh","jetpack-related-posts":[{"id":119995,"url":"https:\/\/www.24baires.com\/?p=119995","url_meta":{"origin":120421,"position":0},"title":"Extendieron por todo abril los Precios Justos en la carne","author":"GB","date":"12\/04\/2023","format":false,"excerpt":"Tras un ajuste del 3,2% los 7 cortes de carne incluidos en el programa Precios Justos seguir\u00e1n, al menos, hasta fin de mes. La inflaci\u00f3n mensual de febrero (6,6%) estuvo impulsada principalmente por el aumento del precio de la carne. Con esto en mente, el gobierno nacional decidi\u00f3 extender aquellas\u2026","rel":"","context":"En \u00abConsumidores\u00bb","block_context":{"text":"Consumidores","link":"https:\/\/www.24baires.com\/?cat=78"},"img":{"alt_text":"","src":"https:\/\/i0.wp.com\/www.24baires.com\/wp-content\/uploads\/2016\/02\/carnicer%C3%ADa.jpg?resize=350%2C200","width":350,"height":200,"srcset":"https:\/\/i0.wp.com\/www.24baires.com\/wp-content\/uploads\/2016\/02\/carnicer%C3%ADa.jpg?resize=350%2C200 1x, https:\/\/i0.wp.com\/www.24baires.com\/wp-content\/uploads\/2016\/02\/carnicer%C3%ADa.jpg?resize=525%2C300 1.5x, https:\/\/i0.wp.com\/www.24baires.com\/wp-content\/uploads\/2016\/02\/carnicer%C3%ADa.jpg?resize=700%2C400 2x"},"classes":[]},{"id":107737,"url":"https:\/\/www.24baires.com\/?p=107737","url_meta":{"origin":120421,"position":1},"title":"La Asociaci\u00f3n de Carnicer\u00edas considera que ser\u00e1 \u00abmuy dif\u00edcil\u00bb cumplir con el acuerdo de precios del Gobierno","author":"GB","date":"21\/04\/2019","format":false,"excerpt":"Lo advirti\u00f3 el titular de la entidad que agrupa a las carnicer\u00edas porte\u00f1as, al tiempo que enumer\u00f3 una lista de fallas en el plan oficial con el que se pretende ofrecer cortes a precio m\u00e1s barato, entre ellos la concentraci\u00f3n de la venta en el Mercado Central y la no\u2026","rel":"","context":"En \u00abConsumidores\u00bb","block_context":{"text":"Consumidores","link":"https:\/\/www.24baires.com\/?cat=78"},"img":{"alt_text":"","src":"https:\/\/i0.wp.com\/www.24baires.com\/wp-content\/uploads\/2015\/12\/carniceria.jpg?resize=350%2C200","width":350,"height":200,"srcset":"https:\/\/i0.wp.com\/www.24baires.com\/wp-content\/uploads\/2015\/12\/carniceria.jpg?resize=350%2C200 1x, https:\/\/i0.wp.com\/www.24baires.com\/wp-content\/uploads\/2015\/12\/carniceria.jpg?resize=525%2C300 1.5x"},"classes":[]},{"id":116898,"url":"https:\/\/www.24baires.com\/?p=116898","url_meta":{"origin":120421,"position":2},"title":"Desde este s\u00e1bado se vender\u00e1n cortes parrilleros de carne a bajo precio","author":"AF","date":"16\/12\/2020","format":false,"excerpt":"La secretaria de Comercio Interior, Paula Espa\u00f1ol, confirm\u00f3 que este s\u00e1bado saldr\u00e1n a la venta los tres cortes de carne que forman parte del acuerdo del Gobierno. La secretaria de Comercio Interior, Paula Espa\u00f1ol, anunci\u00f3 este mi\u00e9rcoles que a partir de este s\u00e1bado se vender\u00e1n los cortes de carne parrilleros\u2026","rel":"","context":"En \u00abSociedad\u00bb","block_context":{"text":"Sociedad","link":"https:\/\/www.24baires.com\/?cat=1"},"img":{"alt_text":"","src":"https:\/\/i0.wp.com\/www.24baires.com\/wp-content\/uploads\/2016\/07\/carne.jpg?resize=350%2C200","width":350,"height":200,"srcset":"https:\/\/i0.wp.com\/www.24baires.com\/wp-content\/uploads\/2016\/07\/carne.jpg?resize=350%2C200 1x, https:\/\/i0.wp.com\/www.24baires.com\/wp-content\/uploads\/2016\/07\/carne.jpg?resize=525%2C300 1.5x"},"classes":[]},{"id":116845,"url":"https:\/\/www.24baires.com\/?p=116845","url_meta":{"origin":120421,"position":3},"title":"El gobierno cerr\u00f3 acuerdos con los frigor\u00edficos para bajar el precio de algunos cortes de carne","author":"GB","date":"09\/12\/2020","format":false,"excerpt":"La medida ser\u00e1 anunciada este mi\u00e9rcoles, y busca mitigar el fuerte aumento que sufri\u00f3 la carne en el \u00faltimo a\u00f1o. Todav\u00eda no hubo precisiones sobre los precios a los que se ofrecer\u00e1n el asado, el vac\u00edo y el matambre. Este mi\u00e9rcoles el gobierno nacional anunciar\u00e1 un acuerdo con el Consorcio\u2026","rel":"","context":"En \u00abConsumidores\u00bb","block_context":{"text":"Consumidores","link":"https:\/\/www.24baires.com\/?cat=78"},"img":{"alt_text":"","src":"https:\/\/i0.wp.com\/www.24baires.com\/wp-content\/uploads\/2016\/07\/carne.jpg?resize=350%2C200","width":350,"height":200,"srcset":"https:\/\/i0.wp.com\/www.24baires.com\/wp-content\/uploads\/2016\/07\/carne.jpg?resize=350%2C200 1x, https:\/\/i0.wp.com\/www.24baires.com\/wp-content\/uploads\/2016\/07\/carne.jpg?resize=525%2C300 1.5x"},"classes":[]},{"id":117723,"url":"https:\/\/www.24baires.com\/?p=117723","url_meta":{"origin":120421,"position":4},"title":"Escandaloso: el precio de la carne aument\u00f3 m\u00e1s del 75% en el \u00faltimo a\u00f1o","author":"GB","date":"08\/06\/2021","format":false,"excerpt":"Seg\u00fan un informe del IPCVA el valor de la carne super\u00f3 los niveles de inflaci\u00f3n mensual e interanual. El valor de la carne se dispar\u00f3 un 76,2% durante mayo, en comparaci\u00f3n al mismo mes del a\u00f1o pasado, seg\u00fan un informe del Instituto de Promoci\u00f3n de la Carne Vacuna Argentina (IPCVA).\u2026","rel":"","context":"En \u00abEconom\u00eda\u00bb","block_context":{"text":"Econom\u00eda","link":"https:\/\/www.24baires.com\/?cat=45"},"img":{"alt_text":"","src":"https:\/\/i0.wp.com\/www.24baires.com\/wp-content\/uploads\/2021\/05\/carne.jpg?resize=350%2C200","width":350,"height":200,"srcset":"https:\/\/i0.wp.com\/www.24baires.com\/wp-content\/uploads\/2021\/05\/carne.jpg?resize=350%2C200 1x, https:\/\/i0.wp.com\/www.24baires.com\/wp-content\/uploads\/2021\/05\/carne.jpg?resize=525%2C300 1.5x"},"classes":[]},{"id":104447,"url":"https:\/\/www.24baires.com\/?p=104447","url_meta":{"origin":120421,"position":5},"title":"En 2018 la carne lleva acumulado un aumento de m\u00e1s del 30%","author":"GB","date":"13\/09\/2018","format":false,"excerpt":"El dato surge de un informe del IPCVA, que relev\u00f3 200 carnicer\u00edas en Capital y Gran Buenos Aires. La mayor suba se registr\u00f3 en carne de novillo. El incremento en el precio de la hacienda en el Mercado de Liniers y la suba del d\u00f3lar se traslad\u00f3 a las carnicer\u00edas,\u2026","rel":"","context":"En \u00abConsumidores\u00bb","block_context":{"text":"Consumidores","link":"https:\/\/www.24baires.com\/?cat=78"},"img":{"alt_text":"","src":"https:\/\/i0.wp.com\/www.24baires.com\/wp-content\/uploads\/2016\/07\/carne.jpg?resize=350%2C200","width":350,"height":200,"srcset":"https:\/\/i0.wp.com\/www.24baires.com\/wp-content\/uploads\/2016\/07\/carne.jpg?resize=350%2C200 1x, https:\/\/i0.wp.com\/www.24baires.com\/wp-content\/uploads\/2016\/07\/carne.jpg?resize=525%2C300 1.5x"},"classes":[]}],"jetpack_sharing_enabled":true,"jetpack_likes_enabled":true,"_links":{"self":[{"href":"https:\/\/www.24baires.com\/index.php?rest_route=\/wp\/v2\/posts\/120421","targetHints":{"allow":["GET"]}}],"collection":[{"href":"https:\/\/www.24baires.com\/index.php?rest_route=\/wp\/v2\/posts"}],"about":[{"href":"https:\/\/www.24baires.com\/index.php?rest_route=\/wp\/v2\/types\/post"}],"author":[{"embeddable":true,"href":"https:\/\/www.24baires.com\/index.php?rest_route=\/wp\/v2\/users\/8"}],"replies":[{"embeddable":true,"href":"https:\/\/www.24baires.com\/index.php?rest_route=%2Fwp%2Fv2%2Fcomments&post=120421"}],"version-history":[{"count":1,"href":"https:\/\/www.24baires.com\/index.php?rest_route=\/wp\/v2\/posts\/120421\/revisions"}],"predecessor-version":[{"id":120422,"href":"https:\/\/www.24baires.com\/index.php?rest_route=\/wp\/v2\/posts\/120421\/revisions\/120422"}],"wp:attachment":[{"href":"https:\/\/www.24baires.com\/index.php?rest_route=%2Fwp%2Fv2%2Fmedia&parent=120421"}],"wp:term":[{"taxonomy":"category","embeddable":true,"href":"https:\/\/www.24baires.com\/index.php?rest_route=%2Fwp%2Fv2%2Fcategories&post=120421"},{"taxonomy":"post_tag","embeddable":true,"href":"https:\/\/www.24baires.com\/index.php?rest_route=%2Fwp%2Fv2%2Ftags&post=120421"}],"curies":[{"name":"wp","href":"https:\/\/api.w.org\/{rel}","templated":true}]}}