{"id":120416,"date":"2023-08-29T21:40:03","date_gmt":"2023-08-30T00:40:03","guid":{"rendered":"http:\/\/www.24baires.com\/?p=120416"},"modified":"2023-08-29T21:40:03","modified_gmt":"2023-08-30T00:40:03","slug":"multaran-a-empresas-que-no-paguen-el-bono-anunciado-por-massa","status":"publish","type":"post","link":"https:\/\/www.24baires.com\/?p=120416","title":{"rendered":"Multar\u00e1n a empresas que no paguen el bono anunciado por Massa"},"content":{"rendered":"<p><img data-recalc-dims=\"1\" loading=\"lazy\" decoding=\"async\" class=\"aligncenter wp-image-120417\" src=\"https:\/\/i0.wp.com\/www.24baires.com\/wp-content\/uploads\/2023\/08\/WhatsApp-Image-2023-08-29-at-21.38.07.jpeg?resize=720%2C405\" alt=\"\" width=\"720\" height=\"405\" srcset=\"https:\/\/i0.wp.com\/www.24baires.com\/wp-content\/uploads\/2023\/08\/WhatsApp-Image-2023-08-29-at-21.38.07.jpeg?w=1200&amp;ssl=1 1200w, https:\/\/i0.wp.com\/www.24baires.com\/wp-content\/uploads\/2023\/08\/WhatsApp-Image-2023-08-29-at-21.38.07.jpeg?resize=300%2C169&amp;ssl=1 300w, https:\/\/i0.wp.com\/www.24baires.com\/wp-content\/uploads\/2023\/08\/WhatsApp-Image-2023-08-29-at-21.38.07.jpeg?resize=1024%2C576&amp;ssl=1 1024w, https:\/\/i0.wp.com\/www.24baires.com\/wp-content\/uploads\/2023\/08\/WhatsApp-Image-2023-08-29-at-21.38.07.jpeg?resize=768%2C432&amp;ssl=1 768w\" sizes=\"auto, (max-width: 720px) 100vw, 720px\" \/>La ministra de Trabajo convoc\u00f3 a los gremios a \u00abacompa\u00f1ar\u00bb e \u00abidentificar a las empresas\u00bb que no cumplan con las medidas anunciadas por el ministro de Econom\u00eda. Su par de Desarrollo Social, as\u00ed como la titular de la ANSES y de la AFIP, ampliaron el detalle de las medidas dadas a conocer el domingo.<!--more--><\/p>\n<p>La ministra de Trabajo, Raquel &#8216;Kelly&#8217; Olmos, convoc\u00f3 hoy a los gremios a \u00abacompa\u00f1ar\u00bb las medidas anunciadas por su par de Econom\u00eda, Sergio Massa, y les pidi\u00f3 su participaci\u00f3n para \u00abidentificar a las empresas\u00bb que no cumplan con el pago del bono de 60 mil pesos para trabajadores y trabajadoras, a las que \u00abse aplicar\u00e1n multas\u00bb.<\/p>\n<p>Olmos tambi\u00e9n se\u00f1al\u00f3 que quienes reciban el beneficio no podr\u00e1n comprar d\u00f3lares, al ampliar detalles en declaraciones a diferentes radios sobre la medida que fue apoyada por funcionarios e intendentes y cuestionada desde la oposici\u00f3n.<\/p>\n<p>\u00abLas empresas que no paguen tendr\u00e1n una infracci\u00f3n. Van a tener que pagar -el bono- y encima una multa\u00bb, dijo a la radio online Futurock y record\u00f3 que existen canales para realizar denuncias an\u00f3nimas si se verifican casos de incumplimientos por parte de los empresarios.<\/p>\n<p>Olmos sostuvo que \u00abes necesario el acompa\u00f1amiento de los gremios para identificar a las empresas\u00bb que incumplen con las medidas anunciadas. \u00abLas cr\u00edticas de CAME (Confederaci\u00f3n Argentina de la Mediana Empresa) y dem\u00e1s c\u00e1maras o empresarios son leg\u00edtimas, aunque algunos salen a declarar antes de analizar, por una cuesti\u00f3n de prejuicio\u00bb, sostuvo la titular de la cartera laboral en declaraciones formuladas a Radio Provincia.<\/p>\n<p>Consultada sobre si los trabajadores que perciban el bono quedar\u00e1n imposibilitados de adquirir d\u00f3lares, Olmos respondi\u00f3: \u00abNo podr\u00e1n comprar. En los casos de recursos que pone el Estado, nosotros queremos que esto no vaya a la brecha -cambiaria en el mercado de divisas-, queremos que vaya al consumo\u00bb, remarc\u00f3 en declaraciones a la radio online Urbana Play.<\/p>\n<p>En el paquete de anuncios realizados por el ministro de Econom\u00eda y candidato a presidente de Uni\u00f3n por la Patria (UxP) el domingo \u00faltimo, se incluy\u00f3 el pago de una suma fija de 60.000 pesos en dos cuotas para trabajadores y trabajadoras del sector p\u00fablico y privado con ingresos netos menores a 400.000 pesos.<\/p>\n<p>El jefe de Gabinete y candidato a vicepresidente por UxP, Agust\u00edn Rossi, afirm\u00f3 hoy que le \u00absorprende la falta de solidaridad\u00bb manifestada por empresarios ante las medidas anunciadas por el Gobierno nacional y critic\u00f3 la \u00abhipocres\u00eda notable\u00bb expresada por los candidatos a presidente de La Libertad Avanza (LLA), Javier Milei, y de Juntos por el Cambio (JxC), Patricia Bullrich.<\/p>\n<p>\u00abNosotros tomamos las medidas sabiendo que hab\u00eda que direccionar la acci\u00f3n del Estado sobre aquellos sectores a los que la devaluaci\u00f3n impuesta por el FMI m\u00e1s hab\u00eda afectado al generar un salto de precios. Me sorprende la falta de solidaridad de determinados sectores que despu\u00e9s de la pandemia vienen teniendo ganancias muy altas\u00bb, afirm\u00f3 Rossi en declaraciones a radio El Destape<\/p>\n<p>\u00abMe resultan hip\u00f3critas las actitudes de Milei como de Bullrich. Bullrich fue parte del Gobierno de (el expresidente Mauricio) Macri que trajo al FMI y Milei no para de reivindicarlo. Que los que trajeron el FMI y celebraron su regreso critiquen medidas que se toman para paliar la devaluaci\u00f3n impuesta resulta de una hipocres\u00eda notable\u00bb, remarc\u00f3.<\/p>\n<p>Rossi dijo que en estas elecciones \u00abhay tres candidatos, pero dos proyectos\u00bb y que mientras Macri \u00abes el l\u00edder pol\u00edtico de Cambiemos\u00bb, al mismo tiempo es \u00abpunto de referencia\u00bb de Milei, entre quienes \u00abno terminan de brindarse elogios\u00bb.<\/p>\n<p>La ministra de Desarrollo Social, Victoria Tolosa Paz, asegur\u00f3 que el Gobierno tom\u00f3 \u00abmedidas que tienen que ver con mejorar la calidad de vida de los trabajadores. Argentina tiene que poder continuar el sendero de la producci\u00f3n\u00bb, dijo en declaraciones a Radio 10.<\/p>\n<p>Ayer, la ministra ratific\u00f3 el refuerzo extraordinario sobre la Tarjeta Alimentar y un bono de $20.000 para los beneficiarios del plan Potenciar Trabajo como parte de la bater\u00eda de medidas anunciadas el domingo pasado por Massa. \u00abEs un alivio. Tuvimos una devaluaci\u00f3n impuesta por el FMI que buscamos compensar para que la canasta b\u00e1sica est\u00e9 al alcance de los sectores m\u00e1s vulnerables\u00bb, a\u00f1adi\u00f3 Tolosa Paz.<\/p>\n","protected":false},"excerpt":{"rendered":"<p>La ministra de Trabajo convoc\u00f3 a los gremios a \u00abacompa\u00f1ar\u00bb e \u00abidentificar a las empresas\u00bb que no cumplan con las medidas anunciadas por el ministro de Econom\u00eda. Su par de Desarrollo Social, as\u00ed como la titular de la ANSES y de la AFIP, ampliaron el detalle de las medidas dadas a conocer el domingo.<\/p>\n","protected":false},"author":4,"featured_media":0,"comment_status":"closed","ping_status":"closed","sticky":false,"template":"","format":"standard","meta":{"_jetpack_newsletter_access":"","_jetpack_dont_email_post_to_subs":false,"_jetpack_newsletter_tier_id":0,"_jetpack_memberships_contains_paywalled_content":false,"_jetpack_memberships_contains_paid_content":false,"footnotes":""},"categories":[1],"tags":[],"class_list":["post-120416","post","type-post","status-publish","format-standard","hentry","category-sociedad"],"jetpack_featured_media_url":"","jetpack_shortlink":"https:\/\/wp.me\/p2JWE0-vkc","jetpack-related-posts":[{"id":120413,"url":"https:\/\/www.24baires.com\/?p=120413","url_meta":{"origin":120416,"position":0},"title":"M\u00e1s de 6 millones de trabajadores privados y p\u00fablicos recibir\u00e1n una suma fija","author":"AF","date":"28\/08\/2023","format":false,"excerpt":"El Gobierno comenz\u00f3 a detallar el alcance de las medidas anunciadas por Sergio Massa. Respecto del pago de la suma fija, el Ejecutivo asumir\u00e1 el 100% en el caso de las micro-empresas y el 50% para las pymes, mediante el pago a cuenta de contribuciones patronales. Luego de la bater\u00eda\u2026","rel":"","context":"En \u00abSociedad\u00bb","block_context":{"text":"Sociedad","link":"https:\/\/www.24baires.com\/?cat=1"},"img":{"alt_text":"","src":"https:\/\/i0.wp.com\/www.24baires.com\/wp-content\/uploads\/2023\/08\/massa.webp?resize=350%2C200","width":350,"height":200,"srcset":"https:\/\/i0.wp.com\/www.24baires.com\/wp-content\/uploads\/2023\/08\/massa.webp?resize=350%2C200 1x, https:\/\/i0.wp.com\/www.24baires.com\/wp-content\/uploads\/2023\/08\/massa.webp?resize=525%2C300 1.5x, https:\/\/i0.wp.com\/www.24baires.com\/wp-content\/uploads\/2023\/08\/massa.webp?resize=700%2C400 2x"},"classes":[]},{"id":119631,"url":"https:\/\/www.24baires.com\/?p=119631","url_meta":{"origin":120416,"position":1},"title":"Los trabajadores formales cobrar\u00e1n un bono de fin de a\u00f1o de 24 mil pesos","author":"AF","date":"14\/12\/2022","format":false,"excerpt":"La suma ser\u00e1 abonada en diciembre por \u00fanica vez. Tambien los titulares del programa Potenciar Trabajo cobrar\u00e1n un bono de 13.500 pesos en dos cuotas. El Gobierno anunci\u00f3 el pago de un bono de 13.500 pesos en dos cuotas para los beneficiarios del plan Potenciar Trabajo y otro de 24.000\u2026","rel":"","context":"En \u00abSociedad\u00bb","block_context":{"text":"Sociedad","link":"https:\/\/www.24baires.com\/?cat=1"},"img":{"alt_text":"","src":"https:\/\/i0.wp.com\/www.24baires.com\/wp-content\/uploads\/2019\/02\/trabajador.jpg?resize=350%2C200","width":350,"height":200,"srcset":"https:\/\/i0.wp.com\/www.24baires.com\/wp-content\/uploads\/2019\/02\/trabajador.jpg?resize=350%2C200 1x, https:\/\/i0.wp.com\/www.24baires.com\/wp-content\/uploads\/2019\/02\/trabajador.jpg?resize=525%2C300 1.5x, https:\/\/i0.wp.com\/www.24baires.com\/wp-content\/uploads\/2019\/02\/trabajador.jpg?resize=700%2C400 2x"},"classes":[]},{"id":120519,"url":"https:\/\/www.24baires.com\/?p=120519","url_meta":{"origin":120416,"position":2},"title":"Massa celebr\u00f3 ley que modifica ganancias y pidi\u00f3 apoyo para la de devoluci\u00f3n del IVA","author":"AF","date":"29\/09\/2023","format":false,"excerpt":"El ministro de Econom\u00eda y candidato presidencial de Uni\u00f3n por la Patria (UxP), Sergio Massa, consider\u00f3 hoy como \"un paso fundamental\" contra \"la injusticia\" la eliminaci\u00f3n de la cuarta categor\u00eda del impuesto a las Ganancias, al destacar la sanci\u00f3n de la ley que elimin\u00f3 ese gravamen, y pidi\u00f3 \"apoyo\" para\u2026","rel":"","context":"En \u00abPol\u00edtica\u00bb","block_context":{"text":"Pol\u00edtica","link":"https:\/\/www.24baires.com\/?cat=51"},"img":{"alt_text":"","src":"https:\/\/i0.wp.com\/www.24baires.com\/wp-content\/uploads\/2023\/09\/massa.jpg?resize=350%2C200","width":350,"height":200,"srcset":"https:\/\/i0.wp.com\/www.24baires.com\/wp-content\/uploads\/2023\/09\/massa.jpg?resize=350%2C200 1x, https:\/\/i0.wp.com\/www.24baires.com\/wp-content\/uploads\/2023\/09\/massa.jpg?resize=525%2C300 1.5x, https:\/\/i0.wp.com\/www.24baires.com\/wp-content\/uploads\/2023\/09\/massa.jpg?resize=700%2C400 2x"},"classes":[]},{"id":119521,"url":"https:\/\/www.24baires.com\/?p=119521","url_meta":{"origin":120416,"position":3},"title":"A pesar de la conciliaci\u00f3n obligatoria, hay paro de trenes","author":"GB","date":"08\/11\/2022","format":false,"excerpt":"Trenes Argentinos confirm\u00f3 que no hay servicio en toda el \u00c1rea Metropolitana de Buenos Aires porque la medida afecta al Tren Sarmiento. El Sindicato de Conductores de Trenes conocido como La Fraternidad anunci\u00f3 ayer un paro nacional \"por los jubilados y pensionados\". La medida de fuerza que afecta al servicio\u2026","rel":"","context":"En \u00abSociedad\u00bb","block_context":{"text":"Sociedad","link":"https:\/\/www.24baires.com\/?cat=1"},"img":{"alt_text":"","src":"https:\/\/i0.wp.com\/www.24baires.com\/wp-content\/uploads\/2015\/04\/trenes.jpg?resize=350%2C200","width":350,"height":200,"srcset":"https:\/\/i0.wp.com\/www.24baires.com\/wp-content\/uploads\/2015\/04\/trenes.jpg?resize=350%2C200 1x, https:\/\/i0.wp.com\/www.24baires.com\/wp-content\/uploads\/2015\/04\/trenes.jpg?resize=525%2C300 1.5x, https:\/\/i0.wp.com\/www.24baires.com\/wp-content\/uploads\/2015\/04\/trenes.jpg?resize=700%2C400 2x"},"classes":[]},{"id":103448,"url":"https:\/\/www.24baires.com\/?p=103448","url_meta":{"origin":120416,"position":4},"title":"Trabajo mult\u00f3 a Moyano por $800 millones por ignorar una conciliaci\u00f3n","author":"AF","date":"19\/07\/2018","format":false,"excerpt":"El argumento fue que la dirigencia de Camioneros ignor\u00f3 una medida judicial de diciembre del a\u00f1o pasado. El Ministerio de Trabajo le impuso una multa de casi $810 millones al gremio de Camioneros este jueves por no cumplir con una conciliaci\u00f3n obligatoria que fue dictada el 26 de diciembre del\u2026","rel":"","context":"En \u00abPol\u00edtica\u00bb","block_context":{"text":"Pol\u00edtica","link":"https:\/\/www.24baires.com\/?cat=51"},"img":{"alt_text":"","src":"https:\/\/i0.wp.com\/www.24baires.com\/wp-content\/uploads\/2018\/01\/macri-moyano.jpg?resize=350%2C200","width":350,"height":200,"srcset":"https:\/\/i0.wp.com\/www.24baires.com\/wp-content\/uploads\/2018\/01\/macri-moyano.jpg?resize=350%2C200 1x, https:\/\/i0.wp.com\/www.24baires.com\/wp-content\/uploads\/2018\/01\/macri-moyano.jpg?resize=525%2C300 1.5x"},"classes":[]},{"id":120469,"url":"https:\/\/www.24baires.com\/?p=120469","url_meta":{"origin":120416,"position":5},"title":"Massa anunci\u00f3 la devoluci\u00f3n del IVA para monotributistas, jubilados y trabajadores","author":"GB","date":"14\/09\/2023","format":false,"excerpt":"El ministro de Econom\u00eda, Sergio Massa, anunci\u00f3 nuevas medidas econ\u00f3micas que beneficiar\u00e1n a monotributistas, jubilados y trabajadores que no pagan Ganancias. Luego de conocerse la inflaci\u00f3n de agosto, el ministro de Econom\u00eda de la Naci\u00f3n y candidato a la presidencia por Uni\u00f3n por la Patria, Sergio Massa, anunci\u00f3 una serie\u2026","rel":"","context":"En \u00abEconom\u00eda\u00bb","block_context":{"text":"Econom\u00eda","link":"https:\/\/www.24baires.com\/?cat=45"},"img":{"alt_text":"","src":"https:\/\/i0.wp.com\/www.24baires.com\/wp-content\/uploads\/2023\/08\/massa.webp?resize=350%2C200","width":350,"height":200,"srcset":"https:\/\/i0.wp.com\/www.24baires.com\/wp-content\/uploads\/2023\/08\/massa.webp?resize=350%2C200 1x, https:\/\/i0.wp.com\/www.24baires.com\/wp-content\/uploads\/2023\/08\/massa.webp?resize=525%2C300 1.5x, https:\/\/i0.wp.com\/www.24baires.com\/wp-content\/uploads\/2023\/08\/massa.webp?resize=700%2C400 2x"},"classes":[]}],"jetpack_sharing_enabled":true,"jetpack_likes_enabled":true,"_links":{"self":[{"href":"https:\/\/www.24baires.com\/index.php?rest_route=\/wp\/v2\/posts\/120416","targetHints":{"allow":["GET"]}}],"collection":[{"href":"https:\/\/www.24baires.com\/index.php?rest_route=\/wp\/v2\/posts"}],"about":[{"href":"https:\/\/www.24baires.com\/index.php?rest_route=\/wp\/v2\/types\/post"}],"author":[{"embeddable":true,"href":"https:\/\/www.24baires.com\/index.php?rest_route=\/wp\/v2\/users\/4"}],"replies":[{"embeddable":true,"href":"https:\/\/www.24baires.com\/index.php?rest_route=%2Fwp%2Fv2%2Fcomments&post=120416"}],"version-history":[{"count":1,"href":"https:\/\/www.24baires.com\/index.php?rest_route=\/wp\/v2\/posts\/120416\/revisions"}],"predecessor-version":[{"id":120418,"href":"https:\/\/www.24baires.com\/index.php?rest_route=\/wp\/v2\/posts\/120416\/revisions\/120418"}],"wp:attachment":[{"href":"https:\/\/www.24baires.com\/index.php?rest_route=%2Fwp%2Fv2%2Fmedia&parent=120416"}],"wp:term":[{"taxonomy":"category","embeddable":true,"href":"https:\/\/www.24baires.com\/index.php?rest_route=%2Fwp%2Fv2%2Fcategories&post=120416"},{"taxonomy":"post_tag","embeddable":true,"href":"https:\/\/www.24baires.com\/index.php?rest_route=%2Fwp%2Fv2%2Ftags&post=120416"}],"curies":[{"name":"wp","href":"https:\/\/api.w.org\/{rel}","templated":true}]}}